{"id":4417,"date":"2018-03-21T04:08:54","date_gmt":"2018-03-21T03:08:54","guid":{"rendered":"http:\/\/lemotdujour.fr\/?p=4417"},"modified":"2021-10-17T11:46:17","modified_gmt":"2021-10-17T09:46:17","slug":"mercredi-21-mars-2018","status":"publish","type":"post","link":"https:\/\/lemotdujour.fr\/?p=4417","title":{"rendered":"Mercredi 21 mars 2018"},"content":{"rendered":"<div class=\"mdjTexte\">\t\u00ab&nbsp;S\u2019il y a bien un producteur de fake news \u00e0 contr\u00f4ler c\u2019est l\u2019Etat. Et l\u2019Etat de son propre pays&nbsp;\u00bb<\/div>\n<div class=\"mdjAuteur\">\tEmmanuel Todd<\/div>\n<p><span style=\"color: #777777; font-family: Arial;\">Emmanuel Macron <span style=\"color: #0000ff;\"><a style=\"color: #0000ff;\" href=\"https:\/\/www.lesechos.fr\/tech-medias\/medias\/0301099896848-macron-annonce-une-loi-contre-les-fausses-nouvelles-2142233.php\">a annonc\u00e9 le 3 janvier<\/a><\/span>, lors de ses v\u0153ux \u00e0 la Presse, qu&rsquo;un \u00ab texte de loi \u00bb allait \u00eatre d\u00e9pos\u00e9 \u00ab prochainement \u00bb pour lutter contre les fausses infos sur internet en \u00ab p\u00e9riode \u00e9lectorale \u00bb.<br \/>\n<\/span><\/p>\n<p><span style=\"color: #777777; font-family: Arial;\">Il estime avoir \u00e9t\u00e9 victime de campagnes de d\u00e9sinformation sur Internet lorsqu&rsquo;il \u00e9tait candidat \u00e0 l&rsquo;Elys\u00e9e. D&rsquo;apr\u00e8s le chef de L\u2019\u00c9tat, cette Loi serait n\u00e9cessaire pour prot\u00e9ger la vie d\u00e9mocratique<br \/>\n<\/span><\/p>\n<p><span style=\"color: #777777; font-family: Arial;\">Il semble que, comme sur les autres sujets, il veut aller tr\u00e8s vite. Plusieurs Media affirment que la Loi est pr\u00eate.<br \/>\n<\/span><\/p>\n<p><span style=\"color: #777777; font-family: Arial;\">Est-ce vraiment une bonne id\u00e9e, et devant un probl\u00e8me r\u00e9el penser que la meilleure r\u00e9ponse est une Loi ?<br \/>\n<\/span><\/p>\n<p><span style=\"color: #777777; font-family: Arial;\">C&rsquo;est justement la question que pose l&rsquo;Express&nbsp;: \u00ab&nbsp;<a href=\"https:\/\/www.lexpress.fr\/actualite\/medias\/une-loi-sur-les-fake-news-est-elle-vraiment-utile_1973387.html\"><span style=\"color: #0000ff;\">Une loi sur les \u00ab\u00a0fake news\u00a0\u00bb est-elle utile ?<\/span>&nbsp;<\/a>\u00bb qui rappelle qu&rsquo;il existe d\u00e9j\u00e0 des lois&nbsp;:<br \/>\n<\/span><\/p>\n<p style=\"margin-left: 28pt;\"><span style=\"color: #c00000; font-family: Arial;\">La volont\u00e9 de l\u00e9gif\u00e9rer sur les <em>fake news <\/em>n&rsquo;est pas tout \u00e0 fait nouvelle. La loi du 29 juillet 1881 relative \u00e0 la<span style=\"color: #0000ff;\"> <a style=\"color: #0000ff;\" href=\"https:\/\/www.lexpress.fr\/actualite\/medias\/le-nouvel-executif-a-t-il-un-probleme-avec-la-liberte-de-la-presse_1917328.html\" target=\"_self\" rel=\"noopener\">libert\u00e9 de la presse<\/a> <\/span>permet de poursuivre les auteurs d&rsquo;injure ou diffamation [<em>soit le fait d&rsquo;imputer un fait qui nuise \u00e0 l&rsquo;honneur d&rsquo;un individu<\/em>]. Elle sanctionne \u00e9galement ceux qui tentent de \u00ab\u00a0troubler la paix publique\u00a0\u00bb en faisant de la d\u00e9sinformation.<br \/>\n<\/span><\/p>\n<p style=\"margin-left: 28pt;\"><span style=\"color: #c00000; font-family: Arial;\">Depuis les ann\u00e9es 2000, le code p\u00e9nal, lui, permet de condamner une personne qui diffuse des fausses informations dans le but de faire croire \u00e0 un <span style=\"color: #0000ff;\"><a style=\"color: #0000ff;\" href=\"https:\/\/www.lexpress.fr\/actualite\/societe\/justice\/le-projet-de-loi-antiterroriste-accuse-d-etre-un-etat-d-urgence-permanent_1946881.html\" target=\"_self\" rel=\"noopener\">attentat<\/a><\/span> (article 322-14), ou de compromettre la s\u00e9curit\u00e9 d&rsquo;un vol ou d&rsquo;un avion (article 224-8). Le code mon\u00e9taire et financier punit les <em>fake news<\/em> dont l&rsquo;objectif est d&rsquo;influencer le cours en bourse d&rsquo;une entreprise. Enfin, le code \u00e9lectoral, \u00e0 l&rsquo;article L97, indique que quiconque a \u00ab\u00a0surpris ou d\u00e9tourn\u00e9\u00a0\u00bb des suffrages en relayant des fausses nouvelles dans le contexte d&rsquo;une \u00e9lection encourt une peine d&#8217;emprisonnement.<br \/>\n<\/span><\/p>\n<p><span style=\"color: #777777; font-family: Arial;\">Emmanuel Todd a de nouveau commis une petite provocation lors d&rsquo;un entretien accord\u00e9 \u00e0 l&rsquo;Obs et publi\u00e9 le 11 mars 2018&nbsp;: \u00ab&nbsp;<a href=\"https:\/\/bibliobs.nouvelobs.com\/idees\/20180226.OBS2741\/emmanuel-todd-le-principal-producteur-de-fake-news-c-est-l-etat.html\"><span style=\"color: #0000ff;\">Le principal producteur de fake news, c&rsquo;est l&rsquo;Etat&nbsp;<\/span><\/a>\u00bb<br \/>\n<\/span><\/p>\n<p><span style=\"color: #777777; font-family: Arial;\">A la question de savoir ce qu&rsquo;il pense de ce projet de Loi, Emmanuel Todd R\u00e9pond&nbsp;:<br \/>\n<\/span><\/p>\n<p style=\"margin-left: 28pt;\"><span style=\"color: #c00000; font-family: Arial;\">\u00abJe suis tr\u00e8s inquiet. Ce qui me frappe dans la p\u00e9riode actuelle, alors que nous sommes cens\u00e9s vivre l&rsquo;apoth\u00e9ose de la d\u00e9mocratie lib\u00e9rale apr\u00e8s l&rsquo;effondrement des totalitarismes, c&rsquo;est le r\u00e9tr\u00e9cissement des espaces d&rsquo;expression et de la libert\u00e9 de pens\u00e9e. La libert\u00e9, depuis le Moyen Age, s&rsquo;est d&rsquo;abord d\u00e9finie contre l\u2019\u00c9glise et puis contre L\u2019\u00c9tat.<br \/>\n<\/span><\/p>\n<p style=\"margin-left: 28pt;\"><span style=\"color: #c00000; font-family: Arial;\">Dire que L\u2019\u00c9tat va assurer la libert\u00e9 d&rsquo;expression, c&rsquo;est un oxymore historique !<br \/>\n<\/span><\/p>\n<p style=\"margin-left: 28pt;\"><span style=\"color: #c00000; font-family: Arial;\">Et je suis plus particuli\u00e8rement inquiet pour la France, en tant qu&rsquo;historien, parce qu&rsquo;elle est ambivalente dans son rapport \u00e0 la libert\u00e9: elle est \u00e0 la fois l&rsquo;une des trois nations qui ont construit la d\u00e9mocratie lib\u00e9rale, avec l&rsquo;Angleterre et les Etats-Unis, et le pays de l&rsquo;absolutisme de Louis XIV, de Napol\u00e9on Ier et Napol\u00e9on III, de P\u00e9tain et de l&rsquo;ORTF.<br \/>\n<\/span><\/p>\n<p style=\"margin-left: 28pt;\"><span style=\"color: #c00000; font-family: Arial;\">Or nous sommes en train de vivre une d\u00e9sint\u00e9gration des partis et de la repr\u00e9sentation politique. Les groupes culturels et id\u00e9ologiques antagonistes qui assuraient un pluralisme structurel de l&rsquo;information (le PC, l\u2019\u00c9glise, le socialisme mod\u00e9r\u00e9, le gaullisme&#8230;) ont implos\u00e9. Le pluralisme n&rsquo;est donc plus assur\u00e9 et les m\u00e9dias repr\u00e9sentent de plus en plus une masse indistincte. Typiquement le genre de situation dans laquelle l&rsquo;Etat peut \u00e9merger comme une machine autonome et se mettre au-dessus de la soci\u00e9t\u00e9, pour la contr\u00f4ler.<br \/>\n<\/span><\/p>\n<p style=\"margin-left: 28pt;\"><span style=\"color: #c00000; font-family: Arial;\">La s\u00e9paration des pouvoirs est de moins en moins assur\u00e9e. La menace que je vois se dessiner ce n&rsquo;est donc pas celle des fake news, mais celle de l&rsquo;autoritarisme de l\u2019\u00c9tat et son autonomisation en tant qu&rsquo;agent de contr\u00f4le de l&rsquo;opinion. Il sera d&rsquo;autant plus autoritaire sur le plan de l&rsquo;information qu&rsquo;il s&rsquo;av\u00e8re impuissant sur le plan \u00e9conomique: la soci\u00e9t\u00e9 est bloqu\u00e9e, avec son taux de ch\u00f4mage tournant autour de 10%, et de plus en plus fragment\u00e9e en groupes qui se renferment sur eux-m\u00eames (les Corses, les habitants de Neuilly, autant que les musulmans).&nbsp;\u00bb<br \/>\n<\/span><\/p>\n<p><span style=\"color: #777777; font-family: Arial;\">Et lorsque le journaliste cherche \u00e0 d\u00e9tourner Emmanuel Todd de l&rsquo;Etat vers la responsabilit\u00e9 des GAFAM, il conteste et revient vers l\u2019\u00c9tat :<br \/>\n<\/span><\/p>\n<p style=\"margin-left: 28pt;\"><span style=\"color: #c00000; font-family: Arial;\">\u00ab&nbsp;Que les Gafam ne paient pas les imp\u00f4ts qu&rsquo;ils devraient, qu&rsquo;ils aient des strat\u00e9gies monopolistes, oui, bien s\u00fbr. Mais je ne crois pas que ces moyens d&rsquo;\u00e9change entre individus, par ailleurs extraordinaires quant \u00e0 leur capacit\u00e9 \u00e0 faire circuler l&rsquo;information, soient les puissances occultes qu&rsquo;on nous d\u00e9crit. Ce que je sais en revanche, c&rsquo;est qu&rsquo;il y a des pays o\u00f9 l&rsquo;acc\u00e8s \u00e0 internet est contr\u00f4l\u00e9, comme la Chine, un Etat semi ou post-totalitaire o\u00f9 la police est reine.<br \/>\n<\/span><\/p>\n<p style=\"margin-left: 28pt;\"><span style=\"color: #c00000; font-family: Arial;\">Attirer l&rsquo;attention sur les Gafam, c&rsquo;est d\u00e9tourner l&rsquo;attention de l&rsquo;acteur majeur et producteur principal de fake news dans l&rsquo;histoire, qu&rsquo;est l&rsquo;Etat. Parce que nous sommes en \u00e9conomie de march\u00e9, les Fran\u00e7ais surestiment le lib\u00e9ralisme intrins\u00e8que de leur soci\u00e9t\u00e9 et ils sous-estiment la puissance de d\u00e9sinformation de l&rsquo;Etat. La guerre d&rsquo;Irak a pourtant commenc\u00e9 par des fake news qui venaient de l&rsquo;Etat am\u00e9ricain sur les armes de destruction massive en Irak, avec Colin Powell qui agitait son petit flacon devant le conseil de s\u00e9curit\u00e9 de l&rsquo;ONU&#8230;<br \/>\n<\/span><\/p>\n<p style=\"margin-left: 28pt;\"><span style=\"color: #c00000; font-family: Arial;\">C&rsquo;est l\u2019\u00c9tat qui a la puissance financi\u00e8re, l&rsquo;avantage de la continuit\u00e9, le monopole de la violence l\u00e9gitime: <strong>s&rsquo;il y a bien un producteur de fake news \u00e0 contr\u00f4ler c&rsquo;est l\u2019\u00c9tat. Et l\u2019\u00c9tat de son propre pays<\/strong>, pas les \u00c9tats ext\u00e9rieurs. Le principe fondateur de la d\u00e9mocratie lib\u00e9rale, c&rsquo;est, en effet, que si la collectivit\u00e9 doit assurer la s\u00e9curit\u00e9 du citoyen, le citoyen doit \u00eatre prot\u00e9g\u00e9 contre son propre Etat.<br \/>\n<\/span><\/p>\n<p style=\"margin-left: 28pt;\"><span style=\"color: #c00000; font-family: Arial;\">En outre, les fausses nouvelles, les d\u00e9lires et les rumeurs mensong\u00e8res, c&rsquo;est l&rsquo;\u00e9ternit\u00e9 de la vie d\u00e9mocratique. Et l&rsquo;id\u00e9e m\u00eame de la d\u00e9mocratie lib\u00e9rale, c&rsquo;est de faire le pari que les hommes ne sont pas pour toujours des enfants. Contr\u00f4ler l&rsquo;information, c&rsquo;est infantiliser le citoyen.<br \/>\n<\/span><\/p>\n<p style=\"margin-left: 28pt;\"><span style=\"color: #c00000; font-family: Arial;\">Au fond, ce d\u00e9bat \u00e9voque des classes dirigeantes en grande d\u00e9tresse intellectuelle. Comme elles ne comprennent plus la r\u00e9alit\u00e9 qu&rsquo;elles ont elles-m\u00eames cr\u00e9\u00e9e, le comportement des \u00e9lectorats, Trump, le Brexit&#8230;, elles veulent interdire. Non content d&rsquo;avoir le monopole de la violence l\u00e9gitime, l&rsquo;Etat voudrait s&rsquo;assurer le monopole des fake news.&nbsp;\u00bb<br \/>\n<\/span><\/p>\n<p><a href=\"https:\/\/www.francetvinfo.fr\/politique\/affaire\/financement-de-la-campagne-de-sarkozy\/edwy-plenel-la-liberte-na-pas-besoin-que-letat-sen-mele_2654948.html\"><span style=\"font-family: Arial;\"><span style=\"color: #0000ff;\">&lt;Edward Plenel est sur ce m\u00eame registre : La libert\u00e9 n&rsquo;a pas besoin que l&rsquo;Etat s&rsquo;en m\u00eale&gt;<\/span><\/span><\/a><span style=\"color: #777777; font-family: Arial;\">&nbsp;et le patron de Mediapart de rappeler&nbsp;:<br \/>\n<\/span><\/p>\n<p style=\"margin-left: 28pt;\"><span style=\"color: #c00000; font-family: Arial;\">\u00ab&nbsp;Que Nicolas Sarkozy avait accus\u00e9 Mediapart de \u00ab\u00a0faux et usage de faux\u00a0\u00bb apr\u00e8s la publication de r\u00e9v\u00e9lations sur le financement de sa campagne \u00e9lectorale de 2007. Ces r\u00e9v\u00e9lations \u00e9taient sorties entre les deux tours de la pr\u00e9sidentielles de 2012, mais Edwy Plenel se d\u00e9fend de toute <em>\u00ab\u00a0gestion partisane de nos informations\u00a0\u00bb<\/em>. Il souligne que, malgr\u00e9 ses accusations, Nicolas Sarkozy avait choisi de ne pas poursuivre Mediapart en justice, <em>\u00ab\u00a0\u00e0 la loyale\u00a0\u00bb<\/em>, ce qui aurait permis au pure player d&rsquo;apporter des \u00e9l\u00e9ments de preuves pour \u00e9tayer ce qu&rsquo;ils avaient publi\u00e9.<br \/>\n<\/span><\/p>\n<p style=\"margin-left: 28pt;\"><span style=\"color: #c00000; font-family: Arial;\">Un \u00ab contournement&nbsp;\u00bb que faciliterait la nouvelle loi, selon le fondateur de Mediapart.&nbsp; Il s&rsquo;inqui\u00e8te du risque de pression politique et partisane du pouvoir ex\u00e9cutif sur d&rsquo;\u00e9ventuelles poursuites judiciaires, qui stopperait la diffusion de r\u00e9v\u00e9lations pendant la p\u00e9riode de campagne \u00e9lectorale.&nbsp;\u00bb<br \/>\n<\/span><\/p>\n<p><span style=\"color: #777777; font-family: Arial;\">Probablement que cette loi sur les fake news est une fausse bonne id\u00e9e qui risque d&rsquo;avoir plus d&rsquo;effet pervers que d&rsquo;effet positif.<br \/>\n<\/span><\/p>\n<p><span style=\"color: #777777; font-family: Arial;\">Il est certain comme le fait remarquer Emmanuel Todd qu&rsquo;au cours de l&rsquo;Histoire, dans tous les pays du monde, le plus grand producteur de fake news fut l\u2019\u00c9tat \u00e0 l&rsquo;\u00e9gard de ses nationaux.<br \/>\n<\/span><\/p>\n<p><span style=\"color: #c00000; font-family: Arial;\">&lt;1041&gt;<br \/>\n<\/span><\/p>\n","protected":false},"excerpt":{"rendered":"<p>\u00ab&nbsp;S\u2019il y a bien un producteur de fake news \u00e0 contr\u00f4ler c\u2019est l\u2019Etat. Et l\u2019Etat de son propre pays&nbsp;\u00bb Emmanuel Todd Emmanuel Macron a annonc\u00e9 le 3 janvier, lors de ses v\u0153ux \u00e0 la Presse, qu&rsquo;un \u00ab texte de loi<\/p>\n","protected":false},"author":1,"featured_media":0,"comment_status":"open","ping_status":"closed","sticky":false,"template":"","format":"standard","meta":{"footnotes":""},"categories":[1],"tags":[15,41,32],"class_list":["post-4417","post","type-post","status-publish","format-standard","hentry","category-motdujour","tag-france","tag-liberte","tag-numerique"],"_links":{"self":[{"href":"https:\/\/lemotdujour.fr\/index.php?rest_route=\/wp\/v2\/posts\/4417","targetHints":{"allow":["GET"]}}],"collection":[{"href":"https:\/\/lemotdujour.fr\/index.php?rest_route=\/wp\/v2\/posts"}],"about":[{"href":"https:\/\/lemotdujour.fr\/index.php?rest_route=\/wp\/v2\/types\/post"}],"author":[{"embeddable":true,"href":"https:\/\/lemotdujour.fr\/index.php?rest_route=\/wp\/v2\/users\/1"}],"replies":[{"embeddable":true,"href":"https:\/\/lemotdujour.fr\/index.php?rest_route=%2Fwp%2Fv2%2Fcomments&post=4417"}],"version-history":[{"count":7,"href":"https:\/\/lemotdujour.fr\/index.php?rest_route=\/wp\/v2\/posts\/4417\/revisions"}],"predecessor-version":[{"id":12344,"href":"https:\/\/lemotdujour.fr\/index.php?rest_route=\/wp\/v2\/posts\/4417\/revisions\/12344"}],"wp:attachment":[{"href":"https:\/\/lemotdujour.fr\/index.php?rest_route=%2Fwp%2Fv2%2Fmedia&parent=4417"}],"wp:term":[{"taxonomy":"category","embeddable":true,"href":"https:\/\/lemotdujour.fr\/index.php?rest_route=%2Fwp%2Fv2%2Fcategories&post=4417"},{"taxonomy":"post_tag","embeddable":true,"href":"https:\/\/lemotdujour.fr\/index.php?rest_route=%2Fwp%2Fv2%2Ftags&post=4417"}],"curies":[{"name":"wp","href":"https:\/\/api.w.org\/{rel}","templated":true}]}}