{"id":440,"date":"2017-02-22T01:00:00","date_gmt":"2017-02-21T22:00:00","guid":{"rendered":"http:\/\/lemotdujour.fr\/?p=440"},"modified":"2022-07-21T23:16:57","modified_gmt":"2022-07-21T21:16:57","slug":"mercredi-22-fevrier-2017","status":"publish","type":"post","link":"https:\/\/lemotdujour.fr\/?p=440","title":{"rendered":"Mercredi 22 f\u00e9vrier 2017"},"content":{"rendered":"<div class=\"mdjTexte\">\u00ab\u00a0La guerre civile globale\u00a0\u00bb<\/div>\n<div class=\"mdjAuteur\">Mishra Pankaj<\/div>\n<p><span style=\"color: #777777; font-family: Arial;\">Le concept de guerre civile globale est extrait de <strong>\u00ab Age of Anger<\/strong> \u00bb (\u00e2ge de la col\u00e8re) qui est un livre d&rsquo;un romancier d&rsquo;origine indienne, <strong>Mishra Pankaj<\/strong> qui selon \u00ab <strong>Le Point <\/strong>\u00bb est l&rsquo;essai le plus comment\u00e9 en ce d\u00e9but d&rsquo;ann\u00e9e dans le monde anglo-saxon.<br \/>\n<\/span><\/p>\n<p><span style=\"color: #777777; font-family: Arial;\">Ce livre dont le sous-titre est \u00ab <strong>Une histoire des temps pr\u00e9sents<\/strong> \u00bb n&rsquo;est pas encore traduit en fran\u00e7ais, mais le magazine Le Point a publi\u00e9 une longue interview de cet auteur qui analyse notre pr\u00e9sent non comme un choc des civilisations mais comme une explosion de col\u00e8re n\u00e9e d&rsquo;une intense frustration : &lt;<span style=\"color: #0000ff;\"><a style=\"color: #0000ff;\" href=\"https:\/\/www.lepoint.fr\/debats\/pankaj-mishra-vers-la-guerre-civile-mondialisee-16-02-2017-2105369_2.php\">vers la guerre civile mondialis\u00e9e ?<\/a><\/span>&gt;<br \/>\n<\/span><\/p>\n<p><img loading=\"lazy\" decoding=\"async\" class=\"alignleft\" src=\"https:\/\/lemotdujour.fr\/wp-content\/uploads\/2022\/07\/072122_1901_Lundixxmars1.jpg\" alt=\"\" width=\"289\" height=\"339\" align=\"left\" \/><span style=\"color: #777777; font-family: Arial;\">Sa th\u00e8se c&rsquo;est que sympt\u00f4mes que nous percevons (Election de Trump, \u00e9closion des populismes, des r\u00e9gimes autoritaires et des manifestations de nationalismes et de x\u00e9nophobie sont le signe d&rsquo;une \u00ab guerre civile globale \u00bb opposant une \u00e9lite cosmopolite et lib\u00e9rale \u00e0 des masses frustr\u00e9es de ne pas voir les fruits du progr\u00e8s tant vant\u00e9.<br \/>\n<\/span><\/p>\n<p><span style=\"color: #777777; font-family: Arial;\">Ses pr\u00e9visions sont peu optimistes, il pense que la col\u00e8re des masses ne va que s&rsquo;accro\u00eetre, car ses racines sont profondes.<br \/>\n<\/span><\/p>\n<p><span style=\"color: #777777; font-family: Arial;\">Le Point commente :<br \/>\n<\/span><\/p>\n<p style=\"margin-left: 28pt;\"><span style=\"color: #c00000; font-family: Arial;\">\u00ab D\u00e9rangeant et pessimiste, rempli de bruit et de fureur, cet Age of Anger est \u00e9minemment discutable, mais personne, m\u00eame pas le tr\u00e8s lib\u00e9ral The Economist, n&rsquo;a ni\u00e9 la puissance et l&rsquo;ampleur [de cet] essai \u00bb<br \/>\n<\/span><\/p>\n<p><span style=\"color: #777777; font-family: Arial;\">J&rsquo;en tire quelques extraits :<br \/>\n<\/span><\/p>\n<p style=\"margin-left: 28pt;\"><span style=\"color: #c00000; font-family: Arial;\">\u00ab Selon Pankaj Misrah, c&rsquo;est tout le programme des Lumi\u00e8res qui, d\u00e8s le d\u00e9part, contient un bug : en voulant fa\u00e7onner des individus libres, rationnels, mais soumis \u00e0 la comp\u00e9tition et au d\u00e9sir mim\u00e9tique, il porte en lui le virus du \u00ab ressentiment \u00bb\u00a0\u00bb.<br \/>\n<\/span><\/p>\n<p><span style=\"color: #777777; font-family: Arial;\">Tout se r\u00e9sume au fond \u00e0 <strong>l&rsquo;opposition entre Voltaire et Rousseau<\/strong>, r\u00e9unis au sein du Panth\u00e9on, mais dont la rivalit\u00e9 n&rsquo;a pas fini de faire des \u00e9mules.<br \/>\n<\/span><\/p>\n<p><span style=\"color: #777777; font-family: Arial;\">D&rsquo;un c\u00f4t\u00e9, le chantre de la raison et du lib\u00e9ralisme anglo-saxon, qu&rsquo;on qualifierait aujourd&rsquo;hui de membre d&rsquo;une \u00ab \u00e9lite \u00bb coup\u00e9e du peuple.<br \/>\n<\/span><\/p>\n<p><span style=\"color: #777777; font-family: Arial;\">De l&rsquo;autre, le rejet\u00e9 de la bonne soci\u00e9t\u00e9 parisienne, le paria parano\u00efaque qui a le premier annonc\u00e9 toutes les passions n\u00e9gatives que pouvait susciter la soci\u00e9t\u00e9 moderne.<br \/>\n<\/span><\/p>\n<p style=\"margin-left: 28pt;\"><span style=\"color: #c00000; font-family: Arial;\">\u00ab\u00a0C&rsquo;est triste de voir qu&rsquo;on r\u00e9chauffe [la] th\u00e9orie de la guerre des civilisations qui se fonde sur des diff\u00e9rences absolues culturelles et raciales\u2026 C&rsquo;est ce genre de pens\u00e9es qui motivent des personnes comme Stephen Bannon, le supr\u00e9matiste blanc conseillant Trump. Au contraire, mon livre tente d&rsquo;expliquer, en se basant sur le travail de Ren\u00e9 Girard, comment dans un monde moderne de plus en plus homog\u00e8ne l&rsquo;individualisme et le d\u00e9sir mim\u00e9tique sont la cl\u00e9 pour analyser une soci\u00e9t\u00e9 marchande universalis\u00e9e. Je cite Alexandre Herzen, le grand \u00e9crivain russe, et son affirmation que la civilisation occidentale moderne est une civilisation d&rsquo;une minorit\u00e9 privil\u00e9gi\u00e9e, qui prend part au \u00ab festin de la vie \u00bb, alors que les masses en sont les \u00ab invit\u00e9s ind\u00e9sirables \u00bb. Et cette guerre civile globale ne fait que s&rsquo;intensifier du fait de l&rsquo;uniformisation grandissante provoqu\u00e9e par la mondialisation.<\/span><span style=\"color: #c00000; font-family: Arial;\">[\u2026]<br \/>\n<\/span><\/p>\n<p style=\"margin-left: 28pt;\"><span style=\"color: #c00000; font-family: Arial;\">Mon livre se base sur une th\u00e8se historique : les pathologies politiques qu&rsquo;a connues l&rsquo;Europe \u00e0 la fin du XIXe si\u00e8cle en r\u00e9action au lib\u00e9ralisme, \u00e0 la d\u00e9mocratie et \u00e0 une croissance \u00e9conomique irr\u00e9guli\u00e8re sont aujourd&rsquo;hui devenues universelles. Depuis la fin de la guerre froide, nous avons connu trois d\u00e9cennies d&rsquo;un lib\u00e9ralisme extr\u00eame \u2013 souvent qualifi\u00e9 de n\u00e9o-lib\u00e9ralisme \u2013 qui a pourtant \u00e9t\u00e9 discr\u00e9dit\u00e9 par les d\u00e9sastres de la premi\u00e8re moiti\u00e9 du XXe si\u00e8cle. Que ce soit aujourd&rsquo;hui l&rsquo;implosion des \u00c9tats-nations en Asie ou en Afrique, le ralentissement des \u00e9conomies ou la hausse des in\u00e9galit\u00e9s en Europe, ces pathologies rappellent ce qu&rsquo;on a pour la premi\u00e8re fois observ\u00e9 \u00e0 la fin du XIXe si\u00e8cle : des d\u00e9magogues promettant le renouveau d&rsquo;une communaut\u00e9 nationale ou des terroristes anarchiques trouvant dans la violence non seulement une exp\u00e9rience esth\u00e9tique et existentielle, mais aussi une r\u00e9demption politique. Aujourd&rsquo;hui, ces pathologies se sont r\u00e9pandues partout dans le monde. Elles touchent autant des Indiens d\u00e9racin\u00e9s, ayant migr\u00e9 de zones rurales aux m\u00e9tropoles, que la classe moyenne am\u00e9ricaine d\u00e9laiss\u00e9e par un capitalisme globalis\u00e9 et opaque qu&rsquo;elle ne comprend plus. Dans les deux cas, ces gens se cherchent un ennemi facilement identifiable et qu&rsquo;on a sous la main : immigrants, femmes, \u00e9lites\u2026<br \/>\n<\/span><\/p>\n<p style=\"margin-left: 28pt;\"><span style=\"color: #c00000; font-family: Arial;\">[\u2026] Les gens, en th\u00e9orie, devraient \u00eatre plus libres, riches et mobiles que jamais\u2026<br \/>\n<\/span><\/p>\n<p style=\"margin-left: 28pt;\"><span style=\"color: #c00000; font-family: Arial;\">Qui dit \u00e7a ? Les id\u00e9ologues du n\u00e9o-lib\u00e9ralisme, qui ne cessent de nous r\u00e9p\u00e9ter, alors que les in\u00e9galit\u00e9s grandissent, qu&rsquo;une mar\u00e9e montante profite \u00e0 tout le monde, yachts de luxe comme fr\u00eales esquifs. Ce sont les fantasmes v\u00e9hicul\u00e9s par les \u00e9lites technocratiques, et leurs porte-voix dans la presse et sur les plateaux de t\u00e9l\u00e9vision. Mais aujourd&rsquo;hui, nous exp\u00e9rimentons les cons\u00e9quences toxiques de ces promesses fausses et extravagantes faites par les b\u00e9n\u00e9ficiaires de la mondialisation.<br \/>\n<\/span><\/p>\n<p style=\"margin-left: 28pt;\"><span style=\"color: #c00000; font-family: Arial;\">[\u2026] Aujourd&rsquo;hui, l&rsquo;\u00e8re de la mondialisation promet une citoyennet\u00e9 cosmopolite pour tous, mais n&rsquo;en d\u00e9livre dans les faits qu&rsquo;\u00e0 des \u00e9lites. Beaucoup se sentent donc flou\u00e9s. Du coup, l&rsquo;attrait du concept \u00ab peuple \u00bb est \u00e0 nouveau fort. Les gens recherchent une estime de soi \u00e0 travers un groupe d\u00e9fini par l&rsquo;ethnicit\u00e9, la religion, la race ou la culture. Et les politiques sont \u00e0 nouveau obs\u00e9d\u00e9s par l&rsquo;id\u00e9e de recr\u00e9er une unit\u00e9 id\u00e9ologique ou culturelle du peuple, et exclure tous ceux qui ne devraient pas y appartenir. [\u2026].<\/span><\/p>\n<p><span style=\"color: #777777; font-family: Arial;\">Le journaliste du Point essaye de ramener un peu de rationalit\u00e9 et de montrer qu&rsquo;il y a quand m\u00eame des progr\u00e8s, en rappelant qu&rsquo; \u00abEn 1981, 54 % de la population mondiale \u00e9tait dans l&rsquo;extr\u00eame pauvret\u00e9. Aujourd&rsquo;hui, c&rsquo;est moins de 10 %, selon la Banque mondiale. Les gens vivent plus longtemps, les maladies infectieuses ont connu des chutes remarquables et, alors qu&rsquo;en 1900 seuls 21 % de la population mondiale savaient lire, ils sont aujourd&rsquo;hui 86 %. N&rsquo;est-ce pas l\u00e0 des succ\u00e8s spectaculaires du progr\u00e8s, du lib\u00e9ralisme et de la mondialisation tant vilipend\u00e9s ?\u00bb. Le point appelle \u00e0 la rescousse Steven Pinker qui a montr\u00e9 que nous vivons l&rsquo;\u00e9poque la moins violente et la plus tol\u00e9rante de l&rsquo;histoire, gr\u00e2ce \u00e0 l&rsquo;essor de la raison, du commerce, du cosmopolitisme et de la f\u00e9minisation\u2026et que j&rsquo;avais \u00e9voqu\u00e9 lors du mot du jour du <span style=\"color: #0000ff;\">19 d\u00e9cembre 2016<\/span> : \u00ab <strong>dix raisons de se r\u00e9jouir de l&rsquo;avenir<\/strong> \u00bb\u00a0\u00bb<br \/>\n<\/span><\/p>\n<p><span style=\"color: #777777; font-family: Arial;\">Ces arguments n&rsquo;entament pas le pessimisme de Pankaj Misrah :<br \/>\n<\/span><\/p>\n<p style=\"margin-left: 28pt;\"><span style=\"color: #c00000; font-family: Arial;\">\u00ab Des pays comme l&rsquo;Inde et la Chine ne pouvaient que se refaire une sant\u00e9 apr\u00e8s ce qu&rsquo;ils ont connu avec l&rsquo;imp\u00e9rialisme occidental et la guerre civile. Et qu&rsquo;est-ce que la croissance chinoise, \u00e0 travers un capitalisme d&rsquo;\u00c9tat, a \u00e0 voir avec le lib\u00e9ralisme occidental ? De toute fa\u00e7on, il y a quelque chose de fallacieux dans ces succ\u00e8s quantifiables et ce progr\u00e8s irr\u00e9versible que vous pr\u00e9sentez. Est-ce qu&rsquo;une longue vie signifie qu&rsquo;elle est obligatoirement meilleure et plus gratifiante ? Les taux de mortalit\u00e9 ont baiss\u00e9, et ceux de l&rsquo;alphab\u00e9tisation sont en hausse, mais quid du ch\u00f4mage, du d\u00e9racinement, de la d\u00e9possession et de la d\u00e9gradation environnementale ? Une personne qui quitte son village pour aller travailler dans une m\u00e9tropole sort de la pauvret\u00e9 selon les statisticiens, mais quelles mesures avons-nous pour \u00e9valuer sa vie dans des villes o\u00f9 la pollution est importante et les loyers \u00e9lev\u00e9s, tandis que les conditions dans les bidonvilles sont extr\u00eamement brutales ? Ne soyons pas aveugl\u00e9s par les statistiques et les graphiques. Au XIXe si\u00e8cle, alors qu&rsquo;il y avait tr\u00e8s peu d&rsquo;\u00e9conomistes et de journalistes pour faire \u0153uvre de propagandistes, les romanciers ont d\u00e9crit ce qu&rsquo;ont vraiment co\u00fbt\u00e9 l&rsquo;industrialisation et l&rsquo;urbanisation. Cela vaut toujours la peine de lire Dickens et Zola pour comprendre ce qu&rsquo;actuellement beaucoup de personnes vivent en Inde et en Chine dans leur marche au progr\u00e8s. [\u2026]<br \/>\n<\/span><\/p>\n<p style=\"margin-left: 28pt;\"><span style=\"color: #c00000; font-family: Arial;\">L&rsquo;id\u00e9ologie de l&rsquo;\u00e9lite, les b\u00e9n\u00e9fices de la mondialisation sont les mieux d\u00e9fendus depuis les verts campus de l&rsquo;Ivy League, comme Harvard o\u00f9 travaille Monsieur Pinker. Des gens comme lui vous enrobent \u00e7a de statistiques nombreuses et impressionnantes, mais si vous regardez de plus pr\u00e8s, l&rsquo;analyse est tr\u00e8s mince. Les derni\u00e8res d\u00e9cennies semblent plus pacifiques essentiellement parce que les Europ\u00e9ens ont arr\u00eat\u00e9 de s&rsquo;entretuer \u00e0 large \u00e9chelle en 1945. Mais les g\u00e9nocides, les nettoyages ethniques ou les guerres qui d\u00e9truisent des millions de vies comme en Irak ou au Vietnam ne sont gu\u00e8re \u00e9loign\u00e9s dans le pass\u00e9. Et la probabilit\u00e9 que cela se produise \u00e0 nouveau n&rsquo;a jamais \u00e9t\u00e9 aussi grande apr\u00e8s l&rsquo;arriv\u00e9e \u00e0 la Maison-Blanche de racistes et de supr\u00e9matistes blancs. Je ne sais pas comment on peut croire \u00e0 la vision rose d&rsquo;un progr\u00e8s constant de l&rsquo;humanit\u00e9, d\u00e9fendue par Steven Pinker, alors m\u00eame qu&rsquo;un \u00ab troll \u00bb sur Twitter a acc\u00e8s \u00e0 l&rsquo;arme nucl\u00e9aire\u2026[\u2026]<br \/>\n<\/span><\/p>\n<p style=\"margin-left: 28pt;\"><span style=\"color: #c00000; font-family: Arial;\">Le projet moderne de l&rsquo;individualisme, tel qu&rsquo;il a \u00e9t\u00e9 d\u00e9fini au XVIIIe si\u00e8cle, est le projet utopique le plus radical de l&rsquo;histoire. \u00bb<br \/>\n<\/span><\/p>\n<p><span style=\"color: #777777; font-family: Arial;\">Il n&rsquo;y a qu&rsquo;une lueur d&rsquo;espoir dans son d\u00e9veloppement quand il \u00e9voque le pape Fran\u00e7ois.<br \/>\n<\/span><\/p>\n<p style=\"margin-left: 28pt;\"><span style=\"color: #c00000; font-family: Arial;\">\u00ab [\u2026] nous ferons tr\u00e8s certainement un pas en avant en reconnaissant que la foi dans le progr\u00e8s n&rsquo;est nullement diff\u00e9rente de la foi dans un dieu. Les deux n\u00e9cessitent une soumission plut\u00f4t qu&rsquo;un questionnement intellectuel. Par ailleurs, d&rsquo;aucune fa\u00e7on je ne fais r\u00e9f\u00e9rence \u00e0 une religion quand je salue le pape Fran\u00e7ois. Je souligne simplement sa compassion pour les faibles et le fait de ne pas voir la vie comme une comp\u00e9tition sans fin pour un statut social ou la richesse, mais plut\u00f4t de s&rsquo;ouvrir \u00e0 la confiance et la solidarit\u00e9. De telles aspirations sont l&rsquo;objet de la d\u00e9rision des \u00e9lites technocratiques, alors m\u00eame qu&rsquo;une majorit\u00e9 frustr\u00e9e et en col\u00e8re succombe \u00e0 la haine vomie par les d\u00e9magogues\u2026 \u00bb<br \/>\n<\/span><\/p>\n<p><span style=\"color: #777777; font-family: Arial;\">Nous avons compris que la mondialisation est la fin de la rente de l&rsquo;occident. Les in\u00e9galit\u00e9s entre pays ont globalement diminu\u00e9 mais les in\u00e9galit\u00e9s \u00e0 l&rsquo;int\u00e9rieur des pays occidentaux ont augment\u00e9. D&rsquo;o\u00f9 ce concept de guerre civile totale \u00e0 l&rsquo;int\u00e9rieur des pays, mais dans tous les pays.<br \/>\n<\/span><\/p>\n<p><span style=\"color: #777777; font-family: Arial;\">Je pense cependant que cet auteur est un peu trop pessimiste.<\/span><\/p>\n","protected":false},"excerpt":{"rendered":"<p>\u00ab\u00a0La guerre civile globale\u00a0\u00bb Mishra Pankaj Le concept de guerre civile globale est extrait de \u00ab Age of Anger \u00bb (\u00e2ge de la col\u00e8re) qui est un livre d&rsquo;un romancier d&rsquo;origine indienne, Mishra Pankaj qui selon \u00ab Le Point \u00bb<\/p>\n","protected":false},"author":1,"featured_media":0,"comment_status":"closed","ping_status":"closed","sticky":false,"template":"","format":"standard","meta":{"footnotes":""},"categories":[1],"tags":[10,129,3],"class_list":["post-440","post","type-post","status-publish","format-standard","hentry","category-motdujour","tag-economie","tag-inegalite","tag-politique"],"_links":{"self":[{"href":"https:\/\/lemotdujour.fr\/index.php?rest_route=\/wp\/v2\/posts\/440","targetHints":{"allow":["GET"]}}],"collection":[{"href":"https:\/\/lemotdujour.fr\/index.php?rest_route=\/wp\/v2\/posts"}],"about":[{"href":"https:\/\/lemotdujour.fr\/index.php?rest_route=\/wp\/v2\/types\/post"}],"author":[{"embeddable":true,"href":"https:\/\/lemotdujour.fr\/index.php?rest_route=\/wp\/v2\/users\/1"}],"replies":[{"embeddable":true,"href":"https:\/\/lemotdujour.fr\/index.php?rest_route=%2Fwp%2Fv2%2Fcomments&post=440"}],"version-history":[{"count":9,"href":"https:\/\/lemotdujour.fr\/index.php?rest_route=\/wp\/v2\/posts\/440\/revisions"}],"predecessor-version":[{"id":13838,"href":"https:\/\/lemotdujour.fr\/index.php?rest_route=\/wp\/v2\/posts\/440\/revisions\/13838"}],"wp:attachment":[{"href":"https:\/\/lemotdujour.fr\/index.php?rest_route=%2Fwp%2Fv2%2Fmedia&parent=440"}],"wp:term":[{"taxonomy":"category","embeddable":true,"href":"https:\/\/lemotdujour.fr\/index.php?rest_route=%2Fwp%2Fv2%2Fcategories&post=440"},{"taxonomy":"post_tag","embeddable":true,"href":"https:\/\/lemotdujour.fr\/index.php?rest_route=%2Fwp%2Fv2%2Ftags&post=440"}],"curies":[{"name":"wp","href":"https:\/\/api.w.org\/{rel}","templated":true}]}}