{"id":4390,"date":"2018-03-16T03:41:12","date_gmt":"2018-03-16T02:41:12","guid":{"rendered":"http:\/\/lemotdujour.fr\/?p=4390"},"modified":"2021-10-17T11:48:12","modified_gmt":"2021-10-17T09:48:12","slug":"vendredi-16-mars-2018","status":"publish","type":"post","link":"https:\/\/lemotdujour.fr\/?p=4390","title":{"rendered":"Vendredi 16 mars 2018"},"content":{"rendered":"<div class=\"mdjTexte\">\t\u00ab&nbsp;Cet Univers ne serait pas grand-chose, s\u2019il n\u2019abritait pas les gens qu\u2019on aime&nbsp;\u00bb<\/div>\n<div class=\"mdjAuteur\">\tStephen Hawking<\/div>\n<p><span style=\"color: #777777; font-family: Arial;\">Stephen Hawking \u00e9taient le p\u00e8re de trois enfants&nbsp;: Lucy, Robert et Tim. Ce sont eux qui ont publi\u00e9 un communiqu\u00e9 o\u00f9 ils ont \u00e9crit&nbsp;:<br \/>\n<\/span><\/p>\n<p style=\"margin-left: 28pt;\"><span style=\"color: #c00000; font-family: Arial;\">\u00ab Nous sommes profond\u00e9ment attrist\u00e9s par la mort de notre p\u00e8re aujourd&rsquo;hui. C&rsquo;\u00e9tait un grand scientifique et un homme extraordinaire dont l&rsquo;\u0153uvre et l&rsquo;h\u00e9ritage vivront de nombreuses ann\u00e9es. [\u2026]. Il avait d\u00e9clar\u00e9 un jour : \u00ab\u00a0Cet Univers ne serait pas grand-chose s&rsquo;il n&rsquo;abritait pas les gens qu&rsquo;on aime.\u00a0\u00bb Il nous manquera toujours. \u00bb<br \/>\n<\/span><\/p>\n<p><span style=\"color: #777777; font-family: Arial;\">Vendredi dernier, j&rsquo;avais entendu la chronique de <a href=\"https:\/\/www.franceinter.fr\/emissions\/l-edito-m\/l-edito-m-09-mars-2018\"><span style=\"color: #0000ff;\">Sonia Devillers<\/span><\/a> sur France Inter consacr\u00e9 aux Jeux Paralympiques o\u00f9 elle d\u00e9crivait la place des handicap\u00e9s dans la soci\u00e9t\u00e9. Au moment de l&rsquo;\u00e9coute j&rsquo;avais l&rsquo;intention d&rsquo;en faire un mot du jour et puis\u2026 je suis pass\u00e9 \u00e0 autre chose.<br \/>\n<\/span><\/p>\n<p><span style=\"color: #777777; font-family: Arial;\">Et ce mercredi 14 mars 2018, l&rsquo;immense scientifique, Stephen Hawking dont j&rsquo;avais lu avec passion \u00ab<strong>&nbsp;Une br\u00e8ve histoire du temps&nbsp;\u00bb <\/strong>peu de temps apr\u00e8s sa sortie dans les ann\u00e9es 1990, est mort. Cet homme \u00e9tait terriblement handicap\u00e9&nbsp;: un esprit exceptionnel dans un corps d\u00e9truit. Lui est m\u00eame arriv\u00e9 \u00e0 faire de son handicap un atout, une marque de fabrique. Il a dit&nbsp;:<br \/>\n<\/span><\/p>\n<p style=\"margin-left: 28pt;\"><span style=\"color: #c00000; font-family: Arial;\">\u00ab Je suis certain que mon handicap a un rapport avec ma c\u00e9l\u00e9brit\u00e9. Les gens sont fascin\u00e9s par le contraste entre mes capacit\u00e9s physiques tr\u00e8s limit\u00e9es et la nature extr\u00eamement \u00e9tendue de l&rsquo;Univers que j&rsquo;\u00e9tudie <strong>\u00bb.<br \/>\n<\/strong><\/span><\/p>\n<p><span style=\"color: #777777; font-family: Arial;\">Lors de la chronique de Sonia Devillers, j&rsquo;ai appris que 12 millions de fran\u00e7ais sont handicap\u00e9s.<br \/>\n<\/span><\/p>\n<p><span style=\"color: #777777; font-family: Arial;\">Elle exprimait les progr\u00e8s de la t\u00e9l\u00e9vision par rapport \u00e0 la visibilit\u00e9 des handicap\u00e9s notamment gr\u00e2ce aux jeux paralympiques&nbsp;:<br \/>\n<\/span><\/p>\n<p style=\"margin-left: 28pt;\"><span style=\"color: #c00000; font-family: Arial;\">\u00abMais souvenez-vous, succ\u00e8s d&rsquo;audience totalement inattendu lors de Rio 2016. Un pl\u00e9biscite du public. Et du beurre dans les statistiques carr\u00e9ment honteux de la t\u00e9l\u00e9vision en g\u00e9n\u00e9ral. Seulement 0,8% des gens vus \u00e0 l&rsquo;\u00e9cran sont en situation de handicap. Et sans les Jeux Paralympiques ce serait encore moins. [\u2026]<br \/>\n<\/span><\/p>\n<p style=\"margin-left: 28pt;\"><span style=\"color: #c00000; font-family: Arial;\">Exit animateurs et journalistes handicap\u00e9s<br \/>\n<\/span><\/p>\n<p style=\"margin-left: 28pt;\"><span style=\"color: #c00000; font-family: Arial;\">Souvenez-vous : la t\u00e9l\u00e9 reste un spectacle visuel qu&rsquo;on ne veut pas g\u00e2cher. Dans les talk-shows, les invit\u00e9s handicap\u00e9s viennent t\u00e9moigner du handicap. Ce qui est d\u00e9bile. Ils peuvent intervenir dans tous les champs d&rsquo;expertises comme n&rsquo;importe quel valide.<br \/>\n<\/span><\/p>\n<p style=\"margin-left: 28pt;\"><span style=\"color: #c00000; font-family: Arial;\">C\u00f4t\u00e9 fiction, c&rsquo;est pareil. Soit, on cause du handicap, soit on montre des h\u00e9ros qui le surpassent en permanence. Mimie Mathy et ses super-pouvoirs sur la Une. \u00ab Cain \u00bb, le commissaire en fauteuil sur la deux. On manque de personnages ordinaires : employ\u00e9s de mairies, m\u00e9decin, profs\u2026 handicap\u00e9s, mais on s&rsquo;en fout, leur fonction n&rsquo;\u00e9tant pas du tout celle-ci dans le r\u00e9cit. Juste, on s&rsquo;habitue \u00e0 voir leur corps \u00e0 l&rsquo;\u00e9cran.<br \/>\n<\/span><\/p>\n<p style=\"margin-left: 28pt;\"><span style=\"color: #c00000; font-family: Arial;\">Reste le divertissement. L\u00e0, \u00e7a bouge, vraiment<br \/>\n<\/span><span style=\"color: #c00000; font-family: Arial;\">Et comme souvent, en mati\u00e8re de diversit\u00e9, \u00e7a vient de \u00ab The Voice \u00bb, sur TF1, qui s\u00e9lectionne les candidats uniquement \u00e0 la voix, pas au physique.<br \/>\n<\/span><\/p>\n<p style=\"margin-left: 28pt;\"><span style=\"color: #c00000; font-family: Arial;\">On se souvient de Jane, toute jeune malvoyante, face cam\u00e9ra, sans lunettes noires, alors que ses yeux \u2013 strabisme et pupilles blanchies &#8211; sont tr\u00e8s marqu\u00e9s par le handicap. Pas de lunettes, exactement comme le r\u00e9clame une nouvelle g\u00e9n\u00e9ration d&rsquo;aveugles qui se bat d&rsquo;ailleurs pour faire autre chose que de la musique, pour ne pas ressembler \u00e0 Gilbert Montagn\u00e9, pour faire des \u00e9tudes et du sport. Bref, pour que les mod\u00e8les de r\u00e9ussite changent. Regarder un champion paralympique triompher \u00e0 la t\u00e9l\u00e9, c&rsquo;est comme filmer un aveugle sans lunettes. C&rsquo;est accepter la diff\u00e9rence et mettre sc\u00e8ne ses esp\u00e9rances&nbsp;\u00bb<br \/>\n<\/span><\/p>\n<p><span style=\"color: #777777; font-family: Arial;\">Lors de <a href=\"https:\/\/www.franceinter.fr\/emissions\/la-revue-de-presse\/la-revue-de-presse-14-mars-2018\"><span style=\"color: #0000ff;\">sa revue de presse de mercredi<\/span><\/a><span style=\"color: #0000ff;\">,<\/span> Claude Askolovitch a introduit le sujet du handicap et de l&rsquo;\u0153uvre de Stephen Hawking par cette phrase&nbsp;:<br \/>\n<\/span><\/p>\n<p style=\"margin-left: 28pt;\"><span style=\"color: #c00000; font-family: Arial;\">\u00ab&nbsp;La victoire de la pens\u00e9e sur la chair&nbsp;\u00bb<br \/>\n<\/span><\/p>\n<p><img loading=\"lazy\" decoding=\"async\" class=\"alignleft\" src=\"https:\/\/lemotdujour.fr\/wp-content\/uploads\/2018\/03\/031418_2238_Vendredi16m1.jpg\" alt=\"\" width=\"698\" height=\"492\" align=\"left\"><span style=\"color: #777777; font-family: Arial;\">Stephen Hawking est n\u00e9 \u00e0 Oxford le 8 janvier 1942. Son p\u00e8re, biologiste, souhaite qu&rsquo;il suive ses pas en \u00e9tudiant la m\u00e9decine \u00e0 Oxford. Il opte pour la physique avant de partir pour Cambridge, afin d&rsquo;y poursuivre des recherches en astronomie.<br \/>\n<\/span><\/p>\n<p><span style=\"color: #777777; font-family: Arial;\">Peu apr\u00e8s son 21e anniversaire, il apprend qu&rsquo;il souffre d&rsquo;une maladie d\u00e9g\u00e9n\u00e9rative paralysante. Les m\u00e9decins ne lui donnent que deux ans \u00e0 vivre. Son corps d\u00e9cline inexorablement. En 1974, il est incapable de se nourrir ou de sortir de son lit par lui-m\u00eame. En 1985, il perd d\u00e9finitivement l&rsquo;usage de la parole apr\u00e8s avoir subi une trach\u00e9otomie \u00e0 la suite d&rsquo;une pneumonie. Mais son esprit est intact. Et son but simple : \u00ab Comprendre compl\u00e8tement l&rsquo;Univers, pourquoi il est comme il est et pourquoi il existe. \u00bb<br \/>\n<\/span><\/p>\n<p><a href=\"http:\/\/www.lemonde.fr\/sante\/article\/2018\/03\/14\/qu-est-ce-que-la-maladie-de-charcot-dont-etait-atteint-stephen-hawking_5270681_1651302.html\"><span style=\"font-family: Arial;\"><span style=\"color: #0000ff;\">Le Monde<\/span><\/span><\/a><span style=\"color: #777777; font-family: Arial;\"> pr\u00e9cise la maladie dont \u00e9tait atteint Stephen Hawking :<br \/>\n<\/span><\/p>\n<p style=\"margin-left: 28pt;\"><span style=\"color: #c00000; font-family: Arial;\">Stephen Hawking \u00e9tait atteint d&rsquo;une scl\u00e9rose lat\u00e9rale amyotrophique (SLA), une maladie neurod\u00e9g\u00e9n\u00e9rative paralysante aussi appel\u00e9e maladie de Charcot. Une maladie rare, d\u00e9cel\u00e9e chez environ 2 500 personnes par an en France. Elle fait partie du groupe des maladies des neurones moteurs, qui d\u00e9g\u00e9n\u00e8rent progressivement et font perdre aux malades le contr\u00f4le de leurs muscles.<br \/>\n<\/span><\/p>\n<p style=\"margin-left: 28pt;\"><span style=\"color: #c00000; font-family: Arial;\">\u00ab La perte de motricit\u00e9 est la cons\u00e9quence d&rsquo;une d\u00e9g\u00e9n\u00e9rescence, c&rsquo;est-\u00e0-dire d&rsquo;une mort cellulaire, des motoneurones, les cellules nerveuses [neurones] qui commandent les muscles volontaires. \u00bb<br \/>\n<\/span><\/p>\n<p style=\"margin-left: 28pt;\"><span style=\"color: #c00000; font-family: Arial;\">Concr\u00e8tement, cela commence par une perte de la capacit\u00e9 \u00e0 bouger les bras, les jambes. Puis lorsque les muscles du diaphragme et de la paroi thoracique sont atteints, les patients perdent leur capacit\u00e9 respiratoire et sont plac\u00e9s sous assistance. C&rsquo;\u00e9tait le cas depuis des ann\u00e9es de Stephen Hawking.<br \/>\n<\/span><\/p>\n<p style=\"margin-left: 28pt;\"><span style=\"color: #c00000; font-family: Arial;\">Les m\u00e9decins continuent \u00e0 consid\u00e9rer la long\u00e9vit\u00e9 de l&rsquo;astrophysicien comme un myst\u00e8re, la maladie \u00e9tant incurable. Selon les statistiques m\u00e9dicales, la mort survient habituellement vingt-quatre \u00e0 trente-six mois apr\u00e8s le diagnostic. Le plus souvent, c&rsquo;est l&rsquo;incapacit\u00e9 \u00e0 respirer qui emporte le patient.<br \/>\n<\/span><\/p>\n<p><a href=\"https:\/\/fr.wikipedia.org\/wiki\/Stephen_Hawking\"><span style=\"font-family: Arial;\"><span style=\"color: #0000ff;\">Wikipedia<\/span><\/span><\/a><span style=\"color: #777777; font-family: Arial;\"> nous apprend que les m\u00e9decins avaient propos\u00e9 \u00e0 sa femme d&rsquo;\u00e9teindre la machien qui le raccrochait \u00e0 la vie mais que cette derni\u00e8re a refus\u00e9 et qu&rsquo;il a donc encore v\u00e9cu, r\u00e9fl\u00e9chi et publi\u00e9 pendant 33 ans&nbsp;:<br \/>\n<\/span><\/p>\n<p style=\"margin-left: 28pt;\"><span style=\"color: #c00000; font-family: Arial;\">\u00ab&nbsp;En 1985, il a contract\u00e9 une pneumonie et a d\u00fb subir une trach\u00e9otomie pour mieux respirer, ce qui l&rsquo;a rendu d\u00e9finitivement incapable de parler.<br \/>\n<\/span><\/p>\n<p style=\"margin-left: 28pt;\"><span style=\"color: #c00000; font-family: Arial;\">C&rsquo;est \u00e0 cette \u00e9poque qu&rsquo;il est propos\u00e9 \u00e0 Jane Wilde Hawking [<em>son \u00e9pouse<\/em>] d&rsquo;\u00e9teindre la machine qui le raccroche \u00e0 la vie. De fait, les m\u00e9decins n&rsquo;estiment pas possible que Stephen Hawking puisse un jour se porter mieux. Pour autant Jane Wilde Hawking refuse et les m\u00e9dicaments font peu \u00e0 peu effet et permettent \u00e0 Hawking de se remettre partiellement de sa pneumonie.<br \/>\n<\/span><\/p>\n<p style=\"margin-left: 28pt;\"><span style=\"color: #c00000; font-family: Arial;\">Walt Waltosz, un informaticien de Californie, a construit un dispositif permettant \u00e0 Hawking d&rsquo;\u00e9crire sur un ordinateur avec un commutateur dans sa main, tandis qu&rsquo;un synth\u00e9tiseur vocal parle pour lui, lisant ce qu&rsquo;il vient de taper.<br \/>\n<\/span><\/p>\n<p style=\"margin-left: 28pt;\"><span style=\"color: #c00000; font-family: Arial;\">Ayant perdu l&rsquo;usage de ses mains, il utilise \u00e0 partir de 2001 les contractions d&rsquo;un muscle de sa joue d\u00e9tect\u00e9es par un capteur infrarouge fix\u00e9 \u00e0 une branche de ses lunettes, pouvant ainsi s\u00e9lectionner les lettres une par une sur un clavier virtuel d&rsquo;une tablette dont un curseur balaie en permanence l&rsquo;alphabet, puis s\u00e9lectionner des mots gr\u00e2ce \u00e0 un algorithme pr\u00e9dictif. Ce syst\u00e8me lui permet d&rsquo;exprimer cinq mots \u00e0 la minute et de donner des cours \u00e0 l&rsquo;universit\u00e9 de Cambridge jusqu&rsquo;en 2009.<br \/>\n<\/span><\/p>\n<p style=\"margin-left: 28pt;\"><span style=\"color: #c00000; font-family: Arial;\">Face \u00e0 l&rsquo;aggravation de son \u00e9tat, Intel met au point depuis une nouvelle interface de contr\u00f4le bas\u00e9e sur la reconnaissance faciale des mouvements de ses l\u00e8vres et sourcils&nbsp;\u00bb.<br \/>\n<\/span><\/p>\n<p><span style=\"color: #777777; font-family: Arial;\">Le Point a tent\u00e9 de s\u00e9lectionner &lt;<a href=\"http:\/\/www.lepoint.fr\/astronomie\/douze-citations-inspirantes-de-stephen-hawking-14-03-2018-2202373_1925.php\"><span style=\"color: #0000ff;\">douze citations inspirantes de Stephen Hawking<\/span><\/a>&gt;<br \/>\n<\/span><\/p>\n<p><span style=\"color: #777777; font-family: Arial;\">J&rsquo;en choisis deux parmi elles&nbsp;:<br \/>\n<\/span><\/p>\n<p style=\"margin-left: 28pt;\"><span style=\"color: #c00000; font-family: Arial;\">\u00ab L&rsquo;intelligence est la capacit\u00e9 de s&rsquo;adapter au changement. \u00bb<br \/>\n<\/span><\/p>\n<p><span style=\"color: #777777; font-family: Arial;\">et<br \/>\n<\/span><\/p>\n<p style=\"margin-left: 28pt;\"><span style=\"color: #c00000; font-family: Arial;\">\u00ab Au fond, j&rsquo;aurai eu une belle vie. Les personnes handicap\u00e9es devraient se concentrer sur les choses que leur handicap ne les emp\u00eache pas de faire, sans regretter ce dont elles sont incapables. \u00bb<br \/>\n<\/span><\/p>\n<p><span style=\"color: #777777; font-family: Arial;\">Mais c&rsquo;est celle que j&rsquo;ai mis en exergue que je pr\u00e9f\u00e8re, car elle correspond profond\u00e9ment \u00e0 ce que je ressens&nbsp;: \u00ab&nbsp;<span style=\"color: #c00000;\">Cet Univers ne serait pas grand-chose s&rsquo;il n&rsquo;abritait pas les gens qu&rsquo;on aime&nbsp;<span style=\"color: #777777;\">\u00bb.<br \/>\n<\/span><\/span><\/span><\/p>\n<p><span style=\"color: #777777; font-family: Arial;\">Qu&rsquo;un homme de l&rsquo;intelligence, de la fragilit\u00e9 corporelle de Stephen Hawking, un homme \u00e0 qui on avait annonc\u00e9 \u00e0 21 ans qu&rsquo;il ne vivrait pas plus de 2 ans et qui a v\u00e9cu par sa volont\u00e9 et par la science jusqu&rsquo;\u00e0 76 ans ait pu dire cela, constitue une immense le\u00e7on d&rsquo;humanit\u00e9 pour chacun de nous.<br \/>\n<\/span><\/p>\n<p><span style=\"color: #800000; font-family: Arial;\">&lt;1038&gt;<\/span><\/p>\n","protected":false},"excerpt":{"rendered":"<p>\u00ab&nbsp;Cet Univers ne serait pas grand-chose, s\u2019il n\u2019abritait pas les gens qu\u2019on aime&nbsp;\u00bb Stephen Hawking Stephen Hawking \u00e9taient le p\u00e8re de trois enfants&nbsp;: Lucy, Robert et Tim. Ce sont eux qui ont publi\u00e9 un communiqu\u00e9 o\u00f9 ils ont \u00e9crit&nbsp;: \u00ab<\/p>\n","protected":false},"author":1,"featured_media":0,"comment_status":"open","ping_status":"closed","sticky":false,"template":"","format":"standard","meta":{"footnotes":""},"categories":[1],"tags":[53,29,35],"class_list":["post-4390","post","type-post","status-publish","format-standard","hentry","category-motdujour","tag-affect","tag-hommage","tag-sciences"],"_links":{"self":[{"href":"https:\/\/lemotdujour.fr\/index.php?rest_route=\/wp\/v2\/posts\/4390","targetHints":{"allow":["GET"]}}],"collection":[{"href":"https:\/\/lemotdujour.fr\/index.php?rest_route=\/wp\/v2\/posts"}],"about":[{"href":"https:\/\/lemotdujour.fr\/index.php?rest_route=\/wp\/v2\/types\/post"}],"author":[{"embeddable":true,"href":"https:\/\/lemotdujour.fr\/index.php?rest_route=\/wp\/v2\/users\/1"}],"replies":[{"embeddable":true,"href":"https:\/\/lemotdujour.fr\/index.php?rest_route=%2Fwp%2Fv2%2Fcomments&post=4390"}],"version-history":[{"count":6,"href":"https:\/\/lemotdujour.fr\/index.php?rest_route=\/wp\/v2\/posts\/4390\/revisions"}],"predecessor-version":[{"id":12347,"href":"https:\/\/lemotdujour.fr\/index.php?rest_route=\/wp\/v2\/posts\/4390\/revisions\/12347"}],"wp:attachment":[{"href":"https:\/\/lemotdujour.fr\/index.php?rest_route=%2Fwp%2Fv2%2Fmedia&parent=4390"}],"wp:term":[{"taxonomy":"category","embeddable":true,"href":"https:\/\/lemotdujour.fr\/index.php?rest_route=%2Fwp%2Fv2%2Fcategories&post=4390"},{"taxonomy":"post_tag","embeddable":true,"href":"https:\/\/lemotdujour.fr\/index.php?rest_route=%2Fwp%2Fv2%2Ftags&post=4390"}],"curies":[{"name":"wp","href":"https:\/\/api.w.org\/{rel}","templated":true}]}}