{"id":4380,"date":"2018-03-15T03:40:02","date_gmt":"2018-03-15T02:40:02","guid":{"rendered":"http:\/\/lemotdujour.fr\/?p=4380"},"modified":"2021-10-17T11:49:06","modified_gmt":"2021-10-17T09:49:06","slug":"jeudi-15-mars-2018","status":"publish","type":"post","link":"https:\/\/lemotdujour.fr\/?p=4380","title":{"rendered":"Jeudi 15 mars 2018"},"content":{"rendered":"<div class=\"mdjTexte\">\t\u00ab&nbsp;Cela va de toute fa\u00e7on craquer. Je pense qu\u2019on va aller un jour vers une catastrophe sociale&nbsp;!&nbsp;\u00bb<\/div>\n<div class=\"mdjAuteur\">\tSylviane Agacinski<\/div>\n<p><span style=\"color: #777777; font-family: Arial;\">Olivier Besancenot \u00e9tait l&rsquo;invit\u00e9 de Ruquier dans l&rsquo;\u00e9mission \u00ab&nbsp;On n&rsquo;est pas couch\u00e9&nbsp;\u00bb du 3 mars 2018.<br \/>\n<\/span><\/p>\n<p><span style=\"color: #777777; font-family: Arial;\">Comme souvent, il a \u00e9t\u00e9 tr\u00e8s brillant&nbsp;!<br \/>\n<\/span><\/p>\n<p><span style=\"color: #777777; font-family: Arial;\">Il a r\u00e9p\u00e9t\u00e9 cette phrase qui me semble plein de justesse&nbsp;:<br \/>\n<\/span><\/p>\n<p style=\"margin-left: 28pt;\"><span style=\"color: #c00000; font-family: Arial;\">\u00ab&nbsp;Le comble du comble, c&rsquo;est qu&rsquo;on vit dans un monde o\u00f9 ceux qui gagnent 150&nbsp;000 \u20ac par mois en exploitant les autres arrivent \u00e0 convaincre ceux qui vivent avec 1&nbsp;500 que la cause de leur probl\u00e8me sont ceux qui vivent avec 2&nbsp;000 ou avec 500&nbsp;\u00bb<br \/>\n<\/span><\/p>\n<p><span style=\"color: #777777; font-family: Arial;\">Vous pouvez retrouver tout l&rsquo;entretien derri\u00e8re ce <span style=\"color: #0000ff;\"><a style=\"color: #0000ff;\" href=\"https:\/\/www.youtube.com\/watch?v=hKhfRIHhL7I&amp;t=1846s\">&lt;Lien&gt;<\/a><\/span><br \/>\n<\/span><\/p>\n<p><span style=\"color: #777777; font-family: Arial;\">Mais ce n&rsquo;est pas de son intervention que je voudrais parler aujourd&rsquo;hui mais de celle de la philosophe Sylviane Agacinski&nbsp;;<br \/>\n<\/span><\/p>\n<p><span style=\"color: #777777; font-family: Arial;\">Sylviane Agacinski est n\u00e9e en 1945. Elle fut un moment proche de Jacques Derrida. Elle a enseign\u00e9 \u00e0 l&rsquo;\u00c9cole des hautes \u00e9tudes en sciences sociales de 1991 \u00e0 2010.<br \/>\n<\/span><\/p>\n<p><span style=\"color: #777777; font-family: Arial;\">M\u00eame si ce d\u00e9tail est peu important, je note qu&rsquo;elle a fait ses \u00e9tudes au lyc\u00e9e Juliette-R\u00e9camier de Lyon et pass\u00e9 sa licence de philosophie \u00e0 l&rsquo;universit\u00e9 de Lyon.<br \/>\n<\/span><\/p>\n<p><span style=\"color: #777777; font-family: Arial;\">Elle est tr\u00e8s active actuellement sur un sujet d&rsquo;importance&nbsp;: la lutte contre la marchandisation du corps des femmes et la gratuit\u00e9 du don d&rsquo;organe.<br \/>\n<\/span><\/p>\n<p><span style=\"color: #777777; font-family: Arial;\">Elle vient de publier, au Seuil un livre&nbsp;: \u00ab&nbsp;<a href=\"https:\/\/www.decitre.fr\/livres\/le-tiers-corps-9782021393590.html\"><span style=\"color: #0000ff;\">Le tiers-corps &#8211; R\u00e9flexions sur le don d&rsquo;organes<\/span>&nbsp;<\/a>\u00bb<br \/>\n<\/span><\/p>\n<p><span style=\"color: #777777; font-family: Arial;\">Telerama a consacr\u00e9 un article \u00e0 ce livre \u00ab&nbsp;<span style=\"color: #0000ff;\"><a style=\"color: #0000ff;\" href=\"http:\/\/www.telerama.fr\/idees\/sylviane-agacinski-le-don-dorganes-solidaire-et-gratuit-est-la-seule-option-pour-eviter-la,n5518261.php\">Le don d&rsquo;organes solidaire et gratuit est la seule option pour \u00e9viter la marchandisation du corps&nbsp;<\/a><\/span>\u00bb<br \/>\n<\/span><\/p>\n<p><span style=\"color: #777777; font-family: Arial;\">Outre \u00ab&nbsp;On n&rsquo;est pas couch\u00e9&nbsp;\u00bb elle avait \u00e9t\u00e9 invit\u00e9e sur France Inter&nbsp;: \u00ab&nbsp;<a href=\"https:\/\/www.franceinter.fr\/emissions\/l-invite-de-7h50\/l-invite-de-7h50-02-mars-2018\"><span style=\"color: #0000ff;\">Personne ne va vendre l&rsquo;un de ses reins s&rsquo;il n&rsquo;est pas dans une grande mis\u00e8re<\/span>&nbsp;<\/a>\u00bb et sur France Culture \u00e0 l&rsquo;\u00e9mission <a href=\"https:\/\/www.franceculture.fr\/emissions\/la-grande-table-2eme-partie\/sylviane-agacinski-et-le-don-de-soi\"><span style=\"color: #0000ff;\">&lt;La Grande Table&gt;<\/span><\/a> du 9 mars 2018 o\u00f9 elle avait notamment dit&nbsp;:<br \/>\n<\/span><\/p>\n<p style=\"margin-left: 28pt;\"><span style=\"color: #c00000; font-family: Arial;\">\u00ab&nbsp;Le don est un \u00e9lan, un geste par essence non commercial et qui peut ne pas \u00eatre pay\u00e9 en retour. La r\u00e9ciprocit\u00e9 n&rsquo;est pas un automatisme. Dans le cas du don d&rsquo;organes, elle est indirecte, car le donneur rend ce qu&rsquo;il a re\u00e7u par ailleurs de la soci\u00e9t\u00e9.&nbsp;\u00bb<br \/>\n<\/span><\/p>\n<p><span style=\"color: #777777; font-family: Arial;\">Mais le point central de ce que je veux partager aujourd&rsquo;hui, c&rsquo;est son intervention vers la fin de l&rsquo;entretien des chroniqueurs de Ruquier avec Olivier Besancenot.<br \/>\n<\/span><\/p>\n<p><span style=\"color: #777777; font-family: Arial;\">Laurent Ruquier l&rsquo;interpelle et lui demande ce qu&rsquo;elle pense de ce que dit Olivier Besancenot. (Cela commence \u00e0 29:30) <a href=\"https:\/\/www.youtube.com\/watch?v=hKhfRIHhL7I&amp;t=1846s\"><span style=\"color: #0000ff;\">&lt;Je redonne le Lien&gt;<\/span><\/a><br \/>\n<\/span><\/p>\n<p style=\"margin-left: 28pt;\"><span style=\"color: #c00000; font-family: Arial;\">\u00ab&nbsp;Je suis tr\u00e8s touch\u00e9 par ce discours.<br \/>\n<\/span><\/p>\n<p style=\"margin-left: 28pt;\"><span style=\"color: #c00000; font-family: Arial;\">D&rsquo;abord, on vient de fermer la Poste \u00e0 c\u00f4t\u00e9 de chez moi, je sais que dans les villages c&rsquo;est une catastrophe quand la Poste disparait.<br \/>\n<\/span><span style=\"color: #c00000; font-family: Arial;\">Et avant qu&rsquo;elle ferme il y a de plus en plus de machines.<br \/>\n<\/span><\/p>\n<p style=\"margin-left: 28pt;\"><span style=\"color: #c00000; font-family: Arial;\">J&rsquo;avais une banque, il y avait plein d&#8217;employ\u00e9s, on avait des rendez-vous facilement.<br \/>\n<\/span><span style=\"color: #c00000; font-family: Arial;\">Maintenant on se trouve dans un petit hall de gare affreux avec 4 machines et une employ\u00e9 et on fait la queue pour obtenir quelque chose.<br \/>\n<\/span><\/p>\n<p style=\"margin-left: 28pt;\"><span style=\"color: #c00000; font-family: Arial;\">Ce n&rsquo;est pas toujours plus pour l&rsquo;usager, c&rsquo;est toujours moins.<br \/>\n<\/span><span style=\"color: #c00000; font-family: Arial;\">C&rsquo;est aussi toujours moins pour les gens qui travaillent. Ce n&rsquo;est pas toujours plus.<br \/>\n<\/span><\/p>\n<p style=\"margin-left: 28pt;\"><span style=\"color: #c00000; font-family: Arial;\">C&rsquo;est un discours qui me touche [\u2026]<br \/>\n<\/span><\/p>\n<p style=\"margin-left: 28pt;\"><span style=\"color: #c00000; font-family: Arial;\">Vous parlez justement sur la s\u00e9curit\u00e9 du travail. Je regardais \u00e0 la t\u00e9l\u00e9vision diff\u00e9rents reportages.<br \/>\n<\/span><span style=\"color: #c00000; font-family: Arial;\">J&rsquo;ai vu des choses\u2026<br \/>\n<\/span><span style=\"color: #c00000; font-family: Arial;\">On nous donne parfois l&rsquo;Allemagne en mod\u00e8le, on s&rsquo;aper\u00e7oit que pour arriver \u00e0 avoir autour de 1000 euros ou un peu plus, des millions d&rsquo;allemands ont 2 ou 3 jobs.<br \/>\n<\/span><span style=\"color: #c00000; font-family: Arial;\">Ils se l\u00e8vent tr\u00e8s t\u00f4t le matin et se couche tr\u00e8s tard le soir, ils ont 3 emplois pour en arriver l\u00e0.<br \/>\n<\/span><span style=\"color: #c00000; font-family: Arial;\">Apr\u00e8s on va dire, oui mais ils ont moins de ch\u00f4mage que nous.<br \/>\n<\/span><span style=\"color: #c00000; font-family: Arial;\">Oui mais \u00e0 quel prix, ils ont moins de ch\u00f4mage&nbsp;?<br \/>\n<\/span><\/p>\n<p style=\"margin-left: 28pt;\"><span style=\"color: #c00000; font-family: Arial;\">J&rsquo;ai vu un autre reportage sur les \u00ab&nbsp;Work campers&nbsp;\u00bb aux Etats-Unis.<br \/>\n<\/span><span style=\"color: #c00000; font-family: Arial;\">Il y a des industries qui ferment, ce ne sont pas les politiques qui sont en cause c&rsquo;est le syst\u00e8me capitaliste et la logique du profit \u00e0 tout prix.<br \/>\n<\/span><span style=\"color: #c00000; font-family: Arial;\">Ce sont des travailleurs endett\u00e9s qui vendent leurs maisons et ach\u00e8tent un camping-car. Ce ne sont pas les plus d\u00e9sh\u00e9rit\u00e9s.<br \/>\n<\/span><span style=\"color: #c00000; font-family: Arial;\">Ces gens vont sillonner l&rsquo;Am\u00e9rique avec leur camping-car pour ce que certains vont appeler la mobilit\u00e9, la fluidit\u00e9 et ils vont d&rsquo;une ville \u00e0 l&rsquo;autre chercher du travail.<br \/>\n<\/span><span style=\"color: #c00000; font-family: Arial;\">Un couple, le dernier travail qu&rsquo;on leur propose c&rsquo;est un travail de 12 heures par jour, 7 jours cons\u00e9cutifs pour ramasser les betteraves. [..]<br \/>\n<\/span><\/p>\n<p style=\"margin-left: 28pt;\"><span style=\"color: #c00000; font-family: Arial;\">Nous sommes quand m\u00eame effar\u00e9s, il y a l\u00e0 une telle abolition des droits \u00e9l\u00e9mentaires que chacun essaye de sauver sa peau comme il peut. C&rsquo;est une catastrophe. [..]<br \/>\n<\/span><\/p>\n<p style=\"margin-left: 28pt;\"><span style=\"color: #c00000; font-family: Arial;\">Il y a derri\u00e8re tout cela aussi l&rsquo;Europe, les institutions europ\u00e9ennes, l&rsquo;ouverture au march\u00e9, l&rsquo;Europe est l&rsquo;ensemble le plus ouvert au march\u00e9 et \u00e0 la concurrence, il y a la mondialisation.<br \/>\n<\/span><\/p>\n<p style=\"margin-left: 28pt;\"><span style=\"color: #c00000; font-family: Arial;\">Alors qu&rsquo;est-ce que vous voulez que les politiques fassent&nbsp;?<br \/>\n<\/span><\/p>\n<ul>\n<li style=\"margin-left: 28pt;\"><span style=\"color: #c00000; font-family: Arial;\">Ou ils suivent la logique \u00e9conomique telle qu&rsquo;elle est<br \/>\n<\/span><\/li>\n<li style=\"margin-left: 28pt;\"><span style=\"color: #c00000; font-family: Arial;\">Ou ils essayent de lutter avec des gens qui se raccrochent d\u00e9sesp\u00e9r\u00e9ment \u00e0 leurs derni\u00e8res [elle ne finit pas cette phrase et ajoute] de toute fa\u00e7on cela ne pourra pas tenir.<br \/>\n<\/span><\/li>\n<\/ul>\n<p style=\"margin-left: 28pt;\"><span style=\"color: #c00000; font-family: Arial;\">Je sens une impuissance du politique dans l&rsquo;histoire<br \/>\n<\/span><\/p>\n<p style=\"margin-left: 28pt;\"><span style=\"color: #c00000; font-family: Arial;\">Normalement on devrait penser que l&rsquo;\u00e9conomie est au service des \u00eatres humains, ce n&rsquo;est pas le cas.<br \/>\n<\/span><span style=\"color: #c00000; font-family: Arial;\">Ce sont les humains qui sont tous au service de l&rsquo;\u00e9conomie, c&rsquo;est-\u00e0-dire au service des profits du capitalisme financier qui pressent, qui pressent pour plus de taux de profit.<br \/>\n<\/span><\/p>\n<p style=\"margin-left: 28pt;\"><span style=\"color: #c00000; font-family: Arial;\"><strong>Cela va de toute fa\u00e7on craquer.<br \/>\n<\/strong><\/span><span style=\"color: #c00000; font-family: Arial;\"><strong>Je pense qu&rsquo;on va aller un jour vers une catastrophe sociale.et l\u00e0 \u00e7a sautera<\/strong>.&nbsp;\u00bb<br \/>\n<\/span><\/p>\n<p><span style=\"color: #777777; font-family: Arial;\">Pour celles et ceux qui ne le sauraient pas Sylviane Agacinski a \u00e9pous\u00e9 Lionel Jospin en 1994 \u2026<br \/>\n<\/span><\/p>\n<p><span style=\"color: #800000;\">&lt;1037&gt;<\/span><\/p>\n","protected":false},"excerpt":{"rendered":"<p>\u00ab&nbsp;Cela va de toute fa\u00e7on craquer. Je pense qu\u2019on va aller un jour vers une catastrophe sociale&nbsp;!&nbsp;\u00bb Sylviane Agacinski Olivier Besancenot \u00e9tait l&rsquo;invit\u00e9 de Ruquier dans l&rsquo;\u00e9mission \u00ab&nbsp;On n&rsquo;est pas couch\u00e9&nbsp;\u00bb du 3 mars 2018. Comme souvent, il a \u00e9t\u00e9<\/p>\n","protected":false},"author":1,"featured_media":0,"comment_status":"open","ping_status":"closed","sticky":false,"template":"","format":"standard","meta":{"footnotes":""},"categories":[1],"tags":[10,3,76],"class_list":["post-4380","post","type-post","status-publish","format-standard","hentry","category-motdujour","tag-economie","tag-politique","tag-social"],"_links":{"self":[{"href":"https:\/\/lemotdujour.fr\/index.php?rest_route=\/wp\/v2\/posts\/4380","targetHints":{"allow":["GET"]}}],"collection":[{"href":"https:\/\/lemotdujour.fr\/index.php?rest_route=\/wp\/v2\/posts"}],"about":[{"href":"https:\/\/lemotdujour.fr\/index.php?rest_route=\/wp\/v2\/types\/post"}],"author":[{"embeddable":true,"href":"https:\/\/lemotdujour.fr\/index.php?rest_route=\/wp\/v2\/users\/1"}],"replies":[{"embeddable":true,"href":"https:\/\/lemotdujour.fr\/index.php?rest_route=%2Fwp%2Fv2%2Fcomments&post=4380"}],"version-history":[{"count":6,"href":"https:\/\/lemotdujour.fr\/index.php?rest_route=\/wp\/v2\/posts\/4380\/revisions"}],"predecessor-version":[{"id":12348,"href":"https:\/\/lemotdujour.fr\/index.php?rest_route=\/wp\/v2\/posts\/4380\/revisions\/12348"}],"wp:attachment":[{"href":"https:\/\/lemotdujour.fr\/index.php?rest_route=%2Fwp%2Fv2%2Fmedia&parent=4380"}],"wp:term":[{"taxonomy":"category","embeddable":true,"href":"https:\/\/lemotdujour.fr\/index.php?rest_route=%2Fwp%2Fv2%2Fcategories&post=4380"},{"taxonomy":"post_tag","embeddable":true,"href":"https:\/\/lemotdujour.fr\/index.php?rest_route=%2Fwp%2Fv2%2Ftags&post=4380"}],"curies":[{"name":"wp","href":"https:\/\/api.w.org\/{rel}","templated":true}]}}