{"id":438,"date":"2017-02-21T01:00:00","date_gmt":"2017-02-20T22:00:00","guid":{"rendered":"http:\/\/lemotdujour.fr\/?p=438"},"modified":"2017-05-08T13:19:20","modified_gmt":"2017-05-08T11:19:20","slug":"mardi-21-fevrier-2017","status":"publish","type":"post","link":"https:\/\/lemotdujour.fr\/?p=438","title":{"rendered":"Mardi 21 f\u00e9vrier 2017"},"content":{"rendered":"<div class=\"mdjDate\"><a id=\"_Toc482008775\"><\/a>Mardi 21 f\u00e9vrier 2017<\/div>\n<div class=\"mdjTexte\">\u00abLa mondialisation c\u2019est la fin de la rente que l\u2019Occident avait sur le monde depuis la r\u00e9volution industrielle.\u00bb<\/div>\n<div class=\"mdjAuteur\">Zaki La\u00efdi <\/div>\n<div class=\"mdjComplements\">Nous tournons depuis longtemps autour de ce concept de mondialisation, certains pour s&rsquo;en enthousiasmer et il vrai qu&rsquo;il y a beaucoup d&rsquo;aspects tr\u00e8s positifs \u00e0 cette \u00e9volution et d&rsquo;autres pour s&rsquo;en m\u00e9fier, voire de la rejeter.<\/div>\n<div class=\"mdjComplements\">La mondialisation est un terme fran\u00e7ais, les anglo-saxons parlant de globalisation. Certains esprits fran\u00e7ais distinguent d\u00e9sormais la globalisation comme la partie \u00e9conomique de la mondialisation qui concerne outre l&rsquo;\u00e9conomie, la culture, le village global dans lequel les gens \u00e9changent des id\u00e9es, des appartements et voyagent.<\/div>\n<div class=\"mdjComplements\">France Culture a invit\u00e9, dans une \u00e9mission qui avait pour titre <a href=\"https:\/\/www.franceculture.fr\/emissions\/linvite-des-matins\/peut-encore-defendre-la-mondialisation\">&lt;Peut encore d\u00e9fendre la mondialisation ?&gt;<\/a>, Zaki La\u00eedi qui est politologue et a beaucoup investi dans une r\u00e9flexion sur ce changement de monde.<\/div>\n<div class=\"mdjComplements\">Et\u00a0 \u00e0 la question de Guillaume Erner : \u00abComment peut-on d\u00e9finir la mondialisation\u00a0?\u00bb Il a eu cette r\u00e9ponse qui me semble pleine de clart\u00e9 et de pertinence :<\/div>\n<div class=\"mdjCiter\">\u00abFondamentalement au niveau g\u00e9opolitique globale, la mondialisation c\u2019est la fin de la rente que l\u2019Occident avait sur le monde depuis la r\u00e9volution industrielle. C\u2019est-\u00e0-dire que la position dominante de l\u2019Occident dans le monde arrive aujourd\u2019hui \u00e0 son terme.<\/div>\n<div class=\"mdjCiter\">Et ce que fondamentalement la mondialisation est, c\u2019est un basculement du centre de gravit\u00e9 de la richesse du monde de l\u2019Occident vers le reste du Monde. On voit bien le probl\u00e8me que cela pose \u00e0 l\u2019Occident, \u00e0 l\u2019Europe, aux Etats-Unis\u00a0: ils ne sont plus dans la position dominante dans laquelle ils \u00e9taient et qui va les obliger \u00e0 composer avec le reste de ce monde.\u00a0 Avant la r\u00e9volution industrielle, la Chine et l\u2019Inde repr\u00e9sentait 40 % de la richesse du monde.\u00bb<\/div>\n<div class=\"mdjComplements\">Nous ne sommes pas en d\u00e9clin selon Zaki La\u00efdi, mais nous entrons dans un monde plus difficile, plus concurrentiel parce que nous avons perdu cette rente.<\/div>\n<div class=\"mdjComplements\">La mondialisation produit des gagnants et des perdants. Emmanuel Todd avait eu cette image il y a quelques ann\u00e9es, dans les ann\u00e9es 70 quand vous alliez \u00e0 Calcutta vous voyiez \u00e9norm\u00e9ment de gens tr\u00e8s pauvres vivre dans la rue en s&rsquo;abritant dans des cartons. La mondialisation a fait en sorte que proportionnellement il y ait moins de gens qui vivent de la sorte \u00e0 Calcutta mais que maintenant chez nous il y a aussi des gens qui dorment dans les rues, dans des cartons&#8230;<\/div>\n<div class=\"mdjComplements\">Zaki La\u00efdi dit encore : <\/div>\n<div class=\"mdjCiter\">\u00abDerri\u00e8re la mondialisation nous avons fondamentalement le changement technologique. Ce changement a eu pour cons\u00e9quence que le co\u00fbt de l\u2019\u00e9change d\u2019informations s\u2019est effondr\u00e9, le co\u00fbt des transports aussi, c\u2019est un effondrement des distances.\u00bb<\/div>\n<div class=\"mdjComplements\">Une autre invit\u00e9 Virginie Raisson ajoutant cette \u00e9vidence: <\/div>\n<div class=\"mdjCiter\">\u00abSi les in\u00e9galit\u00e9s entre pays ont diminu\u00e9 du fait de la mondialisation, elles ont augment\u00e9 \u00e0 l&rsquo;int\u00e9rieur m\u00eame des pays\u00bb<\/div>\n<div class=\"mdjComplements\">La grande question politique qui se pose d\u00e8s lors est : Comment aide t&rsquo;on les perdants de la mondialisation ? Pour les gagnants, l&rsquo;\u00e9conomie s&rsquo;en charge. Pour qu&rsquo;il y ait plus de gagnants, il faut probablement plus d&rsquo;\u00e9ducation et une \u00e9ducation de qualit\u00e9 adapt\u00e9e aux besoins du temps. Mais il y aura toujours des perdants. Et s&rsquo;occuper des perdants c&rsquo;est une question politique, d&rsquo;organisation de la soci\u00e9t\u00e9. <\/div>\n<div class=\"mdjComplements\">Or comme le dit un message que j&rsquo;ai vu r\u00e9cemment circuler sur les r\u00e9seaux sociaux : \u00ab Nous vivons dans un monde o\u00f9 ceux qui gagnent 100 000 \u20ac par mois persuadent ceux qui en gagnent 1800 que tout va mal \u00e0 cause de ceux qui vivent avec 535 \u20ac. Et \u00e7a marche. \u00bb<\/div>\n<div class=\"mdjComplements\">Tant que nous \u00e9tions dans le syst\u00e8me de la rente de l&rsquo;Occident sur le reste du monde, nos \u00e9lites \u00e9conomiques pr\u00e9levaient sur le reste du monde de quoi, sans rien l\u00e2cher sur leurs profits, donner des emplois convenablement r\u00e9mun\u00e9r\u00e9s au plus grand nombre des occidentaux. Sans cette rente comment faire ?<\/div>\n<div class=\"mdjComplements\">Il me semble qu&rsquo;il y a 3 solutions : la redistribution, la charit\u00e9 ou la rel\u00e9gation qui peut devenir \u00e9limination.<\/div>\n<div class=\"mdjComplements\">Il va sans dire que pour moi seule la premi\u00e8re est digne.<\/div>\n","protected":false},"excerpt":{"rendered":"<p>Mardi 21 f\u00e9vrier 2017 \u00abLa mondialisation c\u2019est la fin de la rente que l\u2019Occident avait sur le monde depuis la r\u00e9volution industrielle.\u00bb Zaki La\u00efdi Nous tournons depuis longtemps autour de ce concept de mondialisation, certains pour s&rsquo;en enthousiasmer et il<\/p>\n","protected":false},"author":1,"featured_media":0,"comment_status":"closed","ping_status":"closed","sticky":false,"template":"","format":"standard","meta":{"footnotes":""},"categories":[1],"tags":[],"class_list":["post-438","post","type-post","status-publish","format-standard","hentry","category-motdujour"],"_links":{"self":[{"href":"https:\/\/lemotdujour.fr\/index.php?rest_route=\/wp\/v2\/posts\/438","targetHints":{"allow":["GET"]}}],"collection":[{"href":"https:\/\/lemotdujour.fr\/index.php?rest_route=\/wp\/v2\/posts"}],"about":[{"href":"https:\/\/lemotdujour.fr\/index.php?rest_route=\/wp\/v2\/types\/post"}],"author":[{"embeddable":true,"href":"https:\/\/lemotdujour.fr\/index.php?rest_route=\/wp\/v2\/users\/1"}],"replies":[{"embeddable":true,"href":"https:\/\/lemotdujour.fr\/index.php?rest_route=%2Fwp%2Fv2%2Fcomments&post=438"}],"version-history":[{"count":1,"href":"https:\/\/lemotdujour.fr\/index.php?rest_route=\/wp\/v2\/posts\/438\/revisions"}],"predecessor-version":[{"id":439,"href":"https:\/\/lemotdujour.fr\/index.php?rest_route=\/wp\/v2\/posts\/438\/revisions\/439"}],"wp:attachment":[{"href":"https:\/\/lemotdujour.fr\/index.php?rest_route=%2Fwp%2Fv2%2Fmedia&parent=438"}],"wp:term":[{"taxonomy":"category","embeddable":true,"href":"https:\/\/lemotdujour.fr\/index.php?rest_route=%2Fwp%2Fv2%2Fcategories&post=438"},{"taxonomy":"post_tag","embeddable":true,"href":"https:\/\/lemotdujour.fr\/index.php?rest_route=%2Fwp%2Fv2%2Ftags&post=438"}],"curies":[{"name":"wp","href":"https:\/\/api.w.org\/{rel}","templated":true}]}}