{"id":4373,"date":"2018-03-14T03:43:31","date_gmt":"2018-03-14T02:43:31","guid":{"rendered":"http:\/\/lemotdujour.fr\/?p=4373"},"modified":"2021-10-17T11:49:47","modified_gmt":"2021-10-17T09:49:47","slug":"mercredi-14-mars-2018","status":"publish","type":"post","link":"https:\/\/lemotdujour.fr\/?p=4373","title":{"rendered":"Mercredi 14 mars 2018"},"content":{"rendered":"<div class=\"mdjTexte\">\t\u00ab&nbsp;Qu\u2019est-il arriv\u00e9 \u00e0 la gauche europ\u00e9enne&nbsp;?\u00bb<\/div>\n<div class=\"mdjAuteur\">\tJan Rovny<\/div>\n<p><span style=\"color: #777777; font-family: Arial;\">Il y a 18 ans nous \u00e9tions l&rsquo;an 2000.<br \/>\n<\/span><\/p>\n<ul>\n<li><span style=\"color: #777777; font-family: Arial;\">La France \u00e9tait gouvern\u00e9e par le Parti socialiste et Lionel Jospin qui \u00e9tait premier ministre. Lors des derni\u00e8res <span style=\"color: #0000ff;\"><a style=\"color: #0000ff;\" href=\"https:\/\/fr.wikipedia.org\/wiki\/%C3%89lections_l%C3%A9gislatives_fran%C3%A7aises_de_1997\">\u00e9lections du 1<sup>er<\/sup> juin en 1997<\/a><\/span>, le Parti Socialiste avait obtenu 38,05%.<br \/>\n<\/span><\/li>\n<li><span style=\"color: #777777; font-family: Arial;\">En Grande Bretagne, le pouvoir \u00e9tait exerc\u00e9 par le Parti Travailliste de Tony Blair <a href=\"https:\/\/fr.wikipedia.org\/wiki\/%C3%89lections_g%C3%A9n%C3%A9rales_britanniques_de_1997\"><span style=\"color: #0000ff;\">vainqueur des \u00e9lections du 1<sup>er<\/sup> mai 1997<\/span><\/a>, avec 43,2% des voix<br \/>\n<\/span><\/li>\n<li><span style=\"color: #777777; font-family: Arial;\">En Allemagne, le pouvoir \u00e9tait exerc\u00e9 par le SPD. Le Chancelier \u00e9tait Gerhard Schr\u00f6der il avait gagn\u00e9 <a href=\"https:\/\/fr.wikipedia.org\/wiki\/%C3%89lections_f%C3%A9d%C3%A9rales_allemandes_de_1998\"><span style=\"color: #0000ff;\">les \u00e9lections f\u00e9d\u00e9rales du 27 septembre 1998<\/span><\/a>, avec 40,9% en battant le mythique Helmut Kohl et son CDU.<br \/>\n<\/span><\/li>\n<li><span style=\"color: #777777; font-family: Arial;\">En Italie, la coalition au pouvoir \u00e9tait le centre gauche de Romano Prodi <a href=\"https:\/\/fr.wikipedia.org\/wiki\/%C3%89lections_g%C3%A9n%C3%A9rales_italiennes_de_1996\"><span style=\"color: #0000ff;\">\u00e9lu le 21 avril 1996<\/span><\/a> avec 43,39% des voix. Il est vrai que d\u00e8s le 13 mai 2001 Silvio Berlusconi et sa \u00ab&nbsp;Maison des Libert\u00e9s&nbsp;\u00bb battaient la coalition social-d\u00e9mocrate.<br \/>\n<\/span><\/li>\n<li><span style=\"color: #777777; font-family: Arial;\">En Espagne c&rsquo;\u00e9tait la droite qui \u00e9tait au pouvoir, le premier ministre \u00e9tait Jos\u00e9 Maria Aznar. Il avait battu le dirigeant historique du Parti Social Ouvrier Espagnol Felipe Gonzalez qui avait quand m\u00eame obtenu 37,63% aux \u00e9lections du 3 mars 1996.<br \/>\n<\/span><\/li>\n<li><span style=\"color: #777777; font-family: Arial;\">Et en Gr\u00e8ce, c&rsquo;\u00e9tait le Parti socialiste le PASOK qui avait remport\u00e9 les \u00e9lections du 9 avril 2000 avec 43,79% des voix. Il faisait l&rsquo;objet d&rsquo;une reconduction.<br \/>\n<\/span><\/li>\n<\/ul>\n<p><span style=\"color: #777777; font-family: Arial;\">Aujourd&rsquo;hui, en Espagne la droite est toujours au pouvoir et dans tous les autres pays les partis sociaux-d\u00e9mocrates ont perdu le pouvoir, sauf en Allemagne o\u00f9 ils sont partenaires de la Droite qui gouverne.<br \/>\n<\/span><\/p>\n<p><span style=\"color: #777777; font-family: Arial;\">La chute la plus impressionnante est celle du PASOK grec qui est pass\u00e9 de 43,79% \u00e0 6,28% aux derni\u00e8res \u00e9lections remport\u00e9es par Syriza. La France est quand m\u00eame tr\u00e8s proche passant de 38,05% \u00e0 un peu plus de 8% en 2017.<br \/>\n<\/span><\/p>\n<p><span style=\"color: #777777; font-family: Arial;\">Il y a 18 ans, la social-d\u00e9mocratie gouvernait donc la grande majorit\u00e9 des pays europ\u00e9ens, elle est aujourd&rsquo;hui en recul voire en effondrement partout.<br \/>\n<\/span><\/p>\n<p><span style=\"color: #777777; font-family: Arial;\">Pourquoi&nbsp;?<br \/>\n<\/span><\/p>\n<p><span style=\"color: #777777; font-family: Arial;\">Philippe Meyer cite souvent l&rsquo;ancien secr\u00e9taire g\u00e9n\u00e9ral de FO <span style=\"color: #0000ff;\"><a style=\"color: #0000ff;\" href=\"http:\/\/www.rfi.fr\/france\/20140920-mort-andre-bergeron-ancien-patron-syndicat-force-ouvriere\/\">Andr\u00e9 Bergeron<\/a><\/span> qui disait&nbsp;: \u00ab<em> Pour n\u00e9gocier il faut qu&rsquo;il y ait du grain \u00e0 moudre<\/em> \u00bb. Et il semble bien que dans le cadre de la mondialisation, du libre-\u00e9change, de la libert\u00e9 de circulation des capitaux, il n&rsquo;y ait plus grande mati\u00e8re \u00e0 n\u00e9gocier. Du moins c&rsquo;est l&rsquo;id\u00e9e qui s&rsquo;est impos\u00e9e \u00e0 la sociale d\u00e9mocratie. Des partis plus \u00e0 gauche que les sociaux-d\u00e9mocrates contestent absolument cette id\u00e9e&nbsp;: ils pensent qu&rsquo;il y a toujours du grain \u00e0 moudre. Le seul Parti se r\u00e9clamant de cette mouvance, le Parti Syriza de Gr\u00e8ce qui est arriv\u00e9 au pouvoir, a au bout de quelques mois c\u00e9d\u00e9 pour revenir \u00e0 l&rsquo;orthodoxie o\u00f9 il n&rsquo;y a pas de grain \u00e0 moudre.<br \/>\n<\/span><\/p>\n<p><span style=\"color: #777777; font-family: Arial;\">Brice Couturier qui continue ses rubriques qui s&rsquo;int\u00e9ressent \u00e0 ce que des penseurs et des journalistes d&rsquo;autres pays que la France pensent et \u00e9crivent a consacr\u00e9 une \u00e9mission le 9 mars \u00e0 cette question <a href=\"https:\/\/www.franceculture.fr\/emissions\/le-tour-du-monde-des-idees\/le-tour-du-monde-des-idees-du-vendredi-09-mars-2018\"><span style=\"color: #0000ff;\">&lt;La sociale d\u00e9mocratie se meurt&gt;<\/span><\/a><br \/>\n<\/span><\/p>\n<p><span style=\"color: #777777; font-family: Arial;\">Et a pos\u00e9 cette question&nbsp;: O\u00f9 est pass\u00e9e la social-d\u00e9mocratie, qui faisait partie du code g\u00e9n\u00e9tique de la plupart de nos nations europ\u00e9ennes ?<br \/>\n<\/span><\/p>\n<p><span style=\"color: #777777; font-family: Arial;\">Il compl\u00e8te d&rsquo;abord le panorama que j&rsquo;ai dress\u00e9 ci-avant par d&rsquo;autres exemples sur la m\u00eame p\u00e9riode&nbsp;:<br \/>\n<\/span><\/p>\n<ul>\n<li><span style=\"color: #777777; font-family: Arial;\">Le Parti social-d\u00e9mocrate Tch\u00e8que est pass\u00e9 de 30 \u00e0 7\u202f%<br \/>\n<\/span><\/li>\n<li><span style=\"color: #777777; font-family: Arial;\">Les sociaux-d\u00e9mocrates n\u00e9erlandais, de 15 \u00e0 5\u202f%.<br \/>\n<\/span><\/li>\n<\/ul>\n<p><span style=\"color: #777777; font-family: Arial;\">Tous ces faits doivent rassurer mes amis socialistes&nbsp;: Le PS fran\u00e7ais n&rsquo;est pas seul \u00e0 avoir des probl\u00e8mes et la chute de la social-d\u00e9mocratie n&rsquo;est pas une question fran\u00e7aise, mais une question europ\u00e9enne.<br \/>\n<\/span><\/p>\n<p><span style=\"color: #777777; font-family: Arial;\">Pour essayer de donner un \u00e9clairage, Brice Couturier cite Jan Rovny, un politologue d&rsquo;origine tch\u00e8que, form\u00e9 au Canada et aux Etats-Unis, qui enseigne \u00e9galement \u00e0 Science Po.<br \/>\n<\/span><\/p>\n<p><span style=\"color: #777777; font-family: Arial;\">Il a publi\u00e9 une \u00e9tude intitul\u00e9e <strong>\u00abWhat happened to Europe&rsquo;s left ? \u00bb<\/strong> c&rsquo;est-\u00e0-dire \u00ab&nbsp;Qu&rsquo;est-il arriv\u00e9 \u00e0 la gauche europ\u00e9enne&nbsp;\u00bb et qui a \u00e9t\u00e9 mise en mise en ligne sur le site de la London School of Economics le 22\/02\/2018. Et que pouvez lire dans son int\u00e9gralit\u00e9 si vous \u00eates familier avec la langue de Shakespeare et que vous cliquez sur ce <span style=\"color: #0000ff;\"><a style=\"color: #0000ff;\" href=\"https:\/\/www.socialeurope.eu\/happened-europes-left\">&lt;Lien&gt;.<\/a><\/span><br \/>\n<\/span><\/p>\n<p><span style=\"color: #777777; font-family: Arial;\">Brice Couturier r\u00e9sume cette \u00e9tude de la mani\u00e8re suivante&nbsp;:<br \/>\n<\/span><\/p>\n<p style=\"margin-left: 28pt;\"><span style=\"color: #c00000; font-family: Arial;\">\u00ab&nbsp;Jan Rovny observe en premier lieu que cette baisse tendancielle s&rsquo;est s&rsquo;acc\u00e9l\u00e9r\u00e9e. Les r\u00e9sultats des \u00e9lections de 2017 ont enregistr\u00e9 l\u00e0 o\u00f9 elles ont eu lieu un v\u00e9ritable effondrement. Il s&rsquo;agit donc bien d&rsquo;un processus et il est g\u00e9n\u00e9ral.<br \/>\n<\/span><\/p>\n<p style=\"margin-left: 28pt;\"><span style=\"color: #c00000; font-family: Arial;\">La premi\u00e8re cause qui vient \u00e0 l&rsquo;esprit, c&rsquo;est la crise de 2008. Mais comment expliquer que cette crise, due aux d\u00e9r\u00e8glements de la finance, et pr\u00e9sent\u00e9e parfois \u2013 on s&rsquo;en souvient &#8211; comme \u00ab la crise finale du capitalisme \u00bb &#8211; ait b\u00e9n\u00e9fici\u00e9 plus souvent aux populistes de droite que de gauche ?<br \/>\n<\/span><\/p>\n<p style=\"margin-left: 28pt;\"><span style=\"color: #c00000; font-family: Arial;\">L&rsquo;\u00e9lectorat de la gauche n&rsquo;a pas tant bascul\u00e9 vers d&rsquo;autres partis qu&rsquo;il ne s&rsquo;est \u00ab volatilis\u00e9 \u00bb.<br \/>\n<\/span><\/p>\n<p style=\"margin-left: 28pt;\"><span style=\"color: #c00000; font-family: Arial;\">Certes, il y a eu des transferts d&rsquo;all\u00e9geance vers l&rsquo;extr\u00eame-droite ou la gauche radicale, mais les partis socialistes et sociaux-d\u00e9mocrates ont surtout vu leurs \u00e9lectorats naturels fondre comme neige au soleil. \u00bb<br \/>\n<\/span><\/p>\n<p><span style=\"color: #777777; font-family: Arial;\">La premi\u00e8re cause \u00e9voqu\u00e9e par le politologue tch\u00e8que est l&rsquo;\u00e9volution de la classe ouvri\u00e8re en raison des \u00e9volutions technologiques<br \/>\n<\/span><\/p>\n<p style=\"margin-left: 28pt;\"><span style=\"color: #c00000; font-family: Arial;\">Les vraies causes, selon Jan Rovny, sont \u00e0 chercher, en effet, du c\u00f4t\u00e9 des changements technologiques.<br \/>\n<\/span><\/p>\n<p style=\"margin-left: 28pt;\"><span style=\"color: #c00000; font-family: Arial;\">La classe ouvri\u00e8re, qui constituait le socle \u00e9lectoral des partis de gauche, a \u00e9norm\u00e9ment diminu\u00e9 en nombre. La contre-culture ouvri\u00e8re, \u00e0 travers laquelle les travailleurs prenaient conscience de leur identit\u00e9 et de leur force transformatrice, a disparu.<br \/>\n<\/span><\/p>\n<p style=\"margin-left: 28pt;\"><span style=\"color: #c00000; font-family: Arial;\">L&rsquo;ancienne classe ouvri\u00e8re a \u00e9t\u00e9 remplac\u00e9e par un pr\u00e9cariat de travailleurs peu qualifi\u00e9s, affect\u00e9s aux emplois de services \u2013 restauration, nettoyage, surveillance, transports.<br \/>\n<\/span><\/p>\n<p style=\"margin-left: 28pt;\"><span style=\"color: #c00000; font-family: Arial;\">Cette classe nouvelle, issue en grande partie de l&rsquo;immigration, a peu de moyens d&rsquo;organisation et pas d&rsquo;appartenance politique fixe.<br \/>\n<\/span><\/p>\n<p><span style=\"color: #777777; font-family: Arial;\">La seconde id\u00e9e peut \u00eatre r\u00e9sum\u00e9e par ce constat contradictoire&nbsp;: la gauche a \u00e9t\u00e9 victime de son succ\u00e8s et de l&rsquo;\u00e9mancipation qui ont conduit \u00e0 un plus grand individualisme.<br \/>\n<\/span><\/p>\n<p style=\"margin-left: 28pt;\"><span style=\"color: #c00000; font-family: Arial;\">Ensuite, c&rsquo;est le succ\u00e8s de la gauche qui a paradoxalement entra\u00een\u00e9 sa propre disparition. Les gens se sont \u00e9mancip\u00e9s \u2013 y compris des cadres structurels de la gauche\u2026<br \/>\n<\/span><span style=\"color: #c00000; font-family: Arial;\">L&rsquo;acc\u00e8s g\u00e9n\u00e9ralis\u00e9 aux \u00e9tudes sup\u00e9rieures, coupl\u00e9 avec les possibilit\u00e9s d&rsquo;information offertes par les nouvelles technologies, a provoqu\u00e9 une individualisation de la soci\u00e9t\u00e9.<br \/>\n<\/span><span style=\"color: #c00000; font-family: Arial;\">Les partis de gauche ont tent\u00e9 de coller \u00e0 l&rsquo;aspiration \u00e0 de nouveaux droits individuels, \u00e9pousant le d\u00e9sir d&rsquo;autonomie et de mobilit\u00e9 des jeunes g\u00e9n\u00e9rations dipl\u00f4m\u00e9es.<br \/>\n<\/span><span style=\"color: #c00000; font-family: Arial;\">Ce faisant, ils sont devenus des partis de classes moyennes en ascension.<br \/>\n<\/span><span style=\"color: #c00000; font-family: Arial;\">Convertis au social-lib\u00e9ralisme et appuy\u00e9s sur le noyau dur \u00e9lectoral de la fonction publique, ils ont abandonn\u00e9 les classes populaires aux populistes, qui leur promettent \u00ab protection \u00e9conomique et traditionalisme culturel \u00bb.<br \/>\n<\/span><\/p>\n<p><span style=\"color: #777777; font-family: Arial;\">Mais en fin de compte jan Rovny revient sur une dichotomie qui me semble fondamentale&nbsp;: une \u00e9conomie enti\u00e8rement tourn\u00e9 au b\u00e9n\u00e9fice des consommateurs et au d\u00e9triment des producteurs. C&rsquo;est pourquoi la mondialisation a provoqu\u00e9 une fracture entre \u00ab&nbsp;cosmopolites&nbsp;\u00bb et \u00ab&nbsp;traditionalistes&nbsp;\u00bb.<br \/>\n<\/span><\/p>\n<p style=\"margin-left: 28pt;\"><span style=\"color: #c00000; font-family: Arial;\">Les partis de gauche ont accompagn\u00e9 un autre processus dont ils sont devenus les victimes, la mondialisation. Le \u00ab transnationalisme \u00bb, expression pr\u00e9f\u00e9r\u00e9e par Jan Rovny, a remplac\u00e9 les travailleurs et les produits locaux par \u2013 je cite \u00ab des alternatives moins co\u00fbteuses \u00bb. Cela a, certes, b\u00e9n\u00e9fici\u00e9 aux consommateurs, mais au d\u00e9triment des producteurs, victimes de la concurrence \u00e9trang\u00e8re dans les secteurs expos\u00e9s.<br \/>\n<\/span><span style=\"color: #c00000; font-family: Arial;\">Le transnationalisme est en outre un ph\u00e9nom\u00e8ne culturel. D&rsquo;un c\u00f4t\u00e9, il permet aux classes favoris\u00e9es de voyager \u00e0 une \u00e9chelle sans pr\u00e9c\u00e9dent, tant pour leurs affaires que pour le tourisme. Les familles transculturelles vivent dans un monde riche de potentialit\u00e9s multiples dont ils peuvent faire b\u00e9n\u00e9ficier leurs enfants.<br \/>\n<\/span><span style=\"color: #c00000; font-family: Arial;\">Mais ceux dont les ressources sont limit\u00e9es vivent \u00ab dans un monde d\u00e9fini par des fronti\u00e8res nationales, des m\u0153urs sp\u00e9cifiques, une seule langue. \u00bb chez eux, l&rsquo;arriv\u00e9e massive de migrants, culturellement diff\u00e9rents, aggrave le sentiment d&rsquo;ali\u00e9nation.<br \/>\n<\/span><\/p>\n<p style=\"margin-left: 28pt;\"><span style=\"color: #c00000; font-family: Arial;\">Du coup, les soci\u00e9t\u00e9s se divisent dor\u00e9navant en \u00ab cosmopolites \u00bb, favorables \u00e0 l&rsquo;ouverture des fronti\u00e8res et \u00e0 la libert\u00e9 des \u00e9changes et \u00ab traditionnalistes \u00bb, favorables au protectionnisme et au respect des souverainet\u00e9s. La vieille alliance entre les cadres et intellectuels, d&rsquo;une part et la classe ouvri\u00e8re, de l&rsquo;autre, alliance sur laquelle reposaient les partis de gauche, est fractur\u00e9e.<br \/>\n<\/span><span style=\"color: #c00000; font-family: Arial;\">L&rsquo;ancien clivage, qui opposait la gauche et le droite, est supplant\u00e9 par d&rsquo;autres, fond\u00e9es sur des crit\u00e8res ethniques et culturels, ou encore entre habitants des m\u00e9tropoles et des p\u00e9riph\u00e9ries.<br \/>\n<\/span><span style=\"color: #c00000; font-family: Arial;\">Les partis de gauche sont mal \u00e9quip\u00e9s pour y faire face.<br \/>\n<\/span><\/p>\n<p><span style=\"color: #777777; font-family: Arial;\">Pour ma part je pense, en outre que cette fracture remonte de plus en plus dans les couches sociales de la classe moyenne&nbsp;: je veux parler de ce ph\u00e9nom\u00e8ne que le b\u00e9n\u00e9fice tir\u00e9 des prix bas de la consommation ne compensent plus ce qui est perdu en tant que producteur pour toutes ces personnes. Ce ph\u00e9nom\u00e8ne me semble toucher de plus en plus de gens.<br \/>\n<\/span><\/p>\n<p><span style=\"color: #777777; font-family: Arial;\">On comprend bien que derri\u00e8re tout cela se pose la question du libre-\u00e9change.<br \/>\n<\/span><\/p>\n<p><span style=\"color: #777777; font-family: Arial;\">Mais mettre fin au libre-\u00e9change, m\u00eame en partie, cela aurait pour cons\u00e9quence de p\u00e9naliser le consommateur, les prix seront plus \u00e9lev\u00e9s et certains produits ne seront plus accessibles.<br \/>\n<\/span><\/p>\n<p><span style=\"color: #777777; font-family: Arial;\">Il n&rsquo;est pas certain que le plus grand nombre sera en accord avec cette perspective.<br \/>\n<\/span><\/p>\n<p><span style=\"color: #008000; font-family: Arial;\">PS : Jean-Philippe a ajout\u00e9 un commentaire tr\u00e8s int\u00e9ressant que je conseille \u00e0 chaque lecteur d&rsquo;aller consulter.<\/span><\/p>\n<p><span style=\"color: #c00000; font-family: Arial;\">&lt;1036&gt;<\/span><\/p>\n","protected":false},"excerpt":{"rendered":"<p>\u00ab&nbsp;Qu\u2019est-il arriv\u00e9 \u00e0 la gauche europ\u00e9enne&nbsp;?\u00bb Jan Rovny Il y a 18 ans nous \u00e9tions l&rsquo;an 2000. La France \u00e9tait gouvern\u00e9e par le Parti socialiste et Lionel Jospin qui \u00e9tait premier ministre. Lors des derni\u00e8res \u00e9lections du 1er juin en<\/p>\n","protected":false},"author":1,"featured_media":0,"comment_status":"open","ping_status":"closed","sticky":false,"template":"","format":"standard","meta":{"footnotes":""},"categories":[1],"tags":[10,50,3],"class_list":["post-4373","post","type-post","status-publish","format-standard","hentry","category-motdujour","tag-economie","tag-europe","tag-politique"],"_links":{"self":[{"href":"https:\/\/lemotdujour.fr\/index.php?rest_route=\/wp\/v2\/posts\/4373","targetHints":{"allow":["GET"]}}],"collection":[{"href":"https:\/\/lemotdujour.fr\/index.php?rest_route=\/wp\/v2\/posts"}],"about":[{"href":"https:\/\/lemotdujour.fr\/index.php?rest_route=\/wp\/v2\/types\/post"}],"author":[{"embeddable":true,"href":"https:\/\/lemotdujour.fr\/index.php?rest_route=\/wp\/v2\/users\/1"}],"replies":[{"embeddable":true,"href":"https:\/\/lemotdujour.fr\/index.php?rest_route=%2Fwp%2Fv2%2Fcomments&post=4373"}],"version-history":[{"count":6,"href":"https:\/\/lemotdujour.fr\/index.php?rest_route=\/wp\/v2\/posts\/4373\/revisions"}],"predecessor-version":[{"id":12349,"href":"https:\/\/lemotdujour.fr\/index.php?rest_route=\/wp\/v2\/posts\/4373\/revisions\/12349"}],"wp:attachment":[{"href":"https:\/\/lemotdujour.fr\/index.php?rest_route=%2Fwp%2Fv2%2Fmedia&parent=4373"}],"wp:term":[{"taxonomy":"category","embeddable":true,"href":"https:\/\/lemotdujour.fr\/index.php?rest_route=%2Fwp%2Fv2%2Fcategories&post=4373"},{"taxonomy":"post_tag","embeddable":true,"href":"https:\/\/lemotdujour.fr\/index.php?rest_route=%2Fwp%2Fv2%2Ftags&post=4373"}],"curies":[{"name":"wp","href":"https:\/\/api.w.org\/{rel}","templated":true}]}}