{"id":4355,"date":"2018-03-12T03:30:05","date_gmt":"2018-03-12T02:30:05","guid":{"rendered":"http:\/\/lemotdujour.fr\/?p=4355"},"modified":"2021-10-17T11:53:33","modified_gmt":"2021-10-17T09:53:33","slug":"lundi-12-mars-2018","status":"publish","type":"post","link":"https:\/\/lemotdujour.fr\/?p=4355","title":{"rendered":"Lundi 12 mars 2018"},"content":{"rendered":"<div class=\"mdjTexte\">\t\u00abDie GroKo&nbsp;\u00bb<\/div>\n<div class=\"mdjAuteur\">\tNom de la coalition CDU-CSU et SPD qui va gouverner l\u2019Allemagne apr\u00e8s l\u2019accord obtenu<\/div>\n<p><span style=\"color: #777777; font-family: Arial;\">Nos amis allemands ne m&rsquo;ont pas trahi.<br \/>\n<\/span><\/p>\n<p><span style=\"color: #777777; font-family: Arial;\">J&rsquo;avais lors du mot du jour du<span style=\"color: #0000ff;\"> <a style=\"color: #0000ff;\" title=\"Lundi 25 septembre 2017\" href=\"https:\/\/lemotdujour.fr\/?p=3209\">Lundi 25 septembre 2017<\/a> <\/span>pos\u00e9 cet acte de foi&nbsp;:<br \/>\n<\/span><\/p>\n<p style=\"margin-left: 28pt;\"><span style=\"color: #c00000; font-family: Arial;\">\u00ab&nbsp;Personne n&rsquo;imagine un seul instant qu&rsquo;il ne sera pas possible de cr\u00e9er une coalition. Pour ma part, je suis persuad\u00e9 que si en fin de compte cela s&rsquo;av\u00e8re tr\u00e8s compliqu\u00e9, le SPD reviendra sur sa d\u00e9cision de ne pas participer \u00e0 la coalition.<br \/>\n<\/span><span style=\"color: #c00000; font-family: Arial;\">Car en Allemagne, les politiques consid\u00e8rent toujours qu&rsquo;il faut pr\u00e9f\u00e9rer l&rsquo;int\u00e9r\u00eat du pays \u00e0 l&rsquo;int\u00e9r\u00eat de son parti.&nbsp;\u00bb<br \/>\n<\/span><\/p>\n<p><span style=\"color: #777777; font-family: Arial;\"><strong>Et c&rsquo;est ce qui vient de se passer&nbsp;!<br \/>\n<\/strong><\/span><\/p>\n<p><span style=\"color: #777777; font-family: Arial;\">Pour celles et ceux qui ne suivent pas pr\u00e9cis\u00e9ment la vie politique allemande, un rappel des faits, pour les autres vous pouvez sauter ce paragraphe.<br \/>\n<\/span><\/p>\n<p><span style=\"color: #008000; font-family: Arial;\"><em>Lors des derni\u00e8res \u00e9lections l\u00e9gislatives allemandes, la liste CDU-CSU d&rsquo;Angela Merkel arriv\u00e9e en t\u00eate a recueilli 33 33% (pour comparer Emmanuel Macron a obtenu au premier tour des pr\u00e9sidentielles 24 %).<br \/>\n<\/em><\/span><\/p>\n<p><span style=\"color: #008000; font-family: Arial;\"><em>Quand on repr\u00e9sente 33% du corps \u00e9lectoral en Allemagne on ne peut pas gouverner seul, il faut donc r\u00e9aliser une coalition.<br \/>\n<\/em><\/span><\/p>\n<p><span style=\"color: #008000; font-family: Arial;\"><em>Les socialistes, c&rsquo;est-\u00e0-dire SPD, sont en coalition avec le CDU-CSU depuis 2013 sous la direction de la chanceli\u00e8re Merkel, il l&rsquo;\u00e9tait d\u00e9j\u00e0 de 2005 \u00e0 2009 qui fut le premier mandat de Merkel. Les r\u00e9sultats du SPD depuis d\u00e9gringolent lors de chaque \u00e9lection. Apr\u00e8s les \u00e9lections du 24 septembre, le SPD a d\u00e9cid\u00e9 de ne pas entrer dans une nouvelle coalition qu&rsquo;il jugeait contre-productive du point de vue de son audience \u00e9lectorale.<br \/>\n<\/em><\/span><\/p>\n<p><span style=\"color: #008000; font-family: Arial;\"><em>Merkel s&rsquo;est donc tourn\u00e9 vers deux autres partis&nbsp;: les Ecologistes et le parti lib\u00e9ral (FDP). En Allemagne les partis ont des couleurs (CDU noir, Ecologistes vert, FDP (jaune), SPD (rouge) et les coalitions prennent le nom des couleurs.<br \/>\n<\/em><\/span><\/p>\n<p><span style=\"color: #777777; font-family: Arial;\"><em><span style=\"color: #008000;\">Ainsi la coalition que tentait Merkel \u00e9tait Noir, Jaune et Vert qu&rsquo;on d\u00e9signe sous le nom de coalition jama\u00efcaine puisque ce sont les trois couleurs du drapeau de la Jama\u00efque.<\/span><br \/>\n<\/em><\/span><\/p>\n<p><span style=\"color: #777777; font-family: Arial;\">A ce stade, les partis allemands n\u00e9gocient pour se mettre d&rsquo;accord sur un programme de gouvernement comme je l&rsquo;expliquais dans le pr\u00e9c\u00e9dent mot du jour<br \/>\n<\/span><\/p>\n<p><span style=\"color: #777777; font-family: Arial;\">Et les lib\u00e9raux finalement ont dit Non et ont arr\u00eat\u00e9 de n\u00e9gocier. <span style=\"color: #c00000;\">\u00ab&nbsp; Il est pr\u00e9f\u00e9rable de ne pas gouverner que de mal gouverner &nbsp;\u00bb,<span style=\"color: #777777;\"> <a href=\"http:\/\/www.lesoir.be\/125187\/article\/2017-11-20\/allemagne-le-parti-liberal-fdp-quitte-les-negociations\"><span style=\"color: #0000ff;\">a d\u00e9clar\u00e9 \u00e0 la presse<\/span><\/a> \u00e0 Berlin, le pr\u00e9sident des Lib\u00e9raux du FDP Christian Lindner, fin novembre, apr\u00e8s deux mois de n\u00e9gociations.<br \/>\n<\/span><\/span><\/span><\/p>\n<p><span style=\"color: #777777; font-family: Arial;\">Et comme je l&rsquo;avais intuitivement pr\u00e9vu&nbsp;: <span style=\"color: #c00000;\">je suis persuad\u00e9 que si en fin de compte cela s&rsquo;av\u00e8re tr\u00e8s compliqu\u00e9, le SPD reviendra sur sa d\u00e9cision de ne pas participer \u00e0 la coalition. <span style=\"color: #777777;\">Le SPD est bien revenu sur son refus de n\u00e9gocier.<br \/>\n<\/span><\/span><\/span><\/p>\n<p><span style=\"color: #777777; font-family: Arial;\">Et c&rsquo;est l\u00e0 qu&rsquo;il faut suivre et comprendre ce que c&rsquo;est qu&rsquo;une vraie d\u00e9mocratie, pour nous autres fran\u00e7ais qui avons l&rsquo;habitude de donner les cl\u00e9s \u00e0 un homme et ensuite de voter ou de s&rsquo;abstenir pour que l&rsquo;homme qui a les cl\u00e9s puissent disposer d&rsquo;une assembl\u00e9e avec une majorit\u00e9 absolue d\u00e9vou\u00e9e \u00e0 le satisfaire.<br \/>\n<\/span><\/p>\n<ul>\n<li><span style=\"color: #777777; font-family: Arial;\">Donc le SPD est d&rsquo;abord revenu vers ses militants pour obtenir le droit de n\u00e9gocier.<br \/>\n<\/span><\/li>\n<li><span style=\"color: #777777; font-family: Arial;\">Puis ils ont n\u00e9goci\u00e9 pendant 3 mois (d\u00e9cembre \u2013 f\u00e9vrier) pour parvenir \u00e0 un programme de gouvernement qu&rsquo;ils vont fid\u00e8lement mettre en \u0153uvre&nbsp;;<br \/>\n<\/span><\/li>\n<li><span style=\"color: #777777; font-family: Arial;\">Et Angela Merkel est revenu vers les 1000 d\u00e9l\u00e9gu\u00e9s du CDU pour obtenir leur approbation, sans laquelle elle ne pouvait faire la coalition. Et, <span style=\"color: #0000ff;\"><a style=\"color: #0000ff;\" href=\"http:\/\/www.bfmtv.com\/international\/allemagne-le-parti-de-merkel-approuve-le-projet-de-grande-coalition-1382712.html\">la CDU a approuv\u00e9<\/a>.<\/span><br \/>\n<\/span><\/li>\n<li><span style=\"color: #777777; font-family: Arial;\">Pour le SPD ce fut encore plus compliqu\u00e9, il fallait que les militants du SPD votent et acceptent cette coalition. <a href=\"https:\/\/www.latribune.fr\/economie\/union-europeenne\/la-groko-de-merkel-approuvee-par-les-adherents-du-spd-770546.html\"><span style=\"color: #0000ff;\">Ce que les militants du SPD ont fait.<\/span><\/a> Le SPD a annonc\u00e9 que le \u00ab\u00a0oui\u00a0\u00bb l&rsquo;a emport\u00e9 \u00e0 plus de 66% et 78,4% des 463.000 membres du parti ont particip\u00e9 au vote.<br \/>\n<\/span><\/li>\n<\/ul>\n<p><span style=\"color: #777777; font-family: Arial;\">C&rsquo;est ainsi que fonctionne les vraies d\u00e9mocraties lib\u00e9rales&nbsp;: un parti est \u00e9lu sur un programme. S&rsquo;il a la majorit\u00e9 absolue, il met en \u0153uvre son programme. Si ce n&rsquo;est pas le cas des partis ayant ensemble la majorit\u00e9 absolue n\u00e9gocient pour \u00e9laborer un programme \u00e0 partir de leurs programmes respectifs en accordant une priorit\u00e9 au programme arriv\u00e9 en t\u00eate. Et en plus, on revient vers les repr\u00e9sentants et les militants pour avaliser l&rsquo;accord de gouvernement.<br \/>\n<\/span><\/p>\n<p><span style=\"color: #777777; font-family: Arial;\">En France cela ne marche pas ainsi, il y a des \u00e9lections pr\u00e9sidentielles, puis une succession d&rsquo;\u00e9v\u00e8nements \u00e9tranges pour finalement parvenir \u00e0 ce que les 24% des \u00e9lecteurs puissent imposer leur politique aux 76% restants. Bien s\u00fbr, vous me direz&nbsp;: les fran\u00e7ais sont complices, personne ne les obligeait \u00e0 donner la majorit\u00e9 absolue aux d\u00e9put\u00e9s pr\u00e9sent\u00e9s par l&rsquo;homme qui a obtenu moins d&rsquo;un quart des voix.<br \/>\n<\/span><\/p>\n<p><span style=\"color: #777777; font-family: Arial;\">Alain Duhamel, affirme que le peuple fran\u00e7ais est querelleur et qu&rsquo;un syst\u00e8me comme celui des allemands, c&rsquo;est-\u00e0-dire un syst\u00e8me vraiment d\u00e9mocratique ne peut pas fonctionner. Selon lui, il nous faut un r\u00e9gime quasi bonapartiste, un c\u00e9sarisme, bref les institutions de la V\u00e8me R\u00e9publique.<br \/>\n<\/span><\/p>\n<p><span style=\"color: #777777; font-family: Arial;\">C&rsquo;est ce qu&rsquo;il a \u00e9crit avec Edouard Balladur dans un livre \u00e0 la gloire de la 5<sup>\u00e8me<\/sup> R\u00e9publique&nbsp;: \u00ab <a href=\"https:\/\/livre.fnac.com\/a10684557\/Edouard-Balladur-Grandeur-et-decadence-de-la-Veme-Republique?omnsearchpos=1\"><span style=\"color: #0000ff;\">Grandeur et d\u00e9cadence de la V\u00e8me R\u00e9publique<\/span><\/a> \u00bb et qu&rsquo;il a r\u00e9affirm\u00e9 dans <a href=\"http:\/\/www.rtl.fr\/actu\/politique\/francois-mitterrand-un-president-possessif-selon-edouard-balladur-7790101361\"><span style=\"color: #0000ff;\">cette \u00e9mission de RTL<\/span><\/a><span style=\"color: #0000ff;\">.<\/span><br \/>\n<\/span><\/p>\n<p><span style=\"color: #777777; font-family: Arial;\">Je me permets de ne pas \u00eatre d&rsquo;accord et de pr\u00e9f\u00e9rer un r\u00e9gime vraiment d\u00e9mocratique, m\u00eame s&rsquo;il faut du temps pour se mettre d&rsquo;accord sur un programme de gouvernement.<br \/>\n<\/span><\/p>\n<p><span style=\"color: #777777; font-family: Arial;\">En principe cette coalition devrait avoir pour nom \u00ab&nbsp;la coalition noir rouge&nbsp;\u00bb, mais les allemands, s&rsquo;agissant des deux partis les plus importants, ceux qui ont donn\u00e9 tous les chanceliers \u00e0 l&rsquo;Allemagne depuis la guerre, pr\u00e9f\u00e8rent parler de la \u00ab&nbsp;<strong>Gro\u00dfe Koalition&nbsp;\u00bb <\/strong>c&rsquo;est-\u00e0-dire \u00ab&nbsp;Grande Coalition&nbsp;\u00bb ce qui donne en abr\u00e9g\u00e9<strong> \u00ab&nbsp;GroKo&nbsp;\u00bb<br \/>\n<\/strong><\/span><\/p>\n<p><span style=\"color: #777777; font-family: Arial;\">La Groko va permettre \u00e0 Angela Merkel d&rsquo;entamer un quatri\u00e8me mandat \u00e0 la t\u00eate du gouvernement : elle devrait \u00eatre formellement \u00e9lue chanceli\u00e8re par les d\u00e9put\u00e9s mi-mars.<br \/>\n<\/span><\/p>\n<p><span style=\"color: #800000;\">&lt;1034&gt;<\/span><\/p>\n","protected":false},"excerpt":{"rendered":"<p>\u00abDie GroKo&nbsp;\u00bb Nom de la coalition CDU-CSU et SPD qui va gouverner l\u2019Allemagne apr\u00e8s l\u2019accord obtenu Nos amis allemands ne m&rsquo;ont pas trahi. J&rsquo;avais lors du mot du jour du Lundi 25 septembre 2017 pos\u00e9 cet acte de foi&nbsp;: \u00ab&nbsp;Personne<\/p>\n","protected":false},"author":1,"featured_media":0,"comment_status":"open","ping_status":"closed","sticky":false,"template":"","format":"standard","meta":{"footnotes":""},"categories":[1],"tags":[47,50,3],"class_list":["post-4355","post","type-post","status-publish","format-standard","hentry","category-motdujour","tag-allemagne","tag-europe","tag-politique"],"_links":{"self":[{"href":"https:\/\/lemotdujour.fr\/index.php?rest_route=\/wp\/v2\/posts\/4355","targetHints":{"allow":["GET"]}}],"collection":[{"href":"https:\/\/lemotdujour.fr\/index.php?rest_route=\/wp\/v2\/posts"}],"about":[{"href":"https:\/\/lemotdujour.fr\/index.php?rest_route=\/wp\/v2\/types\/post"}],"author":[{"embeddable":true,"href":"https:\/\/lemotdujour.fr\/index.php?rest_route=\/wp\/v2\/users\/1"}],"replies":[{"embeddable":true,"href":"https:\/\/lemotdujour.fr\/index.php?rest_route=%2Fwp%2Fv2%2Fcomments&post=4355"}],"version-history":[{"count":7,"href":"https:\/\/lemotdujour.fr\/index.php?rest_route=\/wp\/v2\/posts\/4355\/revisions"}],"predecessor-version":[{"id":12351,"href":"https:\/\/lemotdujour.fr\/index.php?rest_route=\/wp\/v2\/posts\/4355\/revisions\/12351"}],"wp:attachment":[{"href":"https:\/\/lemotdujour.fr\/index.php?rest_route=%2Fwp%2Fv2%2Fmedia&parent=4355"}],"wp:term":[{"taxonomy":"category","embeddable":true,"href":"https:\/\/lemotdujour.fr\/index.php?rest_route=%2Fwp%2Fv2%2Fcategories&post=4355"},{"taxonomy":"post_tag","embeddable":true,"href":"https:\/\/lemotdujour.fr\/index.php?rest_route=%2Fwp%2Fv2%2Ftags&post=4355"}],"curies":[{"name":"wp","href":"https:\/\/api.w.org\/{rel}","templated":true}]}}