{"id":4328,"date":"2018-03-08T04:06:46","date_gmt":"2018-03-08T03:06:46","guid":{"rendered":"http:\/\/lemotdujour.fr\/?p=4328"},"modified":"2021-10-17T11:54:44","modified_gmt":"2021-10-17T09:54:44","slug":"jeudi-8-mars-2018","status":"publish","type":"post","link":"https:\/\/lemotdujour.fr\/?p=4328","title":{"rendered":"Jeudi 8 mars 2018"},"content":{"rendered":"<div class=\"mdjTexte\">\t\u00ab&nbsp;Lyon fit la guerre \u00e0 la Libert\u00e9 ; Lyon n\u2019est plus\u00bb<\/div>\n<div class=\"mdjAuteur\">\tD\u00e9cret de la Convention du 12 octobre 1793<\/div>\n<p><span style=\"color: #777777; font-family: Arial;\">La r\u00e9volution fran\u00e7aise fut tr\u00e8s cruelle pour Lyon, surtout en 1793.<br \/>\n<\/span><\/p>\n<p><img decoding=\"async\" class=\"alignleft\" src=\"https:\/\/lemotdujour.fr\/wp-content\/uploads\/2018\/03\/030718_0356_Jeudi8mars21.gif\" alt=\"\" align=\"left\"><span style=\"color: #777777; font-family: Arial;\">Si vous regardez de mani\u00e8re attentive la carte des d\u00e9partements de l&rsquo;ancienne R\u00e9gion Rh\u00f4ne-Alpes, une anomalie saute tout de suite aux yeux.<br \/>\n<\/span><\/p>\n<p><span style=\"color: #777777; font-family: Arial;\">La Loire et le Rh\u00f4ne ne ressemblent pas aux autres d\u00e9partements, ils sont plus petits. On dirait m\u00eame qu&rsquo;ils sont chacun la moiti\u00e9 d&rsquo;un d\u00e9partement comme l&rsquo;Ain, l&rsquo;Is\u00e8re ou les Savoies.<br \/>\n<\/span><\/p>\n<p><span style=\"color: #777777; font-family: Arial;\">Et c&rsquo;est vrai, \u00e0 l&rsquo;origine <span style=\"color: #0000ff;\"><a style=\"color: #0000ff;\" href=\"https:\/\/fr.wikipedia.org\/wiki\/Rh%C3%B4ne-et-Loire\">Le Rh\u00f4ne-et-Loire<\/a><\/span> fut l&rsquo;un des 83 d\u00e9partements cr\u00e9\u00e9s \u00e0 la R\u00e9volution fran\u00e7aise, le 4 mars 1790 en application de la loi du 22 d\u00e9cembre 1789, \u00e0 partir du territoire de la G\u00e9n\u00e9ralit\u00e9 de Lyon elle-m\u00eame constitu\u00e9e des anciennes provinces du Lyonnais, du Beaujolais et du Forez.<br \/>\n<\/span><\/p>\n<p><span style=\"color: #777777; font-family: Arial;\">Mais ce d\u00e9partement fut divis\u00e9 en deux pour punir Lyon qui avait eu la mauvaise id\u00e9e de chasser les montagnards et de prendre le parti des girondins, alors qu&rsquo;\u00e0 Paris les montagnards de Robespierre \u00e9taient en train de vaincre les Girondins.<br \/>\n<\/span><\/p>\n<p><span style=\"color: #777777; font-family: Arial;\">Rappelons que les Girondins avaient pour nom Vergniaud, Brissot, Roland et Condorcet.<br \/>\n<\/span><\/p>\n<p><span style=\"color: #777777; font-family: Arial;\">En face les montagnards s&rsquo;appelaient Robespierre, Danton, Marat, Saint Just.<br \/>\n<\/span><\/p>\n<p><span style=\"color: #777777; font-family: Arial;\">Les premiers qui attaqu\u00e8rent, furent d&rsquo;abord les Girondins qui, pour cause de d\u00e9nonciations calomnieuses, firent d\u00e9cr\u00e9ter l&rsquo;arrestation de Marat par la Convention nationale le 13 avril 1793 ; mais celui-ci fut acquitt\u00e9 par le Tribunal criminel extraordinaire et regagna l&rsquo;Assembl\u00e9e triomphalement le 24 avril 1793.<br \/>\n<\/span><\/p>\n<p><span style=\"color: #777777; font-family: Arial;\">Ce fut le d\u00e9but du d\u00e9clin des girondins.<br \/>\n<\/span><\/p>\n<p><span style=\"color: #777777; font-family: Arial;\">Deux articles de Wikipedia d\u00e9taillent les \u00e9v\u00e8nements lyonnais&nbsp;: <span style=\"color: #0000ff;\"><a style=\"color: #0000ff;\" href=\"https:\/\/fr.wikipedia.org\/wiki\/Lyon_sous_la_R%C3%A9volution\">&lt;Lyon sous la R\u00e9volution&gt;<\/a><\/span> et <span style=\"color: #0000ff;\"><a style=\"color: #0000ff;\" href=\"https:\/\/fr.wikipedia.org\/wiki\/Soul%C3%A8vement_de_Lyon_contre_la_Convention_nationale\">&lt;Soul\u00e8vement de Lyon contre la Convention nationale&gt;<\/a><\/span><br \/>\n<\/span><\/p>\n<p><span style=\"color: #777777; font-family: Arial;\">Au d\u00e9but de la r\u00e9volution les lyonnais sont tr\u00e8s favorables \u00e0 celle-ci.<br \/>\n<\/span><\/p>\n<p><span style=\"color: #777777; font-family: Arial;\">Nous pouvons lire dans Wikipedia&nbsp;:<br \/>\n<\/span><\/p>\n<p style=\"margin-left: 28pt;\"><span style=\"color: #c00000; font-family: Arial;\">\u00ab&nbsp;En 1789, Lyon est avec Paris la seule agglom\u00e9ration \u00e0 d\u00e9passer de fa\u00e7on certaine les 100 000 habitants. Ville de banque, de n\u00e9goce et de manufactures, elle vit surtout de la soierie, qui occupe un tiers de la population. Mais la France est alors plong\u00e9e dans une crise \u00e9conomique tr\u00e8s grave, et cette industrie est en crise. Selon Arthur Young, agronome britannique qui visite la ville en d\u00e9cembre, 20 000 personnes vivent de la charit\u00e9 et souffrent de la disette, et les couches populaires sont confront\u00e9es \u00e0 la mis\u00e8re. [\u2026] Le peuple de la ville esp\u00e8re que les \u00c9tats g\u00e9n\u00e9raux de 1789 vont supprimer les droits d&rsquo;octroi, \u00e9tablis par l&rsquo;oligarchie marchande pour acquitter le loyer des emprunts sans imposer les propri\u00e9t\u00e9s. Toutefois, la nouvelle municipalit\u00e9 issue des \u00e9lections maintient l&rsquo;octroi. Cette mesure provoque une nouvelle \u00e9meute, qui contraint les \u00e9diles \u00e0 reculer ; mais l&rsquo;Assembl\u00e9e constituante r\u00e9tablit provisoirement les barri\u00e8res. Cette d\u00e9cision d\u00e9clenche une nouvelle \u00e9meute, accompagn\u00e9e du pillage des maisons des plus riches et de la demande de la taxation des denr\u00e9es de premi\u00e8re n\u00e9cessit\u00e9.&nbsp;\u00bb<br \/>\n<\/span><\/p>\n<p><span style=\"color: #777777; font-family: Arial;\">Par la suite ce sont plut\u00f4t des mod\u00e9r\u00e9s ou des monarchistes constitutionnels qui d\u00e9tiennent le pouvoir \u00e0 Lyon.<br \/>\n<\/span><\/p>\n<p><span style=\"color: #777777; font-family: Arial;\">En fin de compte l&rsquo;affrontement \u00e0 Lyon se fera entre le girondin <strong>Roland<\/strong> et ses partisans rest\u00e9s \u00e0 Lyon et le montagnard <strong>Marie Joseph Chalier<\/strong>.<br \/>\n<\/span><\/p>\n<p><a href=\"https:\/\/fr.wikipedia.org\/wiki\/Jean-Marie_Roland_de_La_Plati%C3%A8re\"><span style=\"font-family: Arial;\"><span style=\"color: #0000ff;\">Roland<\/span><\/span><\/a><span style=\"color: #777777; font-family: Arial;\"> ou plus pr\u00e9cis\u00e9ment \u00ab&nbsp;Jean-Marie Roland de La Plati\u00e8re&nbsp;\u00bb est n\u00e9 le 18 f\u00e9vrier 1734 \u00e0 Thizy, dans le Beaujolais.il occupe le poste d&rsquo;inspecteur des manufactures \u00e0 Lyon, lorsqu&rsquo;\u00e9clate la R\u00e9volution. Il est le mari de la c\u00e9l\u00e8bre <span style=\"color: #0000ff;\"><a style=\"color: #0000ff;\" href=\"https:\/\/fr.wikipedia.org\/wiki\/Manon_Roland\">Madame Roland<\/a><\/span> qui a pour pr\u00e9nom Manon et sera guillotin\u00e9 en 1793 \u00e0 Paris. Son mari se suicidera deux jours apr\u00e8s.<br \/>\n<\/span><\/p>\n<p><span style=\"color: #777777; font-family: Arial;\">Roland est \u00e9lu en 1790 au conseil g\u00e9n\u00e9ral de la commune de la ville de Lyon, qui l&rsquo;envoie \u00e0 Paris l&rsquo;ann\u00e9e suivante. Dans la capitale, il se fait conna\u00eetre gr\u00e2ce notamment \u00e0 Manon qui re\u00e7oit tous les hommes influents. Il deviendra ministre de l&rsquo;int\u00e9rieur du gouvernement girondin en mars 1792, toujours gr\u00e2ce \u00e0 l&rsquo;influence de son \u00e9pouse.<br \/>\n<\/span><\/p>\n<p><span style=\"color: #777777; font-family: Arial;\">A Lyon se sont ses amis girondins qui se succ\u00e8dent comme maire de Lyon, ils ont pour nom Vitet, Nivi\u00e8re-Chol, Gilibert.<br \/>\n<\/span><\/p>\n<p><span style=\"color: #777777; font-family: Arial;\">Mais tous ces maires sont contest\u00e9s par Marie Joseph Chalier et ses alli\u00e9s.<br \/>\n<\/span><\/p>\n<p><a href=\"https:\/\/fr.wikipedia.org\/wiki\/Marie_Joseph_Chalier\"><span style=\"font-family: Arial;\"><span style=\"color: #0000ff;\">Chalier<\/span><\/span><\/a><span style=\"color: #777777; font-family: Arial;\"> se bat pour une r\u00e9volution sociale mais c&rsquo;est un extr\u00e9misme brutal. Son partisan Bertrand acc\u00e8de enfin \u00e0 la mairie de Lyon le 9 mars 1793.<br \/>\n<\/span><\/p>\n<p><span style=\"color: #777777; font-family: Arial;\">Le pouvoir des Chaliers va durer 80 jours. Le 29 mai, une assembl\u00e9e des sections r\u00e9unie \u00e0 l&rsquo;Arsenal d\u00e9cide de renverser la municipalit\u00e9. Dans la nuit, les \u00ab Chalier \u00bb sont arr\u00eat\u00e9s. Le juge Amp\u00e8re (p\u00e8re du physicien Andr\u00e9-Marie Amp\u00e8re) est d\u00e9sign\u00e9 pour instruire le proc\u00e8s de Joseph Chalier et de ses amis.<br \/>\n<\/span><\/p>\n<p><span style=\"color: #777777; font-family: Arial;\">Chalier est condamn\u00e9 \u00e0 mort le 16 juillet et guillotin\u00e9 le lendemain.<br \/>\n<\/span><\/p>\n<p><span style=\"color: #777777; font-family: Arial;\">La Convention montagnarde d\u00e9cide d&rsquo;envoyer une arm\u00e9e \u00e0 Lyon qui bombardera la ville et fera <a href=\"http:\/\/www.museemilitairelyon.com\/spip.php?article116\"><span style=\"color: #0000ff;\">son si\u00e8ge du 9 ao\u00fbt au 9 octobre 1793<\/span><\/a>, date de la reddition.<br \/>\n<\/span><\/p>\n<p><span style=\"color: #777777; font-family: Arial;\">La r\u00e9pression sera f\u00e9roce.<\/span><br \/>\n<img decoding=\"async\" class=\"alignright\" src=\"https:\/\/lemotdujour.fr\/wp-content\/uploads\/2018\/03\/030718_0356_Jeudi8mars22.jpg\" alt=\"\" align=\"left\"><\/p>\n<p><span style=\"color: #777777; font-family: Arial;\">La convention produira son c\u00e9l\u00e8bre <strong>d\u00e9cret du 12 octobre 1793<\/strong>.<br \/>\n<\/span><\/p>\n<p><span style=\"color: #777777; font-family: Arial;\">Dont je donne les principaux passages&nbsp;:<\/span><\/p>\n<p style=\"margin-left: 28pt;\"><span style=\"color: #c00000; font-family: Arial;\">\u00ab&nbsp;La ville de Lyon sera d\u00e9truite, tout ce qui fut habit\u00e9 par le riche sera d\u00e9moli [&#8230;]<br \/>\n<\/span><\/p>\n<p style=\"margin-left: 28pt;\"><span style=\"color: #c00000; font-family: Arial;\">Le nom de Lyon sera effac\u00e9 du tableau des villes de la R\u00e9publique.<\/span><\/p>\n<p style=\"margin-left: 28pt;\"><span style=\"color: #c00000; font-family: Arial;\">La r\u00e9union des maisons conserv\u00e9es portera d\u00e9sormais le nom de <strong>ville affranchie<\/strong>.<\/span><\/p>\n<p style=\"margin-left: 28pt;\"><span style=\"color: #c00000;\"><span style=\"font-family: Arial;\">Il sera \u00e9lev\u00e9 sur les ruines de Lyon une colonne avec cette inscription :<\/span><\/span><br \/>\n<span style=\"color: #c00000;\"><span style=\"font-family: Arial;\">&nbsp;<strong>Lyon fit la guerre \u00e0 la Libert\u00e9 ; Lyon n&rsquo;est plus.<\/strong>&nbsp;\u00bb<\/span><span style=\"font-family: Times New Roman;\"><br \/>\n<\/span><\/span><\/p>\n<p><span style=\"color: #777777; font-family: Arial;\">Toutefois, ce d\u00e9cret ne fut que mod\u00e9r\u00e9ment appliqu\u00e9. Le 26 octobre, on commen\u00e7a la d\u00e9molition des Fa\u00e7ades de la place Bellecour. Bonaparte, Premier Consul, en ordonnera la reconstruction en 1800, et viendra en poser la premi\u00e8re pierre.<br \/>\n<\/span><\/p>\n<p><span style=\"color: #777777; font-family: Arial;\">Parall\u00e8lement quelques appellations r\u00e9volutionnaires furent impos\u00e9es&nbsp;: \u00e0 l&rsquo;instar de la ville de Lyon devenue Ville-Affranchie, divers quartiers, places et rues sont rebaptis\u00e9s. C&rsquo;est ainsi que le quartier Bellecour devient le \u00ab Canton de la F\u00e9d\u00e9ration \u00bb ou \u00ab Canton \u00c9galit\u00e9 \u00bb, la place Bellecour devient \u00ab place de la F\u00e9d\u00e9ration \u00bb ou \u00ab place de l&rsquo;\u00c9galit\u00e9 \u00bb, le quartier de La Croix-Rousse devient \u00ab Commune-Chalier \u00bb, le quartier de l&rsquo;H\u00f4tel-Dieu dev<\/span><span style=\"color: #777777; font-family: Arial;\">ient \u00ab Canton-sans-Culotte \u00bb, le quartier de la Halle aux Bl\u00e9s devient \u00ab Canton Chalier \u00bb<br \/>\n<\/span><\/p>\n<p><span style=\"color: #777777; font-family: Arial;\">Mais le 14 pluvi\u00f4se an III (2 f\u00e9vrier 1795), la Convention d&rsquo;apr\u00e8s Thermidor suspend l&rsquo;application du terrible d\u00e9cret et restitue \u00e0 la Ville ses droits et son nom.<br \/>\n<\/span><\/p>\n<p><span style=\"color: #777777; font-family: Arial;\">En revanche, la partition du d\u00e9partement de Rh\u00f4ne et Loire qui fut officialis\u00e9e par l&rsquo;approbation de la Convention nationale le mardi 19 novembre 1793 ne fut, lui, jamais remis en question. Ainsi Saint Etienne est une pr\u00e9fecture au m\u00eame titre que Lyon.<br \/>\n<\/span><\/p>\n<p><span style=\"color: #777777; font-family: Arial;\">Le plus terrible fut cependant les ex\u00e9cutions en masse par la guillotine et des fusillades<br \/>\n<\/span><\/p>\n<p><span style=\"color: #777777; font-family: Arial;\">La Convention d\u00e9cide la formation d&rsquo;une \u00ab Commission extraordinaire \u00bb de cinq membres charg\u00e9e de \u00ab punir militairement et sans d\u00e9lai les criminels contre-r\u00e9volutionnaires de Lyon \u00bb.<br \/>\n<\/span><\/p>\n<p><span style=\"color: #777777; font-family: Arial;\">Cette \u00ab Commission r\u00e9volutionnaire extraordinaire \u00bb qui si\u00e8ge du 30 novembre 1793 au 6 avril 1794, pr\u00e9sid\u00e9e par le g\u00e9n\u00e9ral Parein, d\u00e9cide d&#8217;embl\u00e9e de substituer des mitraillades collectives aux fusillades individuelles et \u00e0 la guillotine. Les 4 et 5 d\u00e9cembre, 60, puis 208 ou 209 condamn\u00e9s sont tu\u00e9s par trois pi\u00e8ces de canon charg\u00e9es \u00e0 mitraille dans la plaine des Brotteaux, pr\u00e8s de la grange de Part-Dieu.<br \/>\n<\/span><\/p>\n<p><span style=\"color: #777777; font-family: Arial;\">La responsabilit\u00e9 de ces massacres a \u00e9t\u00e9 imput\u00e9e non seulement \u00e0 la Commission Parein, mais aussi aux repr\u00e9sentants Collot d&rsquo;Herbois et Fouch\u00e9, nomm\u00e9s le mois pr\u00e9c\u00e9dent.<br \/>\n<\/span><\/p>\n<p><img loading=\"lazy\" decoding=\"async\" class=\" wp-image-4332 alignleft\" src=\"https:\/\/lemotdujour.fr\/wp-content\/uploads\/2018\/03\/15_l_ossuaire.jpg\" alt=\"\" width=\"493\" height=\"330\" srcset=\"https:\/\/lemotdujour.fr\/wp-content\/uploads\/2018\/03\/15_l_ossuaire.jpg 610w, https:\/\/lemotdujour.fr\/wp-content\/uploads\/2018\/03\/15_l_ossuaire-300x201.jpg 300w\" sizes=\"auto, (max-width: 493px) 100vw, 493px\" \/><span style=\"color: #777777; font-family: Arial;\">Pour comm\u00e9morer ces massacres dans la plaine des Brotteaux, des lyonnais ont instaur\u00e9 un m\u00e9morial dans la crypte de la <span style=\"color: #0000ff;\"><a style=\"color: #0000ff;\" href=\"http:\/\/www.lelyondesgones.com\/photos_visites_Lyon\/lieux_de_cultes\/l_ossuaire\/index.html\">chapelle sainte Croix des Brotteaux<\/a><\/span> (147 rue Cr\u00e9qui, Lyon 6)<br \/>\n<\/span><\/p>\n<p><span style=\"color: #777777; font-family: Arial;\">Pr\u00e8s de 2000 personnes ont ainsi \u00e9t\u00e9 ex\u00e9cut\u00e9es selon ces diverses \u00ab&nbsp;m\u00e9thodes&nbsp;\u00bb r\u00e9volutionnaires<br \/>\n<\/span><\/p>\n<p><span style=\"color: #777777; font-family: Arial;\">Vous trouverez derri\u00e8re ce lien une vid\u00e9o pr\u00e9sentant <a href=\"https:\/\/www.youtube.com\/watch?v=lquptKIVvIY\"><span style=\"color: #0000ff;\">&lt;La crypte des Brotteaux&gt;<\/span><\/a> , monument et ossuaire \u00e0 la m\u00e9moire des victimes de la r\u00e9pression de 1793 \u00e0 Lyon.<br \/>\n<\/span><\/p>\n<p><span style=\"color: #777777; font-family: Arial;\">Edouard Herriot, le maire de Lyon de la premi\u00e8re moiti\u00e9 du XX\u00e8me si\u00e8cle a \u00e9crit un livre d&rsquo;Histoire, \u00ab&nbsp;Lyon n&rsquo;est plus&nbsp;\u00bb en 3 tomes&nbsp;:<br \/>\n<\/span><\/p>\n<ul>\n<li><span style=\"color: #777777; font-family: Arial;\">Tome 1 \u00ab&nbsp;Jacobins et les mod\u00e9r\u00e9s&nbsp;\u00bb<br \/>\n<\/span><\/li>\n<li><span style=\"color: #777777; font-family: Arial;\">Tome 2 \u00ab&nbsp;le si\u00e8ge&nbsp;\u00bb<br \/>\n<\/span><\/li>\n<li><span style=\"color: #777777; font-family: Arial;\">Tome 3 \u00ab&nbsp;la r\u00e9pression&nbsp;\u00bb.<br \/>\n<\/span><\/li>\n<\/ul>\n<p><span style=\"color: #777777; font-family: Arial;\">On peut comprendre qu&rsquo;apr\u00e8s de tels \u00e9pisodes, une certaine tension puisse exister entre Paris et Lyon.<br \/>\n<\/span><\/p>\n<p><span style=\"color: #777777; font-family: Arial;\">Par la suite Napol\u00e9on Bonaparte a apport\u00e9 du baume au c\u0153ur des lyonnais.<br \/>\n<\/span><\/p>\n<p><span style=\"color: #777777; font-family: Arial;\">Ce site <a href=\"https:\/\/lacivilisationlyonnaise.wordpress.com\/2012\/12\/24\/la-tellement-courte-memoire-des-lyonnais-22-lyon-et-napoleon\/\"><span style=\"color: #0000ff;\">&lt;Napol\u00e9on et Lyon&gt;<\/span><\/a> raconte cette histoire.<br \/>\n<\/span><\/p>\n<p><span style=\"color: #777777; font-family: Arial;\">Il existait par exemple le projet de construire un palais imp\u00e9rial sur la Presqu&rsquo;ile. Il paraitrait que les plans de la gare de Perrache ont \u00e9t\u00e9 inspir\u00e9s par ceux du projet de palais imp\u00e9rial de Napol\u00e9on.<br \/>\n<\/span><\/p>\n<p><span style=\"color: #777777; font-family: Arial;\">En revenant de l&rsquo;ile d&rsquo;Elbe, Napol\u00e9on a fait une derni\u00e8re fois halte dans l&rsquo;ex ville affranchie et a \u00e9crit ce mot que vous pouvez retrouver au Mus\u00e9e Gadagne et aussi sur le site pr\u00e9cit\u00e9&nbsp;:<br \/>\n<\/span><\/p>\n<p style=\"margin-left: 28pt;\"><span style=\"color: #c00000; font-family: Arial;\"><strong>\u00ab&nbsp;Lyonnais je vous aime&nbsp;\u00bb<br \/>\n<\/strong><\/span><span style=\"color: #777777; font-family: Arial;\">Cet \u00e9crit date du 13 mars 1815.<br \/>\n<\/span><\/p>\n<p><span style=\"color: #777777; font-family: Arial;\">La 3<sup>\u00e8me<\/sup> \u00e9mission de la fabrique de l&rsquo;Histoire consacr\u00e9e \u00e0 Lyon portait sur ce sujet et avait pour titre&nbsp;:<span style=\"color: #0000ff;\"> <a style=\"color: #0000ff;\" href=\"https:\/\/www.franceculture.fr\/emissions\/la-fabrique-de-lhistoire\/histoire-de-lyon-34-1793-lyon-nest-plus\">&lt;Lyon n&rsquo;est plus&gt;<\/a><\/span><br \/>\n<\/span><\/p>\n<p><span style=\"color: #800000; font-family: Arial;\">&lt;1032&gt;<\/span><\/p>\n","protected":false},"excerpt":{"rendered":"<p>\u00ab&nbsp;Lyon fit la guerre \u00e0 la Libert\u00e9 ; Lyon n\u2019est plus\u00bb D\u00e9cret de la Convention du 12 octobre 1793 La r\u00e9volution fran\u00e7aise fut tr\u00e8s cruelle pour Lyon, surtout en 1793. Si vous regardez de mani\u00e8re attentive la carte des d\u00e9partements<\/p>\n","protected":false},"author":1,"featured_media":0,"comment_status":"open","ping_status":"closed","sticky":false,"template":"","format":"standard","meta":{"footnotes":""},"categories":[1],"tags":[17,45],"class_list":["post-4328","post","type-post","status-publish","format-standard","hentry","category-motdujour","tag-histoire","tag-lyon"],"_links":{"self":[{"href":"https:\/\/lemotdujour.fr\/index.php?rest_route=\/wp\/v2\/posts\/4328","targetHints":{"allow":["GET"]}}],"collection":[{"href":"https:\/\/lemotdujour.fr\/index.php?rest_route=\/wp\/v2\/posts"}],"about":[{"href":"https:\/\/lemotdujour.fr\/index.php?rest_route=\/wp\/v2\/types\/post"}],"author":[{"embeddable":true,"href":"https:\/\/lemotdujour.fr\/index.php?rest_route=\/wp\/v2\/users\/1"}],"replies":[{"embeddable":true,"href":"https:\/\/lemotdujour.fr\/index.php?rest_route=%2Fwp%2Fv2%2Fcomments&post=4328"}],"version-history":[{"count":6,"href":"https:\/\/lemotdujour.fr\/index.php?rest_route=\/wp\/v2\/posts\/4328\/revisions"}],"predecessor-version":[{"id":12353,"href":"https:\/\/lemotdujour.fr\/index.php?rest_route=\/wp\/v2\/posts\/4328\/revisions\/12353"}],"wp:attachment":[{"href":"https:\/\/lemotdujour.fr\/index.php?rest_route=%2Fwp%2Fv2%2Fmedia&parent=4328"}],"wp:term":[{"taxonomy":"category","embeddable":true,"href":"https:\/\/lemotdujour.fr\/index.php?rest_route=%2Fwp%2Fv2%2Fcategories&post=4328"},{"taxonomy":"post_tag","embeddable":true,"href":"https:\/\/lemotdujour.fr\/index.php?rest_route=%2Fwp%2Fv2%2Ftags&post=4328"}],"curies":[{"name":"wp","href":"https:\/\/api.w.org\/{rel}","templated":true}]}}