{"id":432,"date":"2017-02-16T01:00:00","date_gmt":"2017-02-15T22:00:00","guid":{"rendered":"http:\/\/lemotdujour.fr\/?p=432"},"modified":"2017-05-08T13:19:16","modified_gmt":"2017-05-08T11:19:16","slug":"jeudi-16-fevrier-2017","status":"publish","type":"post","link":"https:\/\/lemotdujour.fr\/?p=432","title":{"rendered":"Jeudi 16 f\u00e9vrier 2017"},"content":{"rendered":"<div class=\"mdjDate\"><a id=\"_Toc482008772\"><\/a>Jeudi 16 f\u00e9vrier 2017<\/div>\n<div class=\"mdjTexte\">\u00ab\u00a0Le cin\u00e9ma de Lumi\u00e8re avait pour fonction de dire qui nous sommes et ce qu\u2019est le monde : c\u2019est la m\u00eame chose aujourd\u2019hui\u00a0\u00bb<\/div>\n<div class=\"mdjAuteur\">Thierry Fremaux dans l&rsquo;\u00e9mission des matins de France Culture du 8 f\u00e9vrier 2017<\/div>\n<div class=\"mdjComplements\">Le destin a voulu que lorsque nos activit\u00e9s se concentraient \u00e0 Paris, Annie, moi et nos enfants ayons v\u00e9cu plus de 10 ans \u00e0 Montreuil avant de venir presque par hasard \u00e0 Lyon. A Lyon, en cherchant un appartement nous sommes tomb\u00e9s aussi par hasard sur notre appartement qui se situe \u00e0 exactement 350 m de la rue du premier film et de l&rsquo;Institut Lumi\u00e8re. Nous habitons donc \u00e0 350 m de l&rsquo;endroit o\u00f9 on a tourn\u00e9 le premier film :\u00a0\u00a0 \u00ab\u00a0la sortie de l&rsquo;usine Lumi\u00e8re \u00e0 Lyon\u00a0\u00bb en 1895.<\/div>\n<div class=\"mdjComplements\">Alors pourquoi je rapproche cela de Montreuil ? Parce que Montreuil est la ville <a href=\"https:\/\/fr.wikipedia.org\/wiki\/Georges_M%C3%A9li%C3%A8s\">&lt;O\u00f9 George Meli\u00e9s, inspir\u00e9 par les fr\u00e8res Lumi\u00e8re, a cr\u00e9\u00e9 le premier studio de cin\u00e9ma&gt;<\/a><\/div>\n<div class=\"mdjComplements\">M\u00e9li\u00e8s ne parvint pas \u00e0 s&rsquo;entendra avec les Lumi\u00e8re et c&rsquo;est par d&rsquo;autres moyens qu&rsquo;il cr\u00e9a les premiers trucages, les premiers effets qui inspir\u00e8rent cet art que deviendra le cin\u00e9ma.<\/div>\n<div class=\"mdjComplements\">Mais ce mot du jour est consacr\u00e9\u00a0 du film : \u00ab\u00a0<a href=\"http:\/\/www.allocine.fr\/video\/player_gen_cmedia=19566739&amp;cfilm=250539.html\">Lumi\u00e8re ! L\u2019aventure commence<\/a><em>\u00a0\u00bb <\/em>qui est\u00a0 sorti, le 25 janvier dernier. C&rsquo;est un\u00a0 film r\u00e9alis\u00e9 par Thierry Fr\u00e9maux, pr\u00e9sent\u00e9 par Bertrand Tavernier et <a href=\"http:\/\/www.institut-lumiere.org\/\">l&rsquo;Institut Lumi\u00e8re<\/a>, bref une affaire lyonnaise.\u00a0 <\/div>\n<div class=\"mdjComplements\"><a href=\"https:\/\/www.franceculture.fr\/emissions\/linvite-des-matins\/thierry-fremaux-monsieur-cinema\">&lt;Thierry Fr\u00e9maux \u00e9tait l&rsquo;invit\u00e9 des matins de France Culture pour pr\u00e9senter ce film et parler du cin\u00e9ma&gt;<\/a><\/div>\n<div class=\"mdjComplements\">Lors de cette \u00e9mission, Thierry Fremaux a expliqu\u00e9 que \u00ab Le cin\u00e9ma s\u2019est con\u00e7u lui-m\u00eame comme art plus tardivement. Pas plus Lumi\u00e8re que M\u00e9li\u00e8s, qui certes \u00e9tait un homme de spectacle, Charles Path\u00e9 ou L\u00e9on Gaumont, n\u2019avaient conscience de faire autre chose que de lancer une nouvelle industrie. \u00bb Beaucoup d&rsquo;articles parlent de mani\u00e8re \u00e9logieuse de ce film :\u00a0 <a href=\"http:\/\/www.telerama.fr\/cinema\/films\/lumiere-l-aventure-commence,513548.php\">&lt;T\u00e9l\u00e9rama parle d&rsquo;un ravissement.&gt;<\/a><\/div>\n<div class=\"mdjComplements\">Bertrand Tavernier a publi\u00e9 ce texte sur le site de <\/div>\n<div class=\"mdjCiter\">\u00abChers amis,<\/div>\n<div class=\"mdjCiter\">Demain, mercredi 25 janvier, pour la premi\u00e8re fois dans l\u2019Histoire et hors les projections des ann\u00e9es 1895\/1905, le cin\u00e9ma de Lumi\u00e8re retrouve le chemin des salles.<\/div>\n<div class=\"mdjCiter\">La sortie de <em>Lumi\u00e8re ! L\u2019aventure commence <\/em>est un \u00e9v\u00e9nement consid\u00e9rable.<\/div>\n<div class=\"mdjCiter\">Avec \u00ab\u00a0des\u00a0\u00bb films Lumi\u00e8re, Thierry Fr\u00e9maux a compos\u00e9 \u00ab\u00a0un\u00a0\u00bb film Lumi\u00e8re. La restauration 4k r\u00e9v\u00e8le de somptueux tr\u00e9sors. La beaut\u00e9 de ces films est stup\u00e9fiante et, enchant\u00e9s par la musique de Camille Saint-Sa\u00ebns, ils offrent des sentiments inoubliables aux spectateurs, entre dr\u00f4lerie et \u00e9motion.<\/div>\n<div class=\"mdjCiter\"><em>Lumi\u00e8re ! L\u2019aventure commence <\/em>a \u00e9t\u00e9 produit par l\u2019Institut Lumi\u00e8re et sa distribution est assur\u00e9e par la soci\u00e9t\u00e9 Ad Vitam, r\u00e9put\u00e9e pour son go\u00fbt et son engagement, avec \u00e0 sa t\u00eate une \u00e9quipe de jeunes cin\u00e9philes habitu\u00e9s aux meilleurs auteurs mondiaux (Bellocchio, Hou Hsiao-hsien, Jia Zhangke). De nombreuses salles l\u2019accueillent, les salles d\u2019art et essai comme les grands r\u00e9seaux. Il sortira \u00e0 Paris, dans de nombreuses villes de France, et \u00e0 Lyon, au CNP Terreaux (r\u00e9cemment devenu, belle co\u00efncidence, le Lumi\u00e8re Terreaux), \u00e0 l\u2019UGC Cin\u00e9 Cit\u00e9 Con\ufb02uence et au Path\u00e9 Bellecour.<\/div>\n<div class=\"mdjCiter\">\u00c0\u00a0l\u2019\u00e9tranger, o\u00f9 Wild Bunch assure les ventes, pr\u00e8s d\u2019une vingtaine de pays ont d\u00e9j\u00e0 achet\u00e9 le film et le sortiront en 2017.<\/div>\n<div class=\"mdjCiter\">C\u2019est un grand aboutissement pour tous les amoureux du cin\u00e9ma de Lumi\u00e8re, pour toute l\u2019\u00e9quipe de l\u2019Institut, pour moi qui ai le privil\u00e8ge de le pr\u00e9sider depuis ses d\u00e9buts et pour Bernard Chard\u00e8re qui en assura le lancement et fut le biographe des Lumi\u00e8re.<\/div>\n<div class=\"mdjCiter\">Apr\u00e8s avoir rencontr\u00e9, lors des avant-premi\u00e8res de Lyon, Cannes, Paris, Orl\u00e9ans, Grenoble, ses premiers spectateurs, <em>Lumi\u00e8re !<\/em> a fait vendredi dernier l\u2019ouverture du festival d\u2019Angers. Le miracle s\u2019est op\u00e9r\u00e9 \u00e0 nouveau, comme nous le constatons depuis les premi\u00e8res projections de presse. De nombreux messages nous parviennent. Vous le verrez, vous le lirez, les critiques sont unanimes.<\/div>\n<div class=\"mdjCiter\">Le 28 d\u00e9cembre 1895, il y avait 33 spectateurs lors de la premi\u00e8re s\u00e9ance au Salon Indien du Grand Caf\u00e9.\u00a0\u00c0 partir de mercredi, chaque s\u00e9ance sera historique, chaque projection rappellera la beaut\u00e9 d\u2019un cin\u00e9ma oubli\u00e9.<\/div>\n<div class=\"mdjCiter\">Avec toute l\u2019\u00e9quipe de l\u2019Institut Lumi\u00e8re, avec celle d\u2019Ad Vitam et avec toutes les salles qui nous font l\u2019amiti\u00e9 de nous accueillir, nous esp\u00e9rons que vous serez nombreux \u00e0 venir retrouver ceux \u00e0 qui nous devons LE CINEMA !<\/div>\n<div class=\"mdjCiter\">Merci \u00e0 tous,<\/div>\n<div class=\"mdjCiter\">Bertrand TAVERNIER<\/div>\n<div class=\"mdjCiter\">Pr\u00e9sident de l\u2019Institut Lumi\u00e8re\u00bb<\/div>\n<div class=\"mdjComplements\">Bertrand Tavernier a aussi cette belle formule : \u00ab\u00a0Ils ont offert le monde au monde\u00a0\u00bb<\/div>\n<div class=\"mdjComplements\">Il me parait indispensable d&rsquo;aller voir ce film qui raconte l&rsquo;Histoire et montre l&rsquo;Histoire. <\/div>\n","protected":false},"excerpt":{"rendered":"<p>Jeudi 16 f\u00e9vrier 2017 \u00ab\u00a0Le cin\u00e9ma de Lumi\u00e8re avait pour fonction de dire qui nous sommes et ce qu\u2019est le monde : c\u2019est la m\u00eame chose aujourd\u2019hui\u00a0\u00bb Thierry Fremaux dans l&rsquo;\u00e9mission des matins de France Culture du 8 f\u00e9vrier 2017<\/p>\n","protected":false},"author":1,"featured_media":0,"comment_status":"closed","ping_status":"closed","sticky":false,"template":"","format":"standard","meta":{"footnotes":""},"categories":[1],"tags":[],"class_list":["post-432","post","type-post","status-publish","format-standard","hentry","category-motdujour"],"_links":{"self":[{"href":"https:\/\/lemotdujour.fr\/index.php?rest_route=\/wp\/v2\/posts\/432","targetHints":{"allow":["GET"]}}],"collection":[{"href":"https:\/\/lemotdujour.fr\/index.php?rest_route=\/wp\/v2\/posts"}],"about":[{"href":"https:\/\/lemotdujour.fr\/index.php?rest_route=\/wp\/v2\/types\/post"}],"author":[{"embeddable":true,"href":"https:\/\/lemotdujour.fr\/index.php?rest_route=\/wp\/v2\/users\/1"}],"replies":[{"embeddable":true,"href":"https:\/\/lemotdujour.fr\/index.php?rest_route=%2Fwp%2Fv2%2Fcomments&post=432"}],"version-history":[{"count":1,"href":"https:\/\/lemotdujour.fr\/index.php?rest_route=\/wp\/v2\/posts\/432\/revisions"}],"predecessor-version":[{"id":433,"href":"https:\/\/lemotdujour.fr\/index.php?rest_route=\/wp\/v2\/posts\/432\/revisions\/433"}],"wp:attachment":[{"href":"https:\/\/lemotdujour.fr\/index.php?rest_route=%2Fwp%2Fv2%2Fmedia&parent=432"}],"wp:term":[{"taxonomy":"category","embeddable":true,"href":"https:\/\/lemotdujour.fr\/index.php?rest_route=%2Fwp%2Fv2%2Fcategories&post=432"},{"taxonomy":"post_tag","embeddable":true,"href":"https:\/\/lemotdujour.fr\/index.php?rest_route=%2Fwp%2Fv2%2Ftags&post=432"}],"curies":[{"name":"wp","href":"https:\/\/api.w.org\/{rel}","templated":true}]}}