{"id":4294,"date":"2018-03-05T03:40:00","date_gmt":"2018-03-05T02:40:00","guid":{"rendered":"http:\/\/lemotdujour.fr\/?p=4294"},"modified":"2021-10-17T11:57:28","modified_gmt":"2021-10-17T09:57:28","slug":"lundi-5-mars-2018","status":"publish","type":"post","link":"https:\/\/lemotdujour.fr\/?p=4294","title":{"rendered":"Lundi 5 mars 2018"},"content":{"rendered":"<div class=\"mdjTexte\">\t\u00ab&nbsp;Lugdunum et Condate&nbsp;\u00bb<\/div>\n<div class=\"mdjAuteur\">\tLyon est une ville double<\/div>\n<p><span style=\"color: #777777; font-family: Arial;\">Ma famille et moi sommes arriv\u00e9s \u00e0 Lyon en 2002. Depuis j&rsquo;ai adopt\u00e9 cette ville. Je ne suis pas s\u00fbr qu&rsquo;elle m&rsquo;ait adopt\u00e9. J&rsquo;avais d\u00e9j\u00e0 racont\u00e9 cette rencontre entre Annie et un commer\u00e7ant lyonnais \u00e0 qui elle avait eu l&rsquo;imprudence de dire que \u00ab&nbsp;maintenant&nbsp;nous \u00e9tions lyonnais&nbsp;\u00bb et s&rsquo;entendre r\u00e9pliquer \u00ab&nbsp;Vous habitez Lyon, vous n&rsquo;\u00eates pas lyonnais&nbsp;\u00bb.<br \/>\n<\/span><\/p>\n<p><span style=\"color: #777777; font-family: Arial;\">Il faut donc avoir des quartiers de noblesse pour pouvoir se dire lyonnais\u2026<br \/>\n<\/span><\/p>\n<p><span style=\"color: #777777; font-family: Arial;\">La ville de Lyon est cependant une de ses villes qui a une \u00e2me, tout en ayant une Histoire.<br \/>\n<\/span><\/p>\n<p><span style=\"color: #777777; font-family: Arial;\">R\u00e9cemment, l&rsquo;\u00e9mission de France Culture \u00ab&nbsp;<\/span><span style=\"font-family: Arial;\"><a href=\"https:\/\/www.franceculture.fr\/emissions\/series\/histoire-de-lyon\"><span style=\"color: #0000ff;\">La Fabrique de l&rsquo;Histoire&nbsp;<\/span><\/a><\/span><span style=\"color: #777777; font-family: Arial;\">\u00bb a consacr\u00e9 4 \u00e9pisodes sur Lyon qui ont retenu mon attention et que je voudrais partager.<br \/>\n<\/span><\/p>\n<p><img decoding=\"async\" class=\"alignleft\" src=\"https:\/\/lemotdujour.fr\/wp-content\/uploads\/2018\/03\/030318_2339_Lundi5mars21.jpg\" alt=\"\" align=\"left\"><span style=\"color: #777777; font-family: Arial;\">La premi\u00e8re de ces \u00e9missions \u00e9tait consacr\u00e9e \u00e0 &lt; <a href=\"https:\/\/www.franceculture.fr\/emissions\/la-fabrique-de-lhistoire\/histoire-de-lyon-14-lidentite-lyonnaise-au-fil-de-son-histoire\"><span style=\"color: #0000ff;\">L&rsquo;identit\u00e9 lyonnaise au fil de son histoire<\/span><\/a>&gt;. Elle a notamment \u00e9voqu\u00e9 une exposition temporaire dans le merveilleux mus\u00e9e Gadagne, le mus\u00e9e de l&rsquo;Histoire de Lyon.<br \/>\n<\/span><\/p>\n<p><span style=\"color: #777777; font-family: Arial;\">Cette exposition a pour nom&nbsp;: \u00ab&nbsp;<a href=\"http:\/\/www.gadagne.musees.lyon.fr\/index.php\/history_en\/Histoire\/Expositions\/Expositions-temporaires\/Lyon-sur-le-divan\"><span style=\"color: #0000ff;\">Lyon sur le divan, les m\u00e9tamorphoses d&rsquo;une ville<\/span><\/a>&nbsp;\u00bb et se terminera le 17 juin 2018.<br \/>\n<\/span><\/p>\n<p><span style=\"color: #777777; font-family: Arial;\">Car Lyon va beaucoup \u00e9voluer pendant l&rsquo;Histoire, elle va gagner des terres sur le Rh\u00f4ne et sur les mar\u00e9cages qu&rsquo;avait cr\u00e9\u00e9s ce grand fleuve fougueux.<br \/>\n<\/span><\/p>\n<p><span style=\"color: #777777; font-family: Arial;\">Lyon a \u00e9t\u00e9 install\u00e9 sur le confluent de deux fleuves&nbsp;: la Sa\u00f4ne et le Rh\u00f4ne. Mais ce confluent va \u00e9voluer au cours des si\u00e8cles \u00e0 cause de l&rsquo;action des hommes.<br \/>\n<\/span><\/p>\n<p><span style=\"color: #777777; font-family: Arial;\">Au d\u00e9but de notre \u00e8re, quand les romains sont venus s&rsquo;installer le confluent se trouvait en bas de la colline de Croix Rousse.<br \/>\n<\/span><\/p>\n<p><span style=\"color: #777777; font-family: Arial;\">Les romains se sont install\u00e9s en 43 avant J\u00e9sus-Christ.<br \/>\n<\/span><\/p>\n<p><span style=\"color: #777777; font-family: Arial;\">Mais mon professeur d&rsquo;Histoire, Jean-Pierre Gutton, dont j&rsquo;ai suivi les cours \u00e0 l&rsquo;universit\u00e9 de Lyon II en 2004, \u00e9crit dans son petit ouvrage \u00ab&nbsp;Histoire de Lyon et du Lyonnais&nbsp;\u00bb (Que Sais-je N\u00b0481 au PUF)&nbsp;:<br \/>\n<\/span><\/p>\n<p style=\"margin-left: 28pt;\"><span style=\"color: #c00000; font-family: Arial;\">\u00ab&nbsp;L&rsquo;histoire de Lyon et, moins encore, celle du Lyonnais ne commencent pas \u00e0 la fondation de la colonie en 43 avant J\u00e9sus-Christ comme on l&rsquo;a nagu\u00e8re affirm\u00e9. [\u2026] A Lyon m\u00eame, l&rsquo;ant\u00e9riorit\u00e9 de l&rsquo;occupation \u00e0 la fondation de la colonie est maintenant bien \u00e9tablie. Depuis les ann\u00e9es 1980, de multiples travaux de restructuration du quartier de Vaise (au nord de la cit\u00e9) ont montr\u00e9 que les hommes sont pr\u00e9sents d\u00e8s le n\u00e9olithique au moins sur la rive droite de la Sa\u00f4ne.&nbsp;\u00bb<br \/>\n<\/span><\/p>\n<p><span style=\"color: #777777; font-family: Arial;\">Jean-Pierre Gutton explique que c&rsquo;est par un historien grec, Dion Cassius, que nous connaissons les circonstances de cet \u00e9v\u00e8nement qui est la cr\u00e9ation de Lugdunum sur la colline de Fourvi\u00e8re. Et Jean-Pierre Gutton raconte&nbsp;:<br \/>\n<\/span><\/p>\n<p style=\"margin-left: 28pt;\"><span style=\"color: #c00000; font-family: Arial;\">\u00ab&nbsp;Le texte montre bien le climat de luttes partisanes. Le S\u00e9nat souhaite retenir hors d&rsquo;Italie des chefs militaires qui peuvent lui \u00eatre hostiles&nbsp;: il faut fixer des v\u00e9t\u00e9rans&nbsp;\u00bb<br \/>\n<\/span><\/p>\n<p><span style=\"color: #777777; font-family: Arial;\">Un peu de rappel historique est certainement n\u00e9cessaire m\u00eame pour les plus fervents lecteurs d&rsquo;Ast\u00e9rix&nbsp;; Jules C\u00e9sar a soumis la Gaule lors d&rsquo;une s\u00e9rie de campagnes militaires contre les tribus gauloises de 58 avant JC jusqu&rsquo;en 52, date \u00e0 laquelle se situe la bataille d&rsquo;Al\u00e9sia. Il faut savoir que des tribus gauloises avaient ralli\u00e9 C\u00e9sar et que la \u00ab&nbsp;guerre des Gaules&nbsp;\u00bb fut aussi une guerre entre gaulois.<br \/>\n<\/span><\/p>\n<p><span style=\"color: #777777; font-family: Arial;\">Mais fort de son succ\u00e8s en Gaule qui va devenir province romaine, Jules C\u00e9sar va s&#8217;emparer du pouvoir \u00e0 Rome et veut mettre fin \u00e0 la R\u00e9publique et au pouvoir du S\u00e9nat.<br \/>\n<\/span><\/p>\n<p><span style=\"color: #777777; font-family: Arial;\">Il se fait \u00e9videmment beaucoup d&rsquo;ennemis et avant qu&rsquo;il ne puisse accomplir son dessein&nbsp;; il est assassin\u00e9 aux ides de mars, ce qui correspond \u00e0 mi mars, de l&rsquo;ann\u00e9e 44 avant JC.<br \/>\n<\/span><\/p>\n<p><span style=\"color: #777777; font-family: Arial;\">Et c&rsquo;est donc \u00e0 la fois pour assurer la gestion de la Gaule et pour \u00e9loigner de Rome un certain nombre de partisans de C\u00e9sar dont <a href=\"https:\/\/fr.wikipedia.org\/wiki\/Lucius_Munatius_Plancus\"><span style=\"color: #0000ff;\">Lucius Munatius Plancus<\/span><\/a> que le S\u00e9nat ordonne \u00e0 ce dernier de cr\u00e9er une nouvelle colonie en Gaule pour jouer un r\u00f4le de capitale de la nouvelle province. Il faut savoir que Province vient du latin pro vincia qui signifie vaincu, c&rsquo;est en effet les territoires conquis par Rome qui sont les provinces.<br \/>\n<\/span><\/p>\n<p><span style=\"color: #777777; font-family: Arial;\">C&rsquo;est ainsi <strong>Lucius Munatius Plancus<\/strong> qui devient proconsul de Gaule et fonde <strong>\u00ab&nbsp;Lugdunum<\/strong>&nbsp;\u00bb un an apr\u00e8s l&rsquo;assassinat de Jules C\u00e9sar.<br \/>\n<\/span><\/p>\n<p><img decoding=\"async\" class=\"alignright\" src=\"https:\/\/lemotdujour.fr\/wp-content\/uploads\/2018\/03\/030318_2339_Lundi5mars22.jpg\" alt=\"\" align=\"left\"><span style=\"color: #777777; font-family: Arial;\">Lugdunum se trouve donc sur la colline de Fourvi\u00e8re, sur la rive droite de la Sa\u00f4ne.<br \/>\n<\/span><\/p>\n<p><span style=\"color: #777777; font-family: Arial;\">Sur la rive gauche se trouve l&rsquo;autre colline, la Croix Rousse, sur cette colline il y avait un village gaulois&nbsp;: \u00ab&nbsp;<strong>Condate<\/strong>&nbsp;\u00bb qui signifie confluent.<br \/>\n<\/span><\/p>\n<p><span style=\"color: #777777; font-family: Arial;\">Gr\u00e2ce au Tour de Gaule d&rsquo;Ast\u00e9rix, vous savez que Condate \u00e9tait aussi l&rsquo;anc\u00eatre de Rennes. On peut comprendre que comme aujourd&rsquo;hui o\u00f9 beaucoup de villes portent le m\u00eame nom (<em>comme par exemple Montreuil<\/em>), \u00e0 l&rsquo;\u00e9poque il y avait plusieurs villes qui avaient le nom de Condate.<br \/>\n<\/span><\/p>\n<p><span style=\"color: #777777; font-family: Arial;\">Et le nom de Condate \u00e9tait juste puisque le confluent de la Sa\u00f4ne et du Rh\u00f4ne se trouvait pr\u00e9cis\u00e9ment en bas de la colline de la Croix Rousse.<br \/>\n<\/span><\/p>\n<p><span style=\"color: #777777; font-family: Arial;\">Ce site de Condate \u00e9tait donc, habit\u00e9 bien avant Lugdunum et sera bien s\u00fbr rapidement colonis\u00e9 par les romains qui vont y \u00e9difier le sanctuaire des 3 Gaules..<br \/>\n<\/span><\/p>\n<p><span style=\"color: #777777; font-family: Arial;\">Vous pouvez voir la <a href=\"http:\/\/slideplayer.fr\/slide\/3489225\/\"><span style=\"color: #0000ff;\">Maquette de Lugdunum sur ce site<\/span><\/a> et que je reprends dans cet article.<br \/>\n<\/span><\/p>\n<p><span style=\"color: #777777; font-family: Arial;\">Vous voyez donc le Rh\u00f4ne qui rejoint la Sa\u00f4ne, en bas de la Croix Rousse.<br \/>\n<\/span><\/p>\n<p><span style=\"color: #777777; font-family: Arial;\">Un peu plus loin, apr\u00e8s le confluent et sur le fleuve r\u00e9sultant une \u00eele qui porte le nom de \u00ab&nbsp;<strong>Canabae<\/strong>&nbsp;\u00bb qui porte aujourd&rsquo;hui le quartier d&rsquo;Ainay.<br \/>\n<\/span><\/p>\n<p><span style=\"color: #777777; font-family: Arial;\">Plus tard, les lyonnais vont rattacher cette \u00eele \u00e0 la terre et le confluent se d\u00e9placera jusqu&rsquo;au quartier d&rsquo;Ainay au bout de l&rsquo;\u00eele de Canabae qui forme donc le c\u0153ur de la Presqu&rsquo;ile.<br \/>\n<\/span><\/p>\n<p><span style=\"color: #777777; font-family: Arial;\">Vous trouverez &lt;<a href=\"http:\/\/www.lepoint.fr\/culture\/2008-08-14\/lyon-ville-double-lugdunum-et-condate\/249\/0\/266895\"><span style=\"color: #0000ff;\">Cet article du Point<\/span><\/a>&gt; qui d\u00e9signe Lyon comme \u00ab&nbsp;<strong>une ville double : Lugdunum et Condate<\/strong>&nbsp;\u00bb<br \/>\n<\/span><\/p>\n<p style=\"margin-left: 28pt;\"><span style=\"color: #c00000; font-family: Arial;\">\u00ab&nbsp;En ce temps-l\u00e0, celui de la Gaule romaine, il y avait deux villes \u00e0 Lyon. D&rsquo;abord Lugdunum (mot gaulois : la colline-ou la forteresse, c&rsquo;est selon-du dieu Lug), sur la rive droite de la Sa\u00f4ne. Ensuite Condate (autre mot gaulois qui signifie confluent), sur la rive gauche de la Sa\u00f4ne, l\u00e9g\u00e8rement en amont, justement, de son confluent avec Rhodanus, le puissant et violent Rh\u00f4ne.<br \/>\n<\/span><\/p>\n<p style=\"margin-left: 28pt;\"><span style=\"color: #c00000; font-family: Arial;\">Voyons Lugdunum. Munatus Plancus, proconsul, c&rsquo;est-\u00e0-dire gouverneur de la Gaule Chevelue conquise huit ans plus t\u00f4t, avait choisi un endroit excellent, l&rsquo;actuelle colline de Fourvi\u00e8re, pour cr\u00e9er la nouvelle colonie de Lugdunum. Il installa, en 43 avant notre \u00e8re, sur cette hauteur qui domine la Sa\u00f4ne et le Rh\u00f4ne, ses colons, des citoyens romains expuls\u00e9s un an plus t\u00f4t de Vienne, la ville principale des Allobroges, sujets de la Narbonnaise.<br \/>\n<\/span><\/p>\n<p style=\"margin-left: 28pt;\"><span style=\"color: #c00000; font-family: Arial;\">C&rsquo;est sur cette colline et \u00e0 ses pieds, au bord de la rivi\u00e8re, rive droite, que prosp\u00e9ra cette cit\u00e9 pr\u00e9c\u00e9demment consacr\u00e9e, pense-t-on, au tr\u00e8s gaulois dieu Lug. Prosp\u00e9rit\u00e9 due \u00e0 cet inestimable confluent Rh\u00f4ne-Sa\u00f4ne, qui ouvrait aux bateliers, aux nautes, ces armateurs fluviaux, de riches perspectives.&nbsp;\u00bb<br \/>\n<\/span><\/p>\n<p><span style=\"color: #777777; font-family: Arial;\">Le remarquable catalogue de l&rsquo;exposition \u00ab&nbsp;Lyon sur le divan&nbsp;\u00bb, je dirai m\u00eame plus remarquable que l&rsquo;exposition explique l&rsquo;\u00e9tymologie controvers\u00e9e de Lugdunum&nbsp;:<br \/>\n<\/span><\/p>\n<p style=\"margin-left: 28pt;\"><span style=\"color: #c00000; font-family: Arial;\">\u00ab&nbsp;Le nom romain de Lyon&nbsp;, sous- tend deux caract\u00e9ristiques de la ville&nbsp;, celle d&rsquo;une ville d\u00e9di\u00e9e au dieu gaulois <\/span><span style=\"font-family: Arial;\"><a href=\"https:\/\/fr.wikipedia.org\/wiki\/Lug_(dieu)\"><strong><span style=\"color: #0000ff;\">Lug<\/span><\/strong><\/a><\/span><span style=\"color: #c00000; font-family: Arial;\">, un dieu extr\u00eamement besogneux, tr\u00e8s travailleur et qui rencontrera beaucoup de difficult\u00e9s pour se faire accueillir \u00e0 la cour des dieux et celle d&rsquo;un d\u00e9di\u00e9 \u00e0 <strong>Lux<\/strong>, en latin la lumi\u00e8re.&nbsp;\u00bb<br \/>\n<\/span><\/p>\n<p><span style=\"color: #777777; font-family: Arial;\">\u00ab&nbsp;dunum&nbsp;\u00bb lui serait issu du celtique &#8211;<strong>duno<\/strong>, qui signifie soit \u00ab&nbsp;forteresse&nbsp;\u00bb ou \u00ab&nbsp;colline&nbsp;\u00bb ce serait donc la colline ou la forteresse du dieu Lug.<br \/>\n<\/span><\/p>\n<p><span style=\"color: #777777; font-family: Arial;\">Cependant <a href=\"https:\/\/fr.wikipedia.org\/wiki\/Lugdunum\"><span style=\"color: #0000ff;\">d&rsquo;autres propositions existent<\/span><\/a> pour d\u00e9finir l&rsquo;\u00e9tymologie de \u00ab&nbsp;Lug&nbsp;\u00bb, soit par le nom du corbeau, en effet Lugus a \u00e9t\u00e9 rapproch\u00e9 du gaulois lugos ou lougos, qui aurait signifi\u00e9 \u00ab <strong>corbeau<\/strong> \u00bb, soit par le nom du \u00ab&nbsp;<strong>lynx&nbsp;<\/strong>\u00bb.<br \/>\n<\/span><\/p>\n<p><span style=\"color: #777777; font-family: Arial;\"><strong>Lugdunum<\/strong> deviendra rapidement une ville essentielle de l&#8217;empire romain. <strong>Condate <\/strong>sera oubli\u00e9e.<br \/>\n<\/span><\/p>\n<p><span style=\"color: #777777; font-family: Arial;\">Le site de<strong> <a href=\"https:\/\/www.inrap.fr\/occupations-habitats-logements-pendant-l-antiquite-gallo-romaine-10247\"><span style=\"color: #0000ff;\">l&rsquo;Inrap<\/span><\/a><\/strong>, \u00ab&nbsp;Institut national de recherches arch\u00e9ologiques pr\u00e9ventives&nbsp;\u00bb pr\u00e9cise&nbsp;:.<br \/>\n<\/span><\/p>\n<p style=\"margin-left: 28pt;\"><span style=\"color: #c00000; font-family: Arial;\">\u00ab&nbsp;Lugdunum devient la capitale de la province de Gaule lyonnaise, le si\u00e8ge du pouvoir imp\u00e9rial pour les trois provinces gauloises (Belgique, Lyonnaise, Aquitaine), et la Caput Galliarum, ou \u00ab Capitale des Gaules \u00bb.<br \/>\n<\/span><\/p>\n<p style=\"margin-left: 28pt;\"><span style=\"color: #c00000; font-family: Arial;\">Cette ville gallo-romaine se d\u00e9veloppe sur la colline de Fourvi\u00e8re, au confluent de la Sa\u00f4ne (l&rsquo;Arar) et du Rh\u00f4ne (Rhodanus). Elle devient tr\u00e8s vite un important port fluvial. C&rsquo;est aussi un n\u0153ud routier strat\u00e9gique, reli\u00e9 au sud de la Gaule (la Narbonnaise), \u00e0 l&rsquo;Aquitaine, la Bretagne, la Germanie et bient\u00f4t l&rsquo;Italie gr\u00e2ce aux routes construites par Agrippa.<br \/>\n<\/span><\/p>\n<p style=\"margin-left: 28pt;\"><span style=\"color: #c00000; font-family: Arial;\">En contact avec tout l&rsquo;Empire, Lyon est une plaque tournante commerciale. Elle accueille les empereurs en visite et, tr\u00e8s vite, s&rsquo;agrandit, s&#8217;embellit et s&rsquo;enrichit. Au Ier si\u00e8cle, elle dispose du droit de battre monnaie, situation unique dans l&rsquo;Empire romain \u00e0 cette p\u00e9riode.<br \/>\n<\/span><\/p>\n<p style=\"margin-left: 28pt;\"><span style=\"color: #c00000; font-family: Arial;\">Au IIe si\u00e8cle, sa population est estim\u00e9e entre 50 000 et 80 000 habitants, ce qui en fait l&rsquo;une des plus grandes villes de la Gaule.<br \/>\n<\/span><\/p>\n<p style=\"margin-left: 28pt;\"><span style=\"color: #c00000; font-family: Arial;\">Deux empereurs romains sont n\u00e9s \u00e0 Lyon : Claude, n\u00e9 en 10 avant notre \u00e8re, et Caracalla, n\u00e9 en 188.<br \/>\n<\/span><\/p>\n<p style=\"margin-left: 28pt;\"><span style=\"color: #c00000; font-family: Arial;\">C&rsquo;est \u00e0 Lyon que chaque ann\u00e9e, le 1 er ao\u00fbt, se r\u00e9unissent et si\u00e8gent les d\u00e9l\u00e9gu\u00e9s des soixante cit\u00e9s des trois Gaules. Ce rassemblement se d\u00e9roule dans un vaste sanctuaire (install\u00e9 sur les pentes de l&rsquo;actuelle colline de la Croix-Rousse). On y \u00e9lit le pr\u00eatre charg\u00e9 des c\u00e9r\u00e9monies d\u00e9di\u00e9es au culte de Rome et de l&rsquo;Empereur. Cette fonction constitue la plus haute charge administrative \u00e0 laquelle les notables gallo-romains puissent acc\u00e9der en Gaule. Le \u00ab Conseil des Trois Gaules \u00bb a pour fonction de repr\u00e9senter les int\u00e9r\u00eats gaulois aupr\u00e8s de Rome.&nbsp;\u00bb<br \/>\n<\/span><\/p>\n<p><span style=\"color: #777777; font-family: Arial;\">C&rsquo;est ainsi que commence l&rsquo;Histoire de Lyon\u2026<br \/>\n<\/span><\/p>\n<p><span style=\"color: #800000;\">&lt;1029&gt;<\/span><\/p>\n","protected":false},"excerpt":{"rendered":"<p>\u00ab&nbsp;Lugdunum et Condate&nbsp;\u00bb Lyon est une ville double Ma famille et moi sommes arriv\u00e9s \u00e0 Lyon en 2002. Depuis j&rsquo;ai adopt\u00e9 cette ville. Je ne suis pas s\u00fbr qu&rsquo;elle m&rsquo;ait adopt\u00e9. J&rsquo;avais d\u00e9j\u00e0 racont\u00e9 cette rencontre entre Annie et un<\/p>\n","protected":false},"author":1,"featured_media":0,"comment_status":"open","ping_status":"closed","sticky":false,"template":"","format":"standard","meta":{"footnotes":""},"categories":[1],"tags":[17,45],"class_list":["post-4294","post","type-post","status-publish","format-standard","hentry","category-motdujour","tag-histoire","tag-lyon"],"_links":{"self":[{"href":"https:\/\/lemotdujour.fr\/index.php?rest_route=\/wp\/v2\/posts\/4294","targetHints":{"allow":["GET"]}}],"collection":[{"href":"https:\/\/lemotdujour.fr\/index.php?rest_route=\/wp\/v2\/posts"}],"about":[{"href":"https:\/\/lemotdujour.fr\/index.php?rest_route=\/wp\/v2\/types\/post"}],"author":[{"embeddable":true,"href":"https:\/\/lemotdujour.fr\/index.php?rest_route=\/wp\/v2\/users\/1"}],"replies":[{"embeddable":true,"href":"https:\/\/lemotdujour.fr\/index.php?rest_route=%2Fwp%2Fv2%2Fcomments&post=4294"}],"version-history":[{"count":7,"href":"https:\/\/lemotdujour.fr\/index.php?rest_route=\/wp\/v2\/posts\/4294\/revisions"}],"predecessor-version":[{"id":12356,"href":"https:\/\/lemotdujour.fr\/index.php?rest_route=\/wp\/v2\/posts\/4294\/revisions\/12356"}],"wp:attachment":[{"href":"https:\/\/lemotdujour.fr\/index.php?rest_route=%2Fwp%2Fv2%2Fmedia&parent=4294"}],"wp:term":[{"taxonomy":"category","embeddable":true,"href":"https:\/\/lemotdujour.fr\/index.php?rest_route=%2Fwp%2Fv2%2Fcategories&post=4294"},{"taxonomy":"post_tag","embeddable":true,"href":"https:\/\/lemotdujour.fr\/index.php?rest_route=%2Fwp%2Fv2%2Ftags&post=4294"}],"curies":[{"name":"wp","href":"https:\/\/api.w.org\/{rel}","templated":true}]}}