{"id":428,"date":"2017-02-14T01:00:00","date_gmt":"2017-02-13T22:00:00","guid":{"rendered":"http:\/\/lemotdujour.fr\/?p=428"},"modified":"2017-05-08T13:19:14","modified_gmt":"2017-05-08T11:19:14","slug":"mardi-14022017","status":"publish","type":"post","link":"https:\/\/lemotdujour.fr\/?p=428","title":{"rendered":"Mardi 14\/02\/2017"},"content":{"rendered":"<div class=\"mdjDate\"><a id=\"_Toc482008770\"><\/a>Mardi 14\/02\/2017<\/div>\n<div class=\"mdjTexte\">\u00ab\u00a0Le jour o\u00f9 quelqu&rsquo;un vous aime, il fait tr\u00e8s beau\u00a0\u00bb<\/div>\n<div class=\"mdjAuteur\">Jean Gabin<\/div>\n<div class=\"mdjComplements\">C&rsquo;est le jour de la Saint Valentin. Je me souviens avec \u00e9motion le jour o\u00f9 j&rsquo;ai entendu pour la premi\u00e8re fois ce texte, j&rsquo;\u00e9tais bien jeune alors : 16 ans.<\/div>\n<div class=\"mdjComplements\">Aujourd&rsquo;hui plus pr\u00e8s de l&rsquo;\u00e2ge de Jean Gabin de l&rsquo;\u00e9poque, je reste sensible \u00e0 ce po\u00e8me particuli\u00e8rement \u00e0 la phrase d&rsquo;exergue et aussi cette belle v\u00e9rit\u00e9 : \u00abOn oublie tant de soirs de tristesse, mais jamais un matin de tendresse !\u00bb <\/div>\n<div class=\"mdjComplements\"><a href=\"http:\/\/www.dailymotion.com\/video\/xhv2l8_je-sais-jean-gabin_music\">&lt;Vous entendrez Gabin d\u00e9clamer cette chanson derri\u00e8re ce lien&gt;<\/a><\/div>\n<div class=\"mdjCiter\">Quand j&rsquo;\u00e9tais gosse, haut comme trois pommes,<\/div>\n<div class=\"mdjCiter\">J&rsquo;parlais bien fort pour \u00eatre un homme<\/div>\n<div class=\"mdjCiter\">J&rsquo;disais, JE SAIS, JE SAIS, JE SAIS, JE SAIS<\/div>\n<div class=\"mdjCiter\">C&rsquo;\u00e9tait l&rsquo;d\u00e9but, c&rsquo;\u00e9tait l&rsquo;printemps<\/div>\n<div class=\"mdjCiter\">Mais quand j&rsquo;ai eu mes 18 ans<\/div>\n<div class=\"mdjCiter\">J&rsquo;ai dit, JE SAIS, \u00e7a y est, cette fois JE SAIS<\/div>\n<div class=\"mdjCiter\">Et aujourd&rsquo;hui, les jours o\u00f9 je m&rsquo;retourne<\/div>\n<div class=\"mdjCiter\">J&rsquo;regarde la terre o\u00f9 j&rsquo;ai quand m\u00eame fait les 100 pas<\/div>\n<div class=\"mdjCiter\">Et je n&rsquo;sais toujours pas comment elle tourne !<\/div>\n<div class=\"mdjCiter\">Vers 25 ans, j&rsquo;savais tout : l&rsquo;amour, les roses, la vie, les sous<\/div>\n<div class=\"mdjCiter\">Tiens oui l&rsquo;amour ! J&rsquo;en avais fait tout le tour !<\/div>\n<div class=\"mdjCiter\">Et heureusement, comme les copains, j&rsquo;avais pas mang\u00e9 tout mon pain :<\/div>\n<div class=\"mdjCiter\">Au milieu de ma vie, j&rsquo;ai encore appris.<\/div>\n<div class=\"mdjCiter\">C&rsquo;que j&rsquo;ai appris, \u00e7a tient en trois, quatre mots :<\/div>\n<div class=\"mdjCiter\">\u00ab\u00a0Le jour o\u00f9 quelqu&rsquo;un vous aime, il fait tr\u00e8s beau,<\/div>\n<div class=\"mdjCiter\">j&rsquo;peux pas mieux dire, il fait tr\u00e8s beau !<\/div>\n<div class=\"mdjCiter\">C&rsquo;est encore ce qui m&rsquo;\u00e9tonne dans la vie,<\/div>\n<div class=\"mdjCiter\">Moi qui suis \u00e0 l&rsquo;automne de ma vie<\/div>\n<div class=\"mdjCiter\">On oublie tant de soirs de tristesse<\/div>\n<div class=\"mdjCiter\">Mais jamais un matin de tendresse !<\/div>\n<div class=\"mdjCiter\">Toute ma jeunesse, j&rsquo;ai voulu dire JE SAIS<\/div>\n<div class=\"mdjCiter\">Seulement, plus je cherchais, et puis moins j&rsquo; savais<\/div>\n<div class=\"mdjCiter\">Il y a 60 coups qui ont sonn\u00e9 \u00e0 l&rsquo;horloge<\/div>\n<div class=\"mdjCiter\">Je suis encore \u00e0 ma fen\u00eatre, je regarde, et j&rsquo;m&rsquo;interroge ?<\/div>\n<div class=\"mdjCiter\">Maintenant JE SAIS, JE SAIS QU&rsquo;ON NE SAIT JAMAIS !<\/div>\n<div class=\"mdjCiter\">La vie, l&rsquo;amour, l&rsquo;argent, les amis et les roses<\/div>\n<div class=\"mdjCiter\">On ne sait jamais le bruit ni la couleur des choses<\/div>\n<div class=\"mdjCiter\">C&rsquo;est tout c&rsquo;que j&rsquo;sais ! Mais \u00e7a, j&rsquo;le SAIS&#8230; !<\/div>\n","protected":false},"excerpt":{"rendered":"<p>Mardi 14\/02\/2017 \u00ab\u00a0Le jour o\u00f9 quelqu&rsquo;un vous aime, il fait tr\u00e8s beau\u00a0\u00bb Jean Gabin C&rsquo;est le jour de la Saint Valentin. Je me souviens avec \u00e9motion le jour o\u00f9 j&rsquo;ai entendu pour la premi\u00e8re fois ce texte, j&rsquo;\u00e9tais bien jeune<\/p>\n","protected":false},"author":1,"featured_media":0,"comment_status":"closed","ping_status":"closed","sticky":false,"template":"","format":"standard","meta":{"footnotes":""},"categories":[1],"tags":[],"class_list":["post-428","post","type-post","status-publish","format-standard","hentry","category-motdujour"],"_links":{"self":[{"href":"https:\/\/lemotdujour.fr\/index.php?rest_route=\/wp\/v2\/posts\/428","targetHints":{"allow":["GET"]}}],"collection":[{"href":"https:\/\/lemotdujour.fr\/index.php?rest_route=\/wp\/v2\/posts"}],"about":[{"href":"https:\/\/lemotdujour.fr\/index.php?rest_route=\/wp\/v2\/types\/post"}],"author":[{"embeddable":true,"href":"https:\/\/lemotdujour.fr\/index.php?rest_route=\/wp\/v2\/users\/1"}],"replies":[{"embeddable":true,"href":"https:\/\/lemotdujour.fr\/index.php?rest_route=%2Fwp%2Fv2%2Fcomments&post=428"}],"version-history":[{"count":1,"href":"https:\/\/lemotdujour.fr\/index.php?rest_route=\/wp\/v2\/posts\/428\/revisions"}],"predecessor-version":[{"id":429,"href":"https:\/\/lemotdujour.fr\/index.php?rest_route=\/wp\/v2\/posts\/428\/revisions\/429"}],"wp:attachment":[{"href":"https:\/\/lemotdujour.fr\/index.php?rest_route=%2Fwp%2Fv2%2Fmedia&parent=428"}],"wp:term":[{"taxonomy":"category","embeddable":true,"href":"https:\/\/lemotdujour.fr\/index.php?rest_route=%2Fwp%2Fv2%2Fcategories&post=428"},{"taxonomy":"post_tag","embeddable":true,"href":"https:\/\/lemotdujour.fr\/index.php?rest_route=%2Fwp%2Fv2%2Ftags&post=428"}],"curies":[{"name":"wp","href":"https:\/\/api.w.org\/{rel}","templated":true}]}}