{"id":4255,"date":"2018-03-01T03:43:53","date_gmt":"2018-03-01T02:43:53","guid":{"rendered":"http:\/\/lemotdujour.fr\/?p=4255"},"modified":"2021-10-17T12:43:52","modified_gmt":"2021-10-17T10:43:52","slug":"jeudi-1-mars-2018","status":"publish","type":"post","link":"https:\/\/lemotdujour.fr\/?p=4255","title":{"rendered":"Jeudi 1 mars 2018"},"content":{"rendered":"<div class=\"mdjTexte\">\t\u00ab&nbsp;Tout se sait toujours&nbsp;\u00bb<\/div>\n<div class=\"mdjAuteur\">\tHenry Alleg qui r\u00e9pond \u00e0 son tortionnaire qui lui dit que jamais personne ne saura ce qui se passe dans les chambres de torture de l\u2019arm\u00e9e fran\u00e7aise en Alg\u00e9rie.<\/div>\n<p><a href=\"https:\/\/fr.wikipedia.org\/wiki\/Maurice_Audin\"><span style=\"font-family: Arial;\"><span style=\"color: #0000ff;\">Maurice Audin<\/span><\/span><\/a><span style=\"color: #777777; font-family: Arial;\"> \u00e9tait un jeune math\u00e9maticien de l&rsquo;universit\u00e9 d&rsquo;Alger. Il \u00e9tait aussi militant communiste et partisan de l&rsquo;ind\u00e9pendance alg\u00e9rienne.<br \/>\n<\/span><\/p>\n<p><span style=\"color: #777777; font-family: Arial;\">Il est arr\u00eat\u00e9 le 11 juin 1957 par des militaires fran\u00e7ais, au cours de la bataille d&rsquo;Alger et on n&rsquo;a jamais retrouv\u00e9 sa trace. Il avait 25 ans au moment de son arrestation.<br \/>\n<\/span><\/p>\n<p><span style=\"color: #777777; font-family: Arial;\">La version officielle de l&rsquo;arm\u00e9e \u00e9tait qu&rsquo;il s&rsquo;\u00e9tait \u00e9vad\u00e9.<br \/>\n<\/span><\/p>\n<p><img decoding=\"async\" class=\"alignleft\" src=\"https:\/\/lemotdujour.fr\/wp-content\/uploads\/2018\/02\/022518_2147_Jeudi1mars21.jpg\" alt=\"\" align=\"left\"><span style=\"color: #777777; font-family: Arial;\">Au moment de son arrestation, la th\u00e8se de Maurice Audin \u00e9tait presque termin\u00e9e et la soutenance \u00e9tait pr\u00e9vue pour le d\u00e9but de 1958. \u00c0 la fin de 1956, Maurice Audin \u00e9tait venu quelques jours \u00e0 Paris pour prendre contact avec les math\u00e9maticiens Gaston Julia, Henri Cartan et Laurent Schwartz.<br \/>\n<\/span><\/p>\n<p><span style=\"color: #777777; font-family: Arial;\">Le 2 d\u00e9cembre 1957, \u00e0 la demande de Ren\u00e9 de Possel, directeur de recherche, a lieu <strong>une soutenance in absentia<\/strong>, \u00e0 la facult\u00e9 des sciences de Paris et devant un public nombreux Maurice Audin est re\u00e7u docteur \u00e8s sciences, avec mention \u00ab tr\u00e8s honorable \u00bb.<br \/>\n<\/span><\/p>\n<p><span style=\"color: #777777; font-family: Arial;\">Tr\u00e8s rapidement il y a une mobilisation pour soutenir Maurice Audin.<br \/>\n<\/span><\/p>\n<p><span style=\"color: #777777; font-family: Arial;\">En mai 1958, l&rsquo;historien Pierre Vidal-Naquet publie une enqu\u00eate dans laquelle il affirme que l&rsquo;\u00e9vasion \u00e9tait impossible et que Maurice Audin est mort au cours d&rsquo;une s\u00e9ance de torture, le 21 juin 1957, assassin\u00e9 par des soldats du g\u00e9n\u00e9ral Massu.<br \/>\n<\/span><\/p>\n<p><span style=\"color: #777777; font-family: Arial;\">Jusqu&rsquo;en 2012, l&rsquo;Arm\u00e9e, la Justice et l&rsquo;Etat fran\u00e7ais sont dans le d\u00e9ni ou l&rsquo;\u00e9vitement continuant \u00e0 nier l&rsquo;\u00e9vidence.<br \/>\n<\/span><\/p>\n<p><span style=\"color: #777777; font-family: Arial;\">En 2012, le pr\u00e9sident Hollande se rend devant la st\u00e8le \u00e9lev\u00e9e \u00e0 la m\u00e9moire de Maurice Audin \u00e0 Alger et fait lancer des recherches au Minist\u00e8re de la D\u00e9fense sur les circonstances de sa mort<br \/>\n<\/span><\/p>\n<p><span style=\"color: #777777; font-family: Arial;\">Le 8 janvier 2014, un document est diffus\u00e9 en exclusivit\u00e9 dans le Grand Soir 3 dans lequel le tristement c\u00e9l\u00e8bre g\u00e9n\u00e9ral Aussaresses (mort le 3 d\u00e9cembre 2013) d\u00e9clare au journaliste Jean-Charles Deniau qu&rsquo;il a donn\u00e9 l&rsquo;ordre de tuer Maurice Audin<br \/>\n<\/span><\/p>\n<p><span style=\"color: #777777; font-family: Arial;\">Et enfin en juin 2014, le pr\u00e9sident Hollande, dans un message adress\u00e9 \u00e0 l&rsquo;occasion du prix de math\u00e9matiques Maurice Audin, reconna\u00eet officiellement pour la premi\u00e8re fois au nom de l&rsquo;\u00c9tat fran\u00e7ais que Maurice Audin ne s&rsquo;est pas \u00e9vad\u00e9, qu&rsquo;il est mort en d\u00e9tention, comme, explique-t-il, les t\u00e9moignages et documents disponibles l&rsquo;\u00e9tablissent.<br \/>\n<\/span><\/p>\n<p><span style=\"color: #777777; font-family: Arial;\">Mais il y a aujourd&rsquo;hui un fait nouveau le<strong> 14 f\u00e9vrier 2018<\/strong> le journal \u00ab&nbsp;<strong>L&rsquo;Humanit\u00e9&nbsp;<\/strong>\u00bb publie le t\u00e9moignage d&rsquo;un vieil homme. <a href=\"https:\/\/www.humanite.fr\/temoignage-une-saloperie-de-communiste-il-faut-le-faire-disparaitre-650503\"><span style=\"color: #0000ff;\">&lt;Vous trouverez cet article derri\u00e8re ce lien&gt;<\/span><\/a><br \/>\n<\/span><\/p>\n<p><span style=\"color: #777777; font-family: Arial;\">La communaut\u00e9 des math\u00e9maticiens s&rsquo;\u00e9tait mobilis\u00e9e pour que la v\u00e9rit\u00e9 \u00e9clate. <a href=\"https:\/\/www.nouvelobs.com\/politique\/20180215.OBS2239\/comment-cedric-villani-s-est-empare-de-l-affaire-audin.html\"><span style=\"color: #0000ff;\">C\u00e9dric Villani<\/span><\/a>, le c\u00e9l\u00e8bre d\u00e9put\u00e9 macroniste et m\u00e9daille Fields 2010 est en premi\u00e8re ligne. La fille de Maurice Audin, <a href=\"https:\/\/fr.wikipedia.org\/wiki\/Mich%C3%A8le_Audin\"><span style=\"color: #0000ff;\">Mich\u00e8le Audin<\/span><\/a> est aussi une grande math\u00e9maticienne. Elle avait refus\u00e9, en 2009, la L\u00e9gion d&rsquo;honneur, en raison du refus du pr\u00e9sident de la R\u00e9publique, Nicolas Sarkozy, de r\u00e9pondre \u00e0 une lettre de sa m\u00e8re \u00e0 propos de la disparition de son p\u00e8re.<br \/>\n<\/span><\/p>\n<p><span style=\"color: #777777; font-family: Arial;\">Le 12 janvier 2018, C\u00e9dric Villani a dit qu&rsquo;apr\u00e8s avoir parl\u00e9 de l&rsquo;affaire Audin avec le pr\u00e9sident de la R\u00e9publique, Emmanuel Macron, il pouvait d\u00e9clarer que : \u00ab Maurice Audin a \u00e9t\u00e9 ex\u00e9cut\u00e9 par l&rsquo;Arm\u00e9e fran\u00e7aise \u00bb, tout en affirmant qu&rsquo;il n&rsquo;y avait aucune trace de cette ex\u00e9cution dans les archives.<br \/>\n<\/span><\/p>\n<p><span style=\"color: #777777; font-family: Arial;\">L&rsquo;humanit\u00e9 r\u00e9v\u00e8le que c&rsquo;est l&rsquo;entretien publi\u00e9 dans ses colonnes, le 28 janvier, avec le math\u00e9maticien C\u00e9dric Villani qui a convaincu, cet homme de 82 ans qui habite Lyon de venir \u00e0 Paris porter t\u00e9moignage.<br \/>\n<\/span><\/p>\n<p style=\"margin-left: 28pt;\"><span style=\"color: #c00000; font-family: Arial;\">\u00ab&nbsp;Il a fait le voyage depuis Lyon pour soulager sa conscience et \u00ab\u2009se rendre utile pour la famille Audin\u2009\u00bb, assure-t-il. Son histoire est d&rsquo;abord celle du destin de toute une g\u00e9n\u00e9ration de jeunes appel\u00e9s dont la vie a bascul\u00e9 du jour au lendemain. En 1955, apr\u00e8s le vote \u00ab\u2009des pouvoirs sp\u00e9ciaux\u2009\u00bb, le contingent est envoy\u00e9 massivement en Alg\u00e9rie. Il n&rsquo;a que 21 ans. Fils d&rsquo;un ouvrier communiste, r\u00e9sistant sous l&rsquo;occupation nazie en Is\u00e8re, il est tourneur-al\u00e9seur dans un atelier d&rsquo;entretien avant d&rsquo;\u00eatre incorpor\u00e9, le 15 d\u00e9cembre 1955. Un mois plus tard, le jeune caporal prendra le bateau pour l&rsquo;Alg\u00e9rie, afin d&rsquo;assurer des \u00ab\u2009op\u00e9rations de pacification\u2009\u00bb, lui assure l&rsquo;arm\u00e9e fran\u00e7aise. Sur l&rsquo;autre rive de la M\u00e9diterran\u00e9e, il d\u00e9couvre la guerre. Les patrouilles, les embuscades, les accrochages avec les \u00ab\u2009fels\u2009\u00bb, la solitude, et surtout, la peur, permanente. Cette \u00ab\u2009guerre sans nom\u2009\u00bb, il y participe en int\u00e9grant une section dans un camp perch\u00e9 sur les collines, sur les hauteurs de Fondouk, devenue aujourd&rsquo;hui Khemis El Khechna, une petite ville situ\u00e9e \u00e0 30 kilom\u00e8tres \u00e0 l&rsquo;est d&rsquo;Alger. [\u2026]&nbsp;\u00bb<br \/>\n<\/span><\/p>\n<p><span style=\"color: #777777; font-family: Arial;\">T\u00e9moignage terrible, car au-del\u00e0 de ce qu&rsquo;il relate \u00e0 propos de Maurice Audin, il d\u00e9crit d&rsquo;autres sc\u00e8nes du sale combat qu&rsquo;a men\u00e9 l&rsquo;arm\u00e9e fran\u00e7aise en Alg\u00e9rie. Pour les m\u00eames raisons, risque d&rsquo;attentat ou vengeance, une partie de l&rsquo;arm\u00e9e fran\u00e7aise s&rsquo;est comport\u00e9e en Alg\u00e9rie, pays que la France occupait, de la m\u00eame mani\u00e8re que la Gestapo en France que l&rsquo;arm\u00e9e allemande occupait.<br \/>\n<\/span><\/p>\n<p><span style=\"color: #777777; font-family: Arial;\">A priori, Maurice Audin n&rsquo;a pas commis d&rsquo;attentat.<br \/>\n<\/span><\/p>\n<p><span style=\"color: #777777; font-family: Arial;\">Le vieil homme a gard\u00e9 l&rsquo;anonymat dans l&rsquo;article de l&rsquo;Humanit\u00e9 et il a dit&nbsp;:<br \/>\n<\/span><\/p>\n<p style=\"margin-left: 28pt;\"><span style=\"color: #c00000; font-family: Arial;\">\u00ab\u2009Je crois que c&rsquo;est moi qui ai enterr\u00e9 le corps de Maurice Audin.\u2009\u00bb<br \/>\n<\/span><\/p>\n<p style=\"margin-left: 28pt;\"><span style=\"color: #c00000; font-family: Arial;\">Dans la ville de Fondouk [\u2026] un apr\u00e8s-midi du mois d&rsquo;ao\u00fbt, un adjudant de la compagnie lui demande de b\u00e2cher un camion\u2009: \u00ab\u2009Un lieutenant va venir et tu te mettras \u00e0 son service. Et tu feras TOUT ce qu&rsquo;il te dira.\u2009\u00bb Le lendemain matin, le temps est brumeux et le ciel bas quand un homme \u00ab\u2009au physique athl\u00e9tique\u2009\u00bb s&rsquo;avance vers lui, habill\u00e9 d&rsquo;un pantalon de civil mais arborant un blouson militaire et un b\u00e9ret viss\u00e9 sur la t\u00eate. C&rsquo;\u00e9tait un parachutiste. \u00ab\u2009On va accomplir une mission secret-d\u00e9fense, me dit le gars. Il me demande si je suis habile pour faire des marches arri\u00e8re. Puis, si j&rsquo;ai d\u00e9j\u00e0 vu des morts. Puis, si j&rsquo;en ai touch\u00e9, etc. \u00bb \u00ab Malheureusement oui\u2009\u00bb, relate l&rsquo;ancien appel\u00e9. \u00ab\u2009C&rsquo;est bien\u2009\u00bb, lui r\u00e9pond le para, qui le guide pour sortir de Fondouk et lui demande de s&rsquo;arr\u00eater devant une ferme. \u00ab\u2009Est-ce que tu as des gants\u2009? Tu en auras besoin\u2026\u2009\u00bb Jacques s&rsquo;arr\u00eate \u00e0 sa demande devant l&rsquo;immense portail d&rsquo;une ferme assez cossue qui semble abandonn\u00e9e. Il plisse les yeux pour en d\u00e9crire le moindre d\u00e9tail qui permettrait aujourd&rsquo;hui de l&rsquo;identifier. \u00ab\u2009Descends et viens m&rsquo;aider !\u2009\u00bb lui lance le para, dont il apprendra l&rsquo;identit\u00e9 bien plus tard\u2009: il s&rsquo;agirait de G\u00e9rard Garcet (lire l&rsquo;Humanit\u00e9 du 14 janvier 2014), choisi par le sinistre g\u00e9n\u00e9ral Aussaresses pour recruter les parachutistes charg\u00e9s des basses besognes. Le m\u00eame qui fut, plus tard, d\u00e9sign\u00e9 par ses sup\u00e9rieurs comme l&rsquo;assassin de Maurice Audin\u2026<br \/>\n<\/span><\/p>\n<p style=\"margin-left: 28pt;\"><span style=\"color: #c00000; font-family: Arial;\">Le tortionnaire ouvre une cabane ferm\u00e9e \u00e0 cl\u00e9, dans laquelle deux cadavres enroul\u00e9s dans des draps sont cach\u00e9s sous la paille. \u00ab\u2009J&rsquo;ai d&rsquo;abord l&rsquo;impression de loin que ce sont des Africains. Ils sont tout noirs, comme du charbon\u2009\u00bb, se souvient Jacques, \u00e0 qui G\u00e9rard Garcet raconte, fi\u00e8rement, les d\u00e9tails sordides\u2009: \u00ab\u2009On les a pass\u00e9s \u00e0 la lampe \u00e0 souder. On a insist\u00e9 sur les pieds et les mains pour \u00e9viter qu&rsquo;on puisse les identifier. Ces gars qu&rsquo;on tient au chaud depuis un bout de temps, il faut maintenant qu&rsquo;on s&rsquo;en d\u00e9barrasse. C&rsquo;est une grosse prise. Il ne faut jamais que leurs corps soient retrouv\u00e9s.\u2009\u00bb \u00ab\u2009C&rsquo;est des gens importants\u2009?\u2009\u00bb lui demande le jeune appel\u00e9. \u00ab\u2009Oui, c&rsquo;est le fr\u00e8re de Ben Bella et l&rsquo;autre, une saloperie de communiste. Il faut les faire dispara\u00eetre.\u2009\u00bb Un sinistre dialogue que Jacques relate des sanglots dans la voix. C&rsquo;est qu&rsquo;il est aujourd&rsquo;hui certain qu&rsquo;il s&rsquo;agissait bien de Maurice Audin. Quant \u00e0 l&rsquo;autre corps, il est impossible qu&rsquo;il s&rsquo;agisse d&rsquo;un membre de la famille d&rsquo;Ahmed Ben Bella, l&rsquo;un des chefs historiques et initiateurs du Front de lib\u00e9ration nationale (FLN). Sans doute un dirigeant du FLN, proche de Ben Bella[\u2026]<br \/>\n<\/span><\/p>\n<p style=\"margin-left: 28pt;\"><span style=\"color: #c00000; font-family: Arial;\">Apr\u00e8s vingt minutes de trajet environ, on s&rsquo;est arr\u00eat\u00e9s devant un portail. Il n&rsquo;\u00e9tait pas cadenass\u00e9, celui-l\u00e0. \u00c7a m&rsquo;a \u00e9tonn\u00e9. Au milieu de la ferme, il y avait une sorte de cabane sans toit avec des paravents, comme un enclos entour\u00e9 de b\u00e2ches. Il m&rsquo;a demand\u00e9 d&rsquo;attendre. Quand il a ouvert la b\u00e2che\u2009: quatre civils alg\u00e9riens avaient les yeux band\u00e9s et les mains attach\u00e9es dans le dos. Ils leur avaient fait creuser un \u00e9norme trou, qui faisait au moins 4 m\u00e8tres de profondeur. Dans le fond, j&rsquo;ai aper\u00e7u des seaux, des pioches et une \u00e9chelle. Il m&rsquo;a demand\u00e9 de recouvrir les deux cadavres. Ce que j&rsquo;ai fait. D&rsquo;abord il m&rsquo;a f\u00e9licit\u00e9. Puis, me dit de n&rsquo;en parler \u00e0 personne, que j&rsquo;aurais de gros ennuis si je parle. Et ma famille aussi. Il me menace. On est rentr\u00e9s \u00e0 Fondouk et il me demande de le d\u00e9poser devant les halles du march\u00e9.\u2009\u00bb<br \/>\n<\/span><\/p>\n<p style=\"margin-left: 28pt;\"><span style=\"color: #c00000; font-family: Arial;\">Et puis, [celui que l&rsquo;Humanit\u00e9 a appel\u00e9 Jacques] a oubli\u00e9, pour continuer \u00e0 vivre. Comme toute une g\u00e9n\u00e9ration marqu\u00e9e \u00e0 vie, mur\u00e9e dans le silence et la honte, il n&rsquo;a pas parl\u00e9. Ni de cette nuit-l\u00e0, ni du reste.<br \/>\n<\/span><\/p>\n<p style=\"margin-left: 28pt;\"><span style=\"color: #c00000; font-family: Arial;\">Dans <span style=\"color: #0000ff;\"><a style=\"color: #0000ff;\" href=\"https:\/\/fr.wikipedia.org\/wiki\/La_Question_(livre)\">la Question<\/a><\/span>, Henri Alleg relate un dialogue avec ses bourreaux \u00e0 qui il dit, \u00e9puis\u00e9 par la torture\u2009: \u00ab\u2009On saura comment je suis mort.\u2009\u00bb Le tortionnaire lui r\u00e9plique\u2009: \u00ab\u2009Non, personne n&rsquo;en saura rien.\u2009\u00bb<br \/>\n<\/span><\/p>\n<p style=\"margin-left: 28pt;\"><span style=\"color: #c00000; font-family: Arial;\"><strong>\u00ab\u2009Si, r\u00e9pondit Henri Alleg, tout se sait toujours\u2026\u2009\u00bb<br \/>\n<\/strong><\/span><\/p>\n<p><span style=\"color: #800000; font-family: Arial;\">&lt;1027&gt;<\/span><\/p>\n","protected":false},"excerpt":{"rendered":"<p>\u00ab&nbsp;Tout se sait toujours&nbsp;\u00bb Henry Alleg qui r\u00e9pond \u00e0 son tortionnaire qui lui dit que jamais personne ne saura ce qui se passe dans les chambres de torture de l\u2019arm\u00e9e fran\u00e7aise en Alg\u00e9rie. Maurice Audin \u00e9tait un jeune math\u00e9maticien de<\/p>\n","protected":false},"author":1,"featured_media":0,"comment_status":"open","ping_status":"closed","sticky":false,"template":"","format":"standard","meta":{"footnotes":""},"categories":[1],"tags":[15,17,3],"class_list":["post-4255","post","type-post","status-publish","format-standard","hentry","category-motdujour","tag-france","tag-histoire","tag-politique"],"_links":{"self":[{"href":"https:\/\/lemotdujour.fr\/index.php?rest_route=\/wp\/v2\/posts\/4255","targetHints":{"allow":["GET"]}}],"collection":[{"href":"https:\/\/lemotdujour.fr\/index.php?rest_route=\/wp\/v2\/posts"}],"about":[{"href":"https:\/\/lemotdujour.fr\/index.php?rest_route=\/wp\/v2\/types\/post"}],"author":[{"embeddable":true,"href":"https:\/\/lemotdujour.fr\/index.php?rest_route=\/wp\/v2\/users\/1"}],"replies":[{"embeddable":true,"href":"https:\/\/lemotdujour.fr\/index.php?rest_route=%2Fwp%2Fv2%2Fcomments&post=4255"}],"version-history":[{"count":7,"href":"https:\/\/lemotdujour.fr\/index.php?rest_route=\/wp\/v2\/posts\/4255\/revisions"}],"predecessor-version":[{"id":12358,"href":"https:\/\/lemotdujour.fr\/index.php?rest_route=\/wp\/v2\/posts\/4255\/revisions\/12358"}],"wp:attachment":[{"href":"https:\/\/lemotdujour.fr\/index.php?rest_route=%2Fwp%2Fv2%2Fmedia&parent=4255"}],"wp:term":[{"taxonomy":"category","embeddable":true,"href":"https:\/\/lemotdujour.fr\/index.php?rest_route=%2Fwp%2Fv2%2Fcategories&post=4255"},{"taxonomy":"post_tag","embeddable":true,"href":"https:\/\/lemotdujour.fr\/index.php?rest_route=%2Fwp%2Fv2%2Ftags&post=4255"}],"curies":[{"name":"wp","href":"https:\/\/api.w.org\/{rel}","templated":true}]}}