{"id":4249,"date":"2018-02-27T04:00:41","date_gmt":"2018-02-27T03:00:41","guid":{"rendered":"http:\/\/lemotdujour.fr\/?p=4249"},"modified":"2021-10-17T13:04:41","modified_gmt":"2021-10-17T11:04:41","slug":"mardi-27-fevrier-2018","status":"publish","type":"post","link":"https:\/\/lemotdujour.fr\/?p=4249","title":{"rendered":"Mardi 27 f\u00e9vrier 2018"},"content":{"rendered":"<div class=\"mdjTexte\">\t\u00abNous avons \u00e9t\u00e9 de la viande \u00e0 charbon.&nbsp;\u00bb<\/div>\n<div class=\"mdjAuteur\">\tFran\u00e7ois Dosso, porte-parole de la cellule maladies professionnelles de la CFDT des mineurs de charbon de Lorraine<\/div>\n<p><span style=\"color: #777777; font-family: Arial;\">Je suis n\u00e9 \u00e0 Forbach et ma maison parentale se trouvait dans la ville voisine de Stiring-Wendel. Ces deux villes faisaient partie du bassin houiller de Lorraine, les mines de charbon. Si mon p\u00e8re n&rsquo;y a travaill\u00e9 que pendant une tr\u00e8s petite p\u00e9riode, la plus grande partie de ma famille&nbsp;: oncles, cousins, petits cousins y ont travaill\u00e9 toute leur vie.<br \/>\n<\/span><\/p>\n<p><img decoding=\"async\" class=\"alignleft\" src=\"https:\/\/lemotdujour.fr\/wp-content\/uploads\/2018\/02\/022518_1842_Vendredi2ma1.jpg\" alt=\"\" align=\"left\"><span style=\"color: #777777; font-family: Arial;\">La Lorraine \u00e9tait une r\u00e9gion industrielle de mines, les mines de fer pr\u00e8s de Thionville, les mines de charbon autour de Forbach, Freyming Merlebach et aussi des mines de sel pr\u00e8s de la ville bien nomm\u00e9e Ch\u00e2teau-salins.<br \/>\n<\/span><\/p>\n<p><span style=\"color: #777777; font-family: Arial;\">En avril 2004, le dernier puits du bassin houiller lorrain a ferm\u00e9, il s&rsquo;agissait du puits de la Houve \u00e0 Creutzwald. Le si\u00e8ge de Merlebach avait ferm\u00e9 au mois d&rsquo;octobre 2003.<br \/>\n<\/span><\/p>\n<p><span style=\"color: #777777; font-family: Arial;\">Mais c&rsquo;est <strong>bien l&rsquo;arr\u00eat de la production, le 23 avril 2004, du puits de la Houve qui marque la fin de l&rsquo;exploitation du charbon en France<\/strong>.<br \/>\n<\/span><\/p>\n<p><a href=\"http:\/\/www.iaea.org\/inis\/collection\/NCLCollectionStore\/_Public\/36\/095\/36095218.pdf\"><span style=\"font-family: Arial;\"><span style=\"color: #0000ff;\">&lt;Vous trouverez derri\u00e8re ce lien une histoire document\u00e9e de l&rsquo;aventure du Charbon \u00e0 Freyming-Merlebach&gt;<\/span><\/span><\/a><span style=\"color: #777777; font-family: Arial;\"><br \/>\n<\/span><\/p>\n<p><a href=\"https:\/\/fr.wikipedia.org\/wiki\/Houill%C3%A8res_de_Lorraine\"><span style=\"font-family: Arial;\"><span style=\"color: #0000ff;\">Wikipedia<\/span><\/span><\/a><span style=\"color: #777777; font-family: Arial;\"> nous apprend que la pr\u00e9sence du charbon dans la r\u00e9gion f\u00fbt connue d\u00e8s le XVIe si\u00e8cle, mais que c&rsquo;est au d\u00e9but du XIXe si\u00e8cle que l&rsquo;exploitation du bassin lorrain va conna\u00eetre son d\u00e9veloppement. Ainsi, c&rsquo;est en 1810 que deux ing\u00e9nieurs du corps imp\u00e9rial des Mines dressent le premier atlas du bassin houiller lorrain dans la continuit\u00e9 du bassin de la Sarre qui se trouve au-del\u00e0 de la fronti\u00e8re du c\u00f4t\u00e9 de l&rsquo;Allemagne qui n&rsquo;a pas encore op\u00e9r\u00e9e son unification.<br \/>\n<\/span><\/p>\n<p><span style=\"color: #777777; font-family: Arial;\">Nous apprenons aussi que le bassin houiller lorrain s&rsquo;\u00e9tend sur une superficie de 49 000 ha, qu&rsquo;il peut \u00eatre d\u00e9limit\u00e9 par le triangle Villing (pr\u00e8s de Creutzwald) \u2013 Faulquemont \u2013 Stiring-Wendel et qu&rsquo;il regroupe environ 70 communes. Enfin on y d\u00e9nombra plus de 58 puits construits entre 1818 et 1987.<br \/>\n<\/span><\/p>\n<p><span style=\"color: #777777; font-family: Arial;\">En 1946, au lendemain de la guerre les mines de charbon furent nationalis\u00e9es et on cr\u00e9a les Houill\u00e8res du bassin de Lorraine (HBL), un \u00e9tablissement public \u00e0 caract\u00e8re industriel.<br \/>\n<\/span><\/p>\n<p><span style=\"color: #777777; font-family: Arial;\">L&rsquo;exploitation est donc d\u00e9sormais arr\u00eat\u00e9e depuis 14 ans, mais de graves probl\u00e8mes demeurent dans ma r\u00e9gion natale.<br \/>\n<\/span><\/p>\n<p><span style=\"color: #777777; font-family: Arial;\">D&rsquo;abord un probl\u00e8me \u00e9conomique, cette r\u00e9gion est sinistr\u00e9e depuis cette fermeture qui correspond \u00e0 une d\u00e9sindustrialisation que rien n&rsquo;a su compenser pour donner des emplois stables et r\u00e9mun\u00e9rateurs. J&rsquo;avais esquiss\u00e9 cette probl\u00e9matique en \u00e9voquant le documentaire de R\u00e9gis Sauder &lt;<a href=\"https:\/\/lemotdujour.fr\/?p=518\"><span style=\"color: #0000ff;\">Retour \u00e0 Forbach<\/span><\/a>&gt;<br \/>\n<\/span><\/p>\n<p><span style=\"color: #777777; font-family: Arial;\">Ensuite des probl\u00e8mes g\u00e9ologiques, en effet, l&rsquo;eau s&rsquo;engouffre dans les galeries et cause des affaissements de terrain et des effondrements miniers qui endommagent les immeubles et les routes.<br \/>\n<\/span><\/p>\n<p><span style=\"color: #777777; font-family: Arial;\">Mais <strong>la technique n&rsquo;est rien sans les hommes<\/strong> explique \u00ab&nbsp;<strong>l&rsquo;Humanit\u00e9&nbsp;\u00bb<\/strong> dans ce bel article de 2003 &lt;<span style=\"color: #0000ff;\"> <a style=\"color: #0000ff;\" href=\"https:\/\/www.humanite.fr\/node\/292293\">Freyming-Merlebach, ou la vie apr\u00e8s la mine<\/a><\/span>&gt;. Vu \u00e0 hauteur d&rsquo;homme, cet article raconte comment dans ce lieu de labeur se sont c\u00f4toy\u00e9s des travailleurs venant de pays diff\u00e9rents&nbsp;:<br \/>\n<\/span><\/p>\n<p style=\"margin-left: 28pt;\"><span style=\"color: #c00000; font-family: Arial;\">\u00ab&nbsp;Des convois d&rsquo;Italiens, de Polonais surtout, arrivent en gare de Toul. On leur pend un \u00e9criteau autour du cou. Ils s&rsquo;ajoutent par dizaines aux Slov\u00e8nes, aux Hongrois, et bien s\u00fbr aux Allemands. Depuis le d\u00e9but du si\u00e8cle, ils acceptent de descendre aux c\u00f4t\u00e9s des paysans de Freyming. Du coup, les effectifs salari\u00e9s progressent de 13 500 \u00e0 24 775 de 1920 \u00e0 1938.&nbsp;\u00bb<br \/>\n<\/span><\/p>\n<p><span style=\"color: #777777; font-family: Arial;\">Mon grand-p\u00e8re maternel faisait partie du contingent polonais qui est venu renforcer la force de travail dans les mines de charbon de Moselle dans les ann\u00e9es 1920.<br \/>\n<\/span><\/p>\n<p><span style=\"color: #777777; font-family: Arial;\">Dans cet univers aussi se c\u00f4toyait ceux qui ne croyaient pas et ceux qui croyaient. Apr\u00e8s un article du journal l&rsquo;Humanit\u00e9, je suis tomb\u00e9 sur un article de 2013 du journal<strong> \u00ab&nbsp;La Croix&nbsp;\u00bb&nbsp;: <\/strong>&lt;<span style=\"color: #0000ff;\"><a style=\"color: #0000ff;\" href=\"https:\/\/www.la-croix.com\/Actualite\/France\/La-retraite-contrastee-des-mineurs-de-Lorraine-2013-07-02-981188\">La retraite contrast\u00e9e des mineurs de Lorraine<\/a><\/span>&gt;&nbsp;:<br \/>\n<\/span><\/p>\n<p><span style=\"color: #777777; font-family: Arial;\">On pourrait penser que le destin d&rsquo;un mineur de charbon \u00e9tait enviable&nbsp;:<br \/>\n<\/span><\/p>\n<p style=\"margin-left: 28pt;\"><span style=\"color: #c00000; font-family: Arial;\">\u00ab&nbsp;Dans le charbon, on cessait le travail \u00e0 50 ans pour les mineurs de fond et \u00e0 55 ans quand on travaillait au jour. Mais quand les Houill\u00e8res du Bassin de Lorraine (HBL) ont progressivement cess\u00e9 leurs activit\u00e9s, entre la fin des ann\u00e9es 1990 et 2008 (l&rsquo;exploitation avait pris fin en 2004), l&rsquo;\u00e2ge a encore \u00e9t\u00e9 avanc\u00e9 \u00e0 45 ans.&nbsp;\u00bb<br \/>\n<\/span><\/p>\n<p><span style=\"color: #777777; font-family: Arial;\">Mais la journaliste de la Croix raconte aussi la perte de sens, l&rsquo;ennui et le vide&nbsp;:<br \/>\n<\/span><\/p>\n<p style=\"margin-left: 28pt;\"><span style=\"color: #c00000; font-family: Arial;\">\u00ab Heureusement, j&rsquo;habite dans une maison et il y a du travail, poursuit Stanislas. Mais beaucoup sont en appartement, ils n&rsquo;arrivent pas \u00e0 s&rsquo;occuper, passent leurs journ\u00e9es dans leur canap\u00e9, devant la t\u00e9l\u00e9vision, \u00e0 boire et \u00e0 fumer. J&rsquo;en connais un, pourtant bon vivant, qui a divorc\u00e9, puis s&rsquo;est suicid\u00e9. Un autre a fait une tentative, r\u00e9cemment. Ils avaient pourtant tout pour avoir une vie extraordinaire. Mais ce qui manque le plus, c&rsquo;est le contact. [\u2026]<br \/>\n<\/span><\/p>\n<p style=\"margin-left: 28pt;\"><span style=\"color: #c00000; font-family: Arial;\">En tant que m\u00e9decins du travail, nous aurions voulu continuer \u00e0 les suivre au-del\u00e0 de 2008, t\u00e9moigne Pierre Heintz, ancien m\u00e9decin des Houill\u00e8res, mais cela n&rsquo;a pas \u00e9t\u00e9 valid\u00e9 par Charbonnages de France. La direction estimait que \u00e7a ne pouvait que bien se passer. Nous, nous avions le retour des premiers mineurs partis, dont certains s&rsquo;\u00e9taient mis \u00e0 boire, avaient un sentiment de perte d&rsquo;identit\u00e9 car leur m\u00e9tier n&rsquo;existait plus. \u00bb<br \/>\n<\/span><\/p>\n<p><span style=\"color: #777777; font-family: Arial;\">Et la journaliste rappelle \u00ab&nbsp;Le Pacte charbonnier&nbsp;\u00bb, un accord inimaginable aujourd&rsquo;hui&nbsp;:<br \/>\n<\/span><\/p>\n<p style=\"margin-left: 28pt;\"><span style=\"color: #c00000; font-family: Arial;\">\u00ab&nbsp;En 1994, alors que les Houill\u00e8res du Bassin de Lorraine (HBL) emploient 12 000 personnes, le \u00ab Pacte charbonnier \u00bb est sign\u00e9 sous la houlette de G\u00e9rard Longuet, alors ministre de l&rsquo;industrie. Cet accord, inimaginable aujourd&rsquo;hui, est justifi\u00e9 par la crainte de ne pas r\u00e9ussir \u00e0 reclasser les \u00ab gueules noires \u00bb, dont beaucoup sont victimes de maladies professionnelles (amiante et silicose) et envers qui la Nation se sent redevable d&rsquo;une dette.<br \/>\n<\/span><\/p>\n<p style=\"margin-left: 28pt;\"><span style=\"color: #c00000; font-family: Arial;\">Un \u00ab cong\u00e9 charbonnier de fin de carri\u00e8re \u00bb (CCFC) est ouvert \u00e0 tous les ouvriers et agents de ma\u00eetrise de plus de 45 ans ayant au moins vingt-cinq ans d&rsquo;anciennet\u00e9 (vingt ans pour ceux ayant plus de 20 % d&rsquo;invalidit\u00e9)&nbsp;\u00bb<br \/>\n<\/span><\/p>\n<p style=\"margin-left: 28pt;\"><span style=\"color: #c00000; font-family: Arial;\">Ils touchent 80 % de leur salaire, ne peuvent travailler en parall\u00e8le (plus tard, ils auront la possibilit\u00e9 de toucher un faible revenu) et conservent tous leurs avantages (gratuit\u00e9 des soins, du logement, du chauffage), y compris pour les veuves\u00bb.<br \/>\n<\/span><\/p>\n<p><span style=\"color: #777777; font-family: Arial;\">Mais si j&rsquo;\u00e9cris aujourd&rsquo;hui un mot du jour \u00e0 ce sujet, c&rsquo;est en raison d&rsquo;un article \u00ab&nbsp;<strong>des Echos<\/strong>&nbsp;\u00bb du 15 f\u00e9vrier 2018 \u00e9crit par Pascale Braun&nbsp;: &lt;<a href=\"https:\/\/www.lesechos.fr\/industrie-services\/industrie-lourde\/0301295949904-la-derniere-bataille-des-mineurs-de-lorraine-2153906.php\"><span style=\"color: #0000ff;\">La derni\u00e8re bataille des mineurs de Lorraine<\/span><\/a>&gt;&nbsp;:<br \/>\n<\/span><\/p>\n<p style=\"margin-left: 28pt;\"><span style=\"color: #c00000; font-family: Arial;\">\u00ab&nbsp;Expos\u00e9s \u00e0 des conditions de travail dangereuses et insalubres dans les ann\u00e9es 1980, plus de 3.000 mineurs tentent aujourd&rsquo;hui de faire reconna\u00eetre la faute inexcusable des Houill\u00e8res \u00e0 leur encontre.&nbsp;[\u2026]\u00bb<br \/>\n<\/span><\/p>\n<p style=\"margin-left: 28pt;\"><span style=\"color: #c00000; font-family: Arial;\"><strong>\u00ab Nous avons \u00e9t\u00e9 de la viande \u00e0 charbon. Les houill\u00e8res ont envoy\u00e9 au casse-pipe des jeunes de vingt ans. Nous ne cesserons pas de nous battre tant que nous n&rsquo;aurons pas obtenu la reconnaissance collective de cette ignominie<\/strong> \u00bb, expose sans ambages Fran\u00e7ois Dosso, porte-parole de la cellule maladies professionnelles de la CFDT.&nbsp;\u00bb<br \/>\n<\/span><\/p>\n<p><span style=\"color: #777777; font-family: Arial;\">Car avant de partir \u00e0 la retraite les mineurs de charbon qui travaillaient au fond de la mine ont \u00e9t\u00e9 soumis \u00e0 des poussi\u00e8res, des gaz, la terrible silice, l&rsquo;amiante et d&rsquo;autres produits dangereux&nbsp;:<br \/>\n<\/span><\/p>\n<p style=\"margin-left: 28pt;\"><span style=\"color: #c00000; font-family: Arial;\">\u00ab&nbsp; A partir du choc p\u00e9trolier d\u00e9clench\u00e9 en 1973 par la guerre du Kippour et jusqu&rsquo;\u00e0 la catastrophe du puits Simon de Forbach en 1985, les houill\u00e8res du bassin de Lorraine (HBL) ont impos\u00e9 aux mineurs une productivit\u00e9 tr\u00e8s \u00e9lev\u00e9e.<br \/>\n<\/span><\/p>\n<p style=\"margin-left: 28pt;\"><span style=\"color: #c00000; font-family: Arial;\">Les rendements ont progress\u00e9 de mani\u00e8re spectaculaire, passant de 4,4 tonnes par homme et par jour en 1974 \u00e0 6 tonnes par homme et par jour en 1990. Les embauches ont repris \u00e0 un rythme soutenu &#8211; jusqu&rsquo;\u00e0 3.000 mineurs par an, avec un turnover atteignant parfois les deux tiers &#8211; jusqu&rsquo;\u00e0 l&rsquo;arr\u00eat brutal des recrutements en 1983. [\u2026]<br \/>\n<\/span><\/p>\n<p style=\"margin-left: 28pt;\"><span style=\"color: #c00000; font-family: Arial;\">Sur le plan sanitaire, cette p\u00e9riode s&rsquo;est av\u00e9r\u00e9e funeste. Les syndicats se sont d&rsquo;abord inqui\u00e9t\u00e9s des accidents &#8211; 16 morts lors de la catastrophe de Merlebach en septembre 1976, mais aussi 15 morts et 600 bless\u00e9s graves en moyenne chaque ann\u00e9e hors accidents collectifs. Le souci des maladies n&rsquo;est apparu que plus tard. [\u2026]<br \/>\n<\/span><\/p>\n<p style=\"margin-left: 28pt;\"><span style=\"color: #c00000; font-family: Arial;\">Les mineurs sont tomb\u00e9s malades. Pour l&rsquo;ann\u00e9e 1992, consid\u00e9r\u00e9e comme ordinaire, les affili\u00e9s au r\u00e9gime minier pr\u00e9sentent un taux de pr\u00e9valence de maladies professionnelles 144 fois plus \u00e9lev\u00e9 que pour les affili\u00e9s au r\u00e9gime g\u00e9n\u00e9ral. Au fond des puits, ils utilisent massivement des huiles min\u00e9rales ou bitumineuses et du trichlor\u00e9thyl\u00e8ne. Ils respirent des vapeurs de gazole, des fum\u00e9es de tirs d&rsquo;explosifs et des fibres de roche.<br \/>\n<\/span><\/p>\n<p style=\"margin-left: 28pt;\"><span style=\"color: #c00000; font-family: Arial;\">En fonction des sites et des m\u00e9tiers, ils ont pu entrer en contact avec 24 produits canc\u00e9rig\u00e8nes ou pathog\u00e8nes. [Ils] ont \u00e9t\u00e9 expos\u00e9s en moyenne \u00e0 11 d&rsquo;entre eux au cours de leur carri\u00e8re.<br \/>\n<\/span><\/p>\n<p style=\"margin-left: 28pt;\"><span style=\"color: #c00000; font-family: Arial;\">La derni\u00e8re mine de Lorraine ferme en 2004 . Quatre ans plus tard, Charbonnage de France est liquid\u00e9 et relay\u00e9 par l&rsquo;Agence nationale pour la garantie des mineurs (ANGDM). Dispara\u00eet ainsi un employeur qui r\u00e9gna en ma\u00eetre dans le bassin houiller durant un si\u00e8cle et demi. Les langues se d\u00e9lient.<br \/>\n<\/span><\/p>\n<p style=\"margin-left: 28pt;\"><span style=\"color: #c00000; font-family: Arial;\">Peu avant la liquidation, certains m\u00e9decins et cadres communiquent aux syndicats des informations jusqu&rsquo;alors in\u00e9dites sur la toxicit\u00e9 des produits utilis\u00e9s. S&rsquo;engage alors la troisi\u00e8me bataille du charbon, visant \u00e0 faire reconna\u00eetre et \u00e0 indemniser les victimes sanitaires d&rsquo;une exploitation hors norme.<br \/>\n<\/span><\/p>\n<p style=\"margin-left: 28pt;\"><span style=\"color: #c00000; font-family: Arial;\">Le combat sans concession commence par l&rsquo;amiante. Dans un premier temps, CDF conteste l&rsquo;exposition elle-m\u00eame. D\u00e9bout\u00e9e jusqu&rsquo;en cassation, l&rsquo;entreprise attaque syst\u00e9matiquement toutes les demandes de reconnaissance de faute inexcusable, mais se voit presque immanquablement condamn\u00e9e, au terme d&rsquo;une gu\u00e9rilla juridique \u00e9valu\u00e9e \u00e0 5.000 euros par cas, soit un co\u00fbt de plus de 15 millions d&rsquo;euros.<br \/>\n<\/span><\/p>\n<p style=\"margin-left: 28pt;\"><span style=\"color: #c00000; font-family: Arial;\">Aujourd&rsquo;hui, entre 10 et 15 dossiers sont plaid\u00e9s et gagn\u00e9s chaque semaine au tribunal des affaires sanitaires et sociales de Metz.<br \/>\n<\/span><\/p>\n<p style=\"margin-left: 28pt;\"><span style=\"color: #c00000; font-family: Arial;\">A ces quelque 3.500 plaintes en cours se sont ajout\u00e9s au moins 500 dossiers portant sur la silicose et les maladies respiratoires inscrites aux tableaux 30 et 30 bis de la S\u00e9curit\u00e9 sociale .&nbsp;\u00bb<br \/>\n<\/span><\/p>\n<p><span style=\"color: #777777; font-family: Arial;\">L&rsquo;avocat sp\u00e9cialis\u00e9 en sant\u00e9 et s\u00e9curit\u00e9 au travail, Michel Ledoux explique&nbsp;:<br \/>\n<\/span><\/p>\n<p style=\"margin-left: 28pt;\"><span style=\"color: #c00000; font-family: Arial;\">\u00ab Pendant des d\u00e9cennies, nous avons \u00e9chou\u00e9 \u00e0 contrer le raisonnement commun\u00e9ment admis selon lequel on ne peut extraire du charbon sans g\u00e9n\u00e9rer de la silice. Nous sommes ensuite parvenus \u00e0 d\u00e9montrer que les houill\u00e8res n&rsquo;avaient pas respect\u00e9 les mesures de s\u00e9curit\u00e9 qu&rsquo;elles avaient elles-m\u00eames mises en place. Mais chaque dossier constitue un gros travail, car les mineurs ont exerc\u00e9 \u00e0 des \u00e9poques diff\u00e9rentes, dans diff\u00e9rents puits et \u00e0 diff\u00e9rentes t\u00e2ches \u00bb.<br \/>\n<\/span><\/p>\n<p><span style=\"color: #777777; font-family: Arial;\">C&rsquo;est donc une bataille juridique qui s&rsquo;est engag\u00e9e. Elle est tr\u00e8s incertaine pour les mineurs<br \/>\n<\/span><\/p>\n<p style=\"margin-left: 28pt;\"><span style=\"color: #c00000; font-family: Arial;\">\u00ab&nbsp;En juillet 2017, 755 anciens mineurs de l&rsquo;Est mosellan ont pourtant encaiss\u00e9 une s\u00e9v\u00e8re d\u00e9convenue : la cour d&rsquo;appel de Metz les a d\u00e9bout\u00e9s \u00e0 la fois de leur demande d&rsquo;indemnisation au titre du pr\u00e9judice d&rsquo;anxi\u00e9t\u00e9 et de leur plainte contre Charbonnages de France (CDF) pour violation de l&rsquo;obligation de s\u00e9curit\u00e9.<br \/>\n<\/span><\/p>\n<p style=\"margin-left: 28pt;\"><span style=\"color: #c00000; font-family: Arial;\">Les plaignants avaient obtenu partiellement gain de cause le 30 juin 2016 devant le tribunal des prud&rsquo;hommes de Forbach , qui leur a accord\u00e9 un pr\u00e9judice d&rsquo;anxi\u00e9t\u00e9 &#8211; jusque-l\u00e0 r\u00e9serv\u00e9 aux victimes relevant du dispositif sp\u00e9cifiquement d\u00e9di\u00e9 aux victimes de l&rsquo;amiante &#8211; avec une indemnisation de 1.000 euros contre les 15.000 demand\u00e9s.<br \/>\n<\/span><\/p>\n<p style=\"margin-left: 28pt;\"><span style=\"color: #c00000; font-family: Arial;\">Ils ont d\u00e9cid\u00e9 de se pourvoir en cassation, mais tous ne seront peut-\u00eatre pas au rendez-vous. Entre juin 2013, date de la premi\u00e8re instance aux prud&rsquo;hommes, et le lancement de la proc\u00e9dure en appel en septembre 2015, 14 des 844 plaignants sont morts, \u00e0 l&rsquo;\u00e2ge moyen de 61 ans. La d\u00e9cision de la cour est attendue courant 2019.&nbsp;\u00bb<br \/>\n<\/span><\/p>\n<p><span style=\"color: #777777; font-family: Arial;\">Tout r\u00e9cemment sur des motifs analogues, des mineurs de fer de Lorraine ont \u00e9t\u00e9 d\u00e9bout\u00e9s par la Cour de Cassation <span style=\"color: #0000ff;\"><a style=\"color: #0000ff;\" href=\"https:\/\/france3-regions.francetvinfo.fr\/grand-est\/lorraine\/lorraine-cour-cassation-ne-reconnait-pas-anxiete-anciens-mineurs-fer-1427837.html\">le mercredi 21 f\u00e9vrier 2018<\/a>.<\/span><br \/>\n<\/span><\/p>\n<p><span style=\"color: #777777; font-family: Arial;\">Nous sommes ici au c\u0153ur de la complexit\u00e9 du monde industriel dans lequel des ouvriers \u00e9taient fiers de leur travail et donnaient du sens \u00e0 leur action tout en perdant leur vie \u00e0 la gagner.<br \/>\n<\/span><\/p>\n<p><span style=\"color: #777777; font-family: Arial;\">Pour celles et ceux que cela int\u00e9resse, j&rsquo;ai encore trouv\u00e9 <a href=\"http:\/\/www.ppsmania.fr\/reportages\/il-etait-une-fois-le-charbon-lorrain.html\"><span style=\"color: #0000ff;\">&lt;Un diaporama montrant le travail dans les mines de charbon lorraines et son \u00e9volution&gt;<\/span><\/a><br \/>\n<\/span><\/p>\n<p><span style=\"color: #777777; font-family: Arial;\">Et<span style=\"color: #0000ff;\"> <a style=\"color: #0000ff;\" href=\"http:\/\/www.patrimoine-minier.fr\/lorraine\/index.html\">&lt;Ici&gt;<\/a><\/span> toute une collection de photos du patrimoine minier.<br \/>\n<\/span><\/p>\n<p><span style=\"color: #777777; font-family: Arial;\">Il y a \u00e9norm\u00e9ment de ressources sur Internet. Ainsi sur ce blog on trouve <a href=\"http:\/\/lorraine.charbon.free.fr\/liste%20des%20puits.htm\"><span style=\"color: #0000ff;\">une page<\/span><\/a> d\u00e9crivant chacun des 58 puits de l&rsquo;Histoire des charbons de Lorraine, du puit de Schoeneck (1818) \u00e0 La Houve (Creutzwald), le puits ouest (1987)<br \/>\n<\/span><\/p>\n<p><span style=\"color: #c00000; font-family: Arial;\">&lt;1025&gt;<br \/>\n<\/span><\/p>\n<p><span style=\"color: #777777; font-family: Arial;\"><br \/>\n<\/span><\/p>\n","protected":false},"excerpt":{"rendered":"<p>\u00abNous avons \u00e9t\u00e9 de la viande \u00e0 charbon.&nbsp;\u00bb Fran\u00e7ois Dosso, porte-parole de la cellule maladies professionnelles de la CFDT des mineurs de charbon de Lorraine Je suis n\u00e9 \u00e0 Forbach et ma maison parentale se trouvait dans la ville voisine<\/p>\n","protected":false},"author":1,"featured_media":0,"comment_status":"open","ping_status":"closed","sticky":false,"template":"","format":"standard","meta":{"footnotes":""},"categories":[1],"tags":[17,19,13],"class_list":["post-4249","post","type-post","status-publish","format-standard","hentry","category-motdujour","tag-histoire","tag-personnel","tag-sante"],"_links":{"self":[{"href":"https:\/\/lemotdujour.fr\/index.php?rest_route=\/wp\/v2\/posts\/4249","targetHints":{"allow":["GET"]}}],"collection":[{"href":"https:\/\/lemotdujour.fr\/index.php?rest_route=\/wp\/v2\/posts"}],"about":[{"href":"https:\/\/lemotdujour.fr\/index.php?rest_route=\/wp\/v2\/types\/post"}],"author":[{"embeddable":true,"href":"https:\/\/lemotdujour.fr\/index.php?rest_route=\/wp\/v2\/users\/1"}],"replies":[{"embeddable":true,"href":"https:\/\/lemotdujour.fr\/index.php?rest_route=%2Fwp%2Fv2%2Fcomments&post=4249"}],"version-history":[{"count":4,"href":"https:\/\/lemotdujour.fr\/index.php?rest_route=\/wp\/v2\/posts\/4249\/revisions"}],"predecessor-version":[{"id":12381,"href":"https:\/\/lemotdujour.fr\/index.php?rest_route=\/wp\/v2\/posts\/4249\/revisions\/12381"}],"wp:attachment":[{"href":"https:\/\/lemotdujour.fr\/index.php?rest_route=%2Fwp%2Fv2%2Fmedia&parent=4249"}],"wp:term":[{"taxonomy":"category","embeddable":true,"href":"https:\/\/lemotdujour.fr\/index.php?rest_route=%2Fwp%2Fv2%2Fcategories&post=4249"},{"taxonomy":"post_tag","embeddable":true,"href":"https:\/\/lemotdujour.fr\/index.php?rest_route=%2Fwp%2Fv2%2Ftags&post=4249"}],"curies":[{"name":"wp","href":"https:\/\/api.w.org\/{rel}","templated":true}]}}