{"id":4226,"date":"2018-02-23T03:24:00","date_gmt":"2018-02-23T02:24:00","guid":{"rendered":"http:\/\/lemotdujour.fr\/?p=4226"},"modified":"2021-10-17T13:06:44","modified_gmt":"2021-10-17T11:06:44","slug":"vendredi-23-fevrier-2018","status":"publish","type":"post","link":"https:\/\/lemotdujour.fr\/?p=4226","title":{"rendered":"Vendredi 23 f\u00e9vrier 2018"},"content":{"rendered":"<div class=\"mdjTexte\">\t\u00ab&nbsp;En privant un homme de son travail, on le prive de son humanit\u00e9 et c\u2019est une forme encore plus g\u00e9n\u00e9rale de l\u2019esclavage.\u00bb<\/div>\n<div class=\"mdjAuteur\">\tMartin Luther King Discours prononc\u00e9 \u00e0 la bourse du travail de Lyon le 29 mars 1966<\/div>\n<p><span style=\"color: #777777; font-family: Arial;\">Il y a 50 ans, le 4 avril 1968, le Pasteur Martin Luther King \u00e9tait assassin\u00e9.<br \/>\n<\/span><\/p>\n<p><span style=\"color: #777777; font-family: Arial;\">Pour comm\u00e9morer cet \u00e9v\u00e8nement, la Biblioth\u00e8que de Lyon Part-Dieu a d\u00e9cid\u00e9 \u00e0 lui rendre hommage par une exposition&nbsp;: <span style=\"color: #0000ff;\">\u00ab<a style=\"color: #0000ff;\" href=\"https:\/\/www.bm-lyon.fr\/spip.php?page=agenda_date_id&amp;source=&amp;event_id=3729\">Martin Luther King le r\u00eave bris\u00e9 ?&nbsp;<\/a>\u00bb<\/span> qui se tiendra jusqu&rsquo;au samedi 28 avril 2018.<br \/>\n<\/span><\/p>\n<p><span style=\"color: #777777; font-family: Arial;\">C&rsquo;est 5 ans <img loading=\"lazy\" decoding=\"async\" class=\"alignleft\" src=\"https:\/\/lemotdujour.fr\/wp-content\/uploads\/2018\/02\/021818_2217_Vendredi23f1.jpg\" alt=\"\" width=\"271\" height=\"404\">avant son assassinant que Martin Luther King, le 28 ao\u00fbt 1963, lors de la marche pour les droits civiques sur Washington, pronon\u00e7a la c\u00e9l\u00e8bre phrase \u00ab<em>I have a dream<\/em>\u00bb.<br \/>\n<\/span><\/p>\n<p><span style=\"color: #777777; font-family: Arial;\">3 ans apr\u00e8s ce discours, Martin Luther King est venu \u00e0 Lyon et a tenu un discours \u00e0 la bourse du travail de Lyon, le 29 mars 1966 dans une salle comble.<br \/>\n<\/span><\/p>\n<p><span style=\"color: #777777; font-family: Arial;\">Ce discours a \u00e9t\u00e9 publi\u00e9 dans \u00ab&nbsp;Topo&nbsp;\u00bb le journal des biblioth\u00e8ques de Lyon<br \/>\n<\/span><\/p>\n<p><span style=\"color: #777777; font-family: Arial;\">Il commen\u00e7a son discours par ces mots&nbsp;:<br \/>\n<\/span><\/p>\n<p style=\"margin-left: 28pt;\"><span style=\"color: #c00000; font-family: Arial;\">\u00ab&nbsp;C&rsquo;est un grand r\u00e9confort pour moi d&rsquo;\u00eatre en France, berceau des libert\u00e9s et des id\u00e9aux, pour r\u00e9fl\u00e9chir avec vous sur les probl\u00e8mes que nous affrontons. Nous sommes r\u00e9unis ce soir, motiv\u00e9s par le souci de faire dispara\u00eetre les barri\u00e8res. Aux Etats-Unis qui constituent une sorte de condens\u00e9 du monde d&rsquo;aujourd&rsquo;hui, nous connaissons des difficult\u00e9s sp\u00e9cifiques provenant de l&rsquo;incompl\u00e8te assimilation des diff\u00e9rents groupes ethniques qui composent la Nation.&nbsp;\u00bb<br \/>\n<\/span><\/p>\n<p><span style=\"color: #777777; font-family: Arial;\">Puis il a continu\u00e9 son discours en faisant l&rsquo;histoire de l&rsquo;esclavage et le combat contre les discriminations aux Etats-Unis..<br \/>\n<\/span><\/p>\n<p><span style=\"color: #777777; font-family: Arial;\">Sa conclusion est la suivante&nbsp;:<br \/>\n<\/span><\/p>\n<p style=\"margin-left: 28pt;\"><span style=\"color: #c00000; font-family: Arial;\">Si, en ce moment, nous luttons pour mettre fin au colonialisme interne qui interdit aux Noirs d&rsquo;avoir acc\u00e8s au d\u00e9veloppement \u00e9conomique et les confine dans un ghetto de pauvret\u00e9, nous n&rsquo;ignorons pas que cette lutte contre les forces de domination politique appartient \u00e0 l&rsquo;histoire de notre temps et concerne l&rsquo;univers tout entier.<br \/>\n<\/span><\/p>\n<p style=\"margin-left: 28pt;\"><span style=\"color: #c00000; font-family: Arial;\">En privant un homme de son travail, on le prive de son humanit\u00e9 et c&rsquo;est une forme encore plus g\u00e9n\u00e9rale de l&rsquo;esclavage.<br \/>\n<\/span><\/p>\n<p style=\"margin-left: 28pt;\"><span style=\"color: #c00000; font-family: Arial;\">C&rsquo;est pourquoi notre combat est un immense encouragement pour le reste du monde car il contribue \u00e0 faire naitre l&rsquo;aurore d&rsquo;un monde nouveau o\u00f9 tous, communistes, capitalistes, noirs, blancs, jaunes catholiques, protestants, riches, pauvres pourront se respecter r\u00e9ciproquement et coexister dans la paix.<br \/>\n<\/span><\/p>\n<p style=\"margin-left: 28pt;\"><span style=\"color: #c00000; font-family: Arial;\">Ce jour viendra o\u00f9 l&rsquo;on fera un soc de charrue avec les \u00e9p\u00e9es et o\u00f9 les nations ne se dresseront plus les unes contre les autres. Ce sera le jour o\u00f9 les nations ne se dresseront plus les unes contre les autres. Ce sera le jour o\u00f9 le lion et l&rsquo;agneau pourront se tenir l&rsquo;un pr\u00e8s de l&rsquo;autre sans s&rsquo;effrayer l&rsquo;un et l&rsquo;autre.<br \/>\n<\/span><\/p>\n<p style=\"margin-left: 28pt;\"><span style=\"color: #c00000; font-family: Arial;\">Ce jour approche.<br \/>\n<\/span><\/p>\n<p style=\"margin-left: 28pt;\"><span style=\"color: #c00000; font-family: Arial;\">Vous me permettrez de dire en terminant, combien j&rsquo;appr\u00e9cie le soutien moral et financier que vous apportez au combat que nous menons. En le faisant, vous reconnaissez que toute menace contre la justice, quelque part dans le monde, est une menace partout dans le monde.<br \/>\n<\/span><\/p>\n<p style=\"margin-left: 28pt;\"><span style=\"color: #c00000; font-family: Arial;\">Assur\u00e9 de votre aide et de votre pri\u00e8re, je me sens d&rsquo;autant plus fort pour chanter avec vous&nbsp;: We sall Overcome. Nous triompherons un jour.&nbsp;\u00bb<br \/>\n<\/span><\/p>\n<p><span style=\"color: #777777; font-family: Arial;\">J&rsquo;aurai pu choisir d&rsquo;autres exergues que celui que j&rsquo;ai choisi dans ce discours, mais j&rsquo;ai mis en avant cette phrase dans laquelle il parle de la pauvret\u00e9, de la domination \u00e9conomique qui est marqu\u00e9 par la privation de travail des domin\u00e9s.<br \/>\n<\/span><\/p>\n<p><span style=\"color: #777777; font-family: Arial;\">Le commissaire de l&rsquo;exposition est Michel Chomorat qui a \u00e9t\u00e9<span style=\"color: #0000ff;\"> <a style=\"color: #0000ff;\" href=\"https:\/\/www.lyonmag.com\/article\/93622\/michel-chomarat-venue-de-martin-luther-king-a-lyon-les-elus-saucissonnaient-a-la-foire\">interrog\u00e9 par un journal lyonnais<\/a>.<\/span><br \/>\n<\/span><\/p>\n<p><span style=\"color: #777777; font-family: Arial;\">Il nous r\u00e9v\u00e8le que si la venue de Martin Luther King \u00e9tait un \u00e9v\u00e8nement, certains avaient pr\u00e9f\u00e9r\u00e9 s&rsquo;abstenir de leur pr\u00e9sence.<br \/>\n<\/span><\/p>\n<p style=\"margin-left: 28pt;\"><span style=\"color: #c00000; font-family: Arial;\">\u00ab&nbsp;Les \u00e9lus[lyonnais] \u00e9taient aux abonn\u00e9s absents, ils \u00e9taient \u00e0 l&rsquo;inauguration de la Foire, ils saucissonnaient et buvaient du beaujolais.<br \/>\n<\/span><\/p>\n<p style=\"margin-left: 28pt;\"><span style=\"color: #c00000; font-family: Arial;\">Martin Luther King avait choisi Lyon en France car c&rsquo;est la capitale de la r\u00e9sistance, de l&rsquo;humanisme social. Et en dehors des politiciens qui n&rsquo;\u00e9taient pas l\u00e0, le cardinal \u00e9tait l\u00e0, le grand rabbin et le responsable protestant de Lyon aussi&nbsp;\u00bb<br \/>\n<\/span><\/p>\n<p><span style=\"color: #777777; font-family: Arial;\">En 1966, le maire de Lyon \u00e9tait Louis Pradel.<br \/>\n<\/span><\/p>\n<p><a href=\"http:\/\/www.heteroclite.org\/2018\/02\/martin-luther-king-exposition-lyon-bm-49219\"><span style=\"font-family: Arial;\"><span style=\"color: #0000ff;\">&lt;Ce site d\u00e9crit de mani\u00e8re d\u00e9taill\u00e9e l&rsquo;exposition lyonnaise&gt;<\/span><\/span><\/a><span style=\"color: #777777; font-family: Arial;\"><br \/>\n<\/span><\/p>\n<p><span style=\"color: #800000;\">&lt;1023&gt;<\/span><\/p>\n","protected":false},"excerpt":{"rendered":"<p>\u00ab&nbsp;En privant un homme de son travail, on le prive de son humanit\u00e9 et c\u2019est une forme encore plus g\u00e9n\u00e9rale de l\u2019esclavage.\u00bb Martin Luther King Discours prononc\u00e9 \u00e0 la bourse du travail de Lyon le 29 mars 1966 Il y<\/p>\n","protected":false},"author":1,"featured_media":0,"comment_status":"open","ping_status":"closed","sticky":false,"template":"","format":"standard","meta":{"footnotes":""},"categories":[1],"tags":[65,17,45],"class_list":["post-4226","post","type-post","status-publish","format-standard","hentry","category-motdujour","tag-etats-unis","tag-histoire","tag-lyon"],"_links":{"self":[{"href":"https:\/\/lemotdujour.fr\/index.php?rest_route=\/wp\/v2\/posts\/4226","targetHints":{"allow":["GET"]}}],"collection":[{"href":"https:\/\/lemotdujour.fr\/index.php?rest_route=\/wp\/v2\/posts"}],"about":[{"href":"https:\/\/lemotdujour.fr\/index.php?rest_route=\/wp\/v2\/types\/post"}],"author":[{"embeddable":true,"href":"https:\/\/lemotdujour.fr\/index.php?rest_route=\/wp\/v2\/users\/1"}],"replies":[{"embeddable":true,"href":"https:\/\/lemotdujour.fr\/index.php?rest_route=%2Fwp%2Fv2%2Fcomments&post=4226"}],"version-history":[{"count":6,"href":"https:\/\/lemotdujour.fr\/index.php?rest_route=\/wp\/v2\/posts\/4226\/revisions"}],"predecessor-version":[{"id":12383,"href":"https:\/\/lemotdujour.fr\/index.php?rest_route=\/wp\/v2\/posts\/4226\/revisions\/12383"}],"wp:attachment":[{"href":"https:\/\/lemotdujour.fr\/index.php?rest_route=%2Fwp%2Fv2%2Fmedia&parent=4226"}],"wp:term":[{"taxonomy":"category","embeddable":true,"href":"https:\/\/lemotdujour.fr\/index.php?rest_route=%2Fwp%2Fv2%2Fcategories&post=4226"},{"taxonomy":"post_tag","embeddable":true,"href":"https:\/\/lemotdujour.fr\/index.php?rest_route=%2Fwp%2Fv2%2Ftags&post=4226"}],"curies":[{"name":"wp","href":"https:\/\/api.w.org\/{rel}","templated":true}]}}