{"id":4214,"date":"2018-02-21T03:49:40","date_gmt":"2018-02-21T02:49:40","guid":{"rendered":"http:\/\/lemotdujour.fr\/?p=4214"},"modified":"2021-10-17T12:58:26","modified_gmt":"2021-10-17T10:58:26","slug":"mercredi-21-fevrier-2018","status":"publish","type":"post","link":"https:\/\/lemotdujour.fr\/?p=4214","title":{"rendered":"Mercredi 21 f\u00e9vrier 2018"},"content":{"rendered":"<div class=\"mdjTexte\">\t\u00ab&nbsp;Mais la r\u00e9alit\u00e9, c\u2019est qu\u2019on n\u2019a jamais eu autant de temps et de tr\u00e8s loin&nbsp;!&nbsp;\u00bb<\/div>\n<div class=\"mdjAuteur\">\tJean Viard<\/div>\n<p><span style=\"color: #777777; font-family: Arial;\">L&rsquo;hebdomadaire \u00ab&nbsp;Le Un&nbsp;\u00bb du 17 janvier qui pose la question de la n\u00e9cessit\u00e9 de ralentir a donn\u00e9 la parole au sociologue Jean Viard qui a consacr\u00e9 beaucoup d&rsquo;\u00e9tudes et d&rsquo;ouvrages au temps libre, notamment en 2015 &lt;<span style=\"color: #0000ff;\"><a style=\"color: #0000ff;\" href=\"https:\/\/www.revue-etudes.com\/article\/le-triomphe-d-une-utopie-16941\">Le triomphe d&rsquo;une utopie, la r\u00e9volution des temps libres<\/a><\/span>&gt;<br \/>\n<\/span><\/p>\n<p><span style=\"color: #777777; font-family: Arial;\">Trois mots du jour lui ont \u00e9t\u00e9 consacr\u00e9s jusqu&rsquo;ici (<a title=\"2 h 00 min\" href=\"https:\/\/lemotdujour.fr\/?p=1074\"><span style=\"color: blue; text-decoration: underline;\">13 avril 2015<\/span><\/a>, <a title=\"2 h 00 min\" href=\"https:\/\/lemotdujour.fr\/?p=1072\"><span style=\"color: blue; text-decoration: underline;\">10 avril 2015<\/span><\/a>, <a title=\"2 h 00 min\" href=\"https:\/\/lemotdujour.fr\/?p=808\"><span style=\"color: blue; text-decoration: underline;\">4 septembre 2014<\/span><\/a>).<br \/>\n<\/span><\/p>\n<p><span style=\"color: #777777; font-family: Arial;\">Il a l&rsquo;habitude de mesurer le temps de vie, le temps libre, le temps de travail en heures. C&rsquo;est parfois d\u00e9stabilisant, mais c&rsquo;est tr\u00e8s explicite.<br \/>\n<\/span><\/p>\n<p><span style=\"color: #777777; font-family: Arial;\">A la question pourquoi parler en heures&nbsp;? il r\u00e9pond&nbsp;:<br \/>\n<\/span><\/p>\n<p style=\"margin-left: 28pt;\"><span style=\"color: #c00000; font-family: Arial;\">\u00ab&nbsp;Si je [parle] en termes d&rsquo;\u00e2ge, vous allez imaginer de vieilles personnes chenues. 700&nbsp;000 heures, c&rsquo;est une quantit\u00e9 homog\u00e8ne \u00e0 \u00ab&nbsp;consommer&nbsp;\u00bb&nbsp;\u00bb.<br \/>\n<\/span><\/p>\n<p><span style=\"color: #777777; font-family: Arial;\">700&nbsp;000 heures&nbsp;? C&rsquo;est l&rsquo;esp\u00e9rance de vie moyenne en Europe aujourd&rsquo;hui.<br \/>\n<\/span><\/p>\n<p><span style=\"color: #777777; font-family: Arial;\">Contre 500&nbsp;000 heures avant 1914. Aujourd&rsquo;hui, une petite fille qui vient de na\u00eetre devrait vivre 800&nbsp;000 heures. On a gagn\u00e9 plus de dix ans d&rsquo;esp\u00e9rance de vie depuis 1945, on en avait d\u00e9j\u00e0 gagn\u00e9 dix depuis le d\u00e9but du XXeme si\u00e8cle.<br \/>\n<\/span><\/p>\n<p><span style=\"color: #777777; font-family: Arial;\">Mais la question qui nous occupe est le manque de temps que nous ressentons parfois si intens\u00e9ment, de sorte que nous courrons tout le temps, que nous voulons tout faire tr\u00e8s vite.<br \/>\n<\/span><\/p>\n<p><span style=\"color: #777777; font-family: Arial;\">Alors quand on se penche r\u00e9ellement sur ce sujet avec l&rsquo;aide de Jean Viard, nous nous heurtons \u00e0 un paradoxe.<br \/>\n<\/span><\/p>\n<p style=\"margin-left: 28pt;\"><span style=\"color: #c00000; font-family: Arial;\">\u00ab&nbsp;Il y a un si\u00e8cle on vivait 500&nbsp;000 heures, on dormait 200&nbsp;000 heures, un ouvrier ou un paysan travaillait 200&nbsp;000 heures. <strong>Il restait 100&nbsp;000 heures pour faire autre chose.<br \/>\n<\/strong><\/span><\/p>\n<p style=\"margin-left: 28pt;\"><span style=\"color: #c00000; font-family: Arial;\">Nous, on vit 700&nbsp;000 heures, on travaille environ 70&nbsp;000 heures \u2013 une base de 42 ans de travail \u00e0 35 heures donne m\u00eame 63&nbsp;000 heures \u2013 et on fait environ 30&nbsp;000 heures d&rsquo;\u00e9tudes. R\u00e9sultat&nbsp;: apr\u00e8s le sommeil, les \u00e9tudes et le travail, <strong>il reste 400&nbsp;000 heures pour faire autre chose<\/strong>.\u00bb.<br \/>\n<\/span><\/p>\n<p><span style=\"color: #777777; font-family: Arial;\">Je sais, d\u00e8s ce moment d&rsquo;\u00e9criture, que des lecteurs attentifs vont protester en remarquant que ce r\u00e9sultat de 400&nbsp;000 heures est obtenu en laissant les heures de sommeil \u00e0 200&nbsp;000 alors que le temps de vie a augment\u00e9 de 7\/5 et qu&rsquo;en principe le temps de sommeil devrait augmenter de 7\/5. Mais non&nbsp;! Nous dormons beaucoup moins que nos a\u00efeux. Et 200&nbsp;000 heures de sommeil pour 700&nbsp;000 heures de vie, repr\u00e9sente 7 heures de sommeil par jour, ce qui est bien la moyenne contemporaine admise.<br \/>\n<\/span><\/p>\n<p><span style=\"color: #777777; font-family: Arial;\">Nous sommes donc pass\u00e9s de 100&nbsp;000 heures \u00e0 400&nbsp;000 heures de temps dont nous pouvons disposer et nous avons de moins en moins de temps&nbsp;!!!<br \/>\n<\/span><\/p>\n<p><span style=\"color: #777777; font-family: Arial;\">Pourquoi&nbsp;?<br \/>\n<\/span><\/p>\n<p><span style=\"color: #777777; font-family: Arial;\">Jean Viard r\u00e9pond d&rsquo;abord&nbsp;:<br \/>\n<\/span><\/p>\n<p style=\"margin-left: 28pt;\"><span style=\"color: #c00000; font-family: Arial;\">\u00ab&nbsp;Nous sommes entr\u00e9s dans une soci\u00e9t\u00e9 d&rsquo;hyperconsommation du temps&nbsp;: l&rsquo;offre de choses \u00e0 faire augmente plus vite que celle du temps disponible qui est pourtant [\u2026] en rapide augmentation. On peut allumer 36 chaines de t\u00e9l\u00e9vision, lire quantit\u00e9 de livres, prendre l&rsquo;avion pour voyager partout et la pression d&rsquo;Internet est constante\u2026<br \/>\n<\/span><\/p>\n<p style=\"margin-left: 28pt;\"><span style=\"color: #c00000; font-family: Arial;\">Mais la r\u00e9alit\u00e9, c&rsquo;est qu&rsquo;on n&rsquo;a jamais eu autant de temps et de tr\u00e8s loin.\u00bb<br \/>\n<\/span><\/p>\n<p><span style=\"color: #777777; font-family: Arial;\">L&rsquo;article de Jean Viard est particuli\u00e8rement int\u00e9ressant je ne peux qu&rsquo;en picorer quelques fulgurances comme ce constat qui me semble affligeant mais que lui positive&nbsp;:<br \/>\n<\/span><\/p>\n<p style=\"margin-left: 28pt;\"><span style=\"color: #c00000; font-family: Arial;\">\u00ab&nbsp;On s&rsquo;est invent\u00e9 de nouvelles contraintes. Souvent sous la pression des \u00ab&nbsp;marchands de temps libre&nbsp;\u00bb. La t\u00e9l\u00e9vision, c&rsquo;est 100&nbsp;000 heures. Autant que le travail et les \u00e9tudes. Depuis que la t\u00e9l\u00e9 a \u00e9t\u00e9 invent\u00e9e, l&rsquo;esp\u00e9rance de vie a \u00e9t\u00e9 prolong\u00e9e de 100&nbsp;000 heures. Toute cette vie nouvelle, on la passe devant la t\u00e9l\u00e9. Or on nous dit que la t\u00e9l\u00e9 tue le lien social&nbsp;: c&rsquo;est faux. Elle ne prend pas sur le lien social, mais sur le cimeti\u00e8re. Et on est mieux devant la t\u00e9l\u00e9 qu&rsquo;au cimeti\u00e8re\u2026&nbsp;\u00bb<br \/>\n<\/span><\/p>\n<p><span style=\"color: #777777; font-family: Arial;\">A la question fondamentale&nbsp;: comment se manifeste la collision de la vitesse et du temps&nbsp;? il r\u00e9pond&nbsp;:<br \/>\n<\/span><\/p>\n<p style=\"margin-left: 28pt;\"><span style=\"color: #c00000; font-family: Arial;\">\u00ab&nbsp;Il faut \u00e9tablir le lien entre la vitesse et la polyactivit\u00e9&nbsp;: l&rsquo;enjeu est d&rsquo;aller plus vite et de faire plusieurs choses en m\u00eame temps. Le ph\u00e9nom\u00e8ne de l&rsquo;acc\u00e9l\u00e9ration est int\u00e9ressant. [\u2026] La vitesse s&rsquo;allie \u00e0 la densit\u00e9. Notre temps libre a acquis une densit\u00e9 comparable \u00e0 celle de notre temps de travail. Si un enfant n&rsquo;est pas occup\u00e9 par trois activit\u00e9s en plus de l&rsquo;\u00e9cole, on consid\u00e8re qu&rsquo;il \u00ab&nbsp;va rater sa vie&nbsp;\u00bb\u2026On emp\u00eache les enfants de s&rsquo;ennuyer. Or les moments d&rsquo;ennui font partie de ceux o\u00f9 l&rsquo;on se met \u00e0 r\u00e9fl\u00e9chir&nbsp;!&nbsp;\u00bb<br \/>\n<\/span><\/p>\n<p><span style=\"color: #777777; font-family: Arial;\">En plus de la t\u00e9l\u00e9vision et aujourd&rsquo;hui de tous les autres \u00e9crans les gens passent leur temps suppl\u00e9mentaire \u00e0 de multiples activit\u00e9s&nbsp;:<br \/>\n<\/span><\/p>\n<p style=\"margin-left: 28pt;\"><span style=\"color: #c00000; font-family: Arial;\">\u00ab&nbsp;Des millions de fran\u00e7ais peignent, font de la musique, voyagent, jardinent, s&rsquo;engagent dans une association, bricolent, voire construisent leur maison. A ne s&rsquo;int\u00e9resser qu&rsquo;\u00e0 ce qui se vend, on oublie que l&rsquo;autoproduction domestique est un enjeu majeur de qualit\u00e9 de vie. Voyez aussi tous ceux qui \u00e9crivent. En v\u00e9rit\u00e9, ils le font moins pour \u00eatre publi\u00e9s que pour reprendre le pouvoir sur leur propre temps.<br \/>\n<\/span><\/p>\n<p style=\"margin-left: 28pt;\"><span style=\"color: #c00000; font-family: Arial;\">Historiquement, le temps a appartenu \u00e0 Dieu, puis au travail apr\u00e8s 1789. Maintenant le temps est \u00e0 nous.<br \/>\n<\/span><\/p>\n<p style=\"margin-left: 28pt;\"><span style=\"color: #c00000; font-family: Arial;\">[\u2026] Comme le temps est \u00e0 nous, nous n&rsquo;acceptons plus de le perdre, [\u2026] que l&rsquo;autre nous prenne ce qui nous appartient. [\u2026]<br \/>\n<\/span><\/p>\n<p style=\"margin-left: 28pt;\"><span style=\"color: #c00000; font-family: Arial;\">La soci\u00e9t\u00e9 num\u00e9rique relie les individus autonomis\u00e9s et les reprend dans ses rets en les bombardant de messages, en recr\u00e9ant un sentiment d&rsquo;urgence. On se croit somm\u00e9 de r\u00e9pondre. C&rsquo;est l\u00e0 qu&rsquo;il faut savoir reprendre le pouvoir. Vivre en somme.&nbsp;\u00bb<br \/>\n<\/span><\/p>\n<p><span style=\"color: #777777; font-family: Arial;\">Au terme de cette d\u00e9monstration et de ces r\u00e9flexions, nous n&rsquo;avons aucune raison de douter que les humains que nous sommes, n&rsquo;avons jamais eu autant de temps pour nous.<br \/>\n<\/span><\/p>\n<p><span style=\"color: #777777; font-family: Arial;\">Et comme le disait Giono, cit\u00e9 hier&nbsp;: \u00ab&nbsp;&nbsp;Nous avons oubli\u00e9 que notre seul but, c&rsquo;est vivre et que vivre nous le faisons chaque jour&nbsp;\u00bb<br \/>\n<\/span><\/p>\n<p><span style=\"color: #777777; font-family: Arial;\">Vivre et ralentir pour savourer davantage le go\u00fbt de la vie qui nous est offerte. <\/span><\/p>\n<p><span style=\"color: #800000;\">&lt;1021&gt;<\/span><\/p>\n","protected":false},"excerpt":{"rendered":"<p>\u00ab&nbsp;Mais la r\u00e9alit\u00e9, c\u2019est qu\u2019on n\u2019a jamais eu autant de temps et de tr\u00e8s loin&nbsp;!&nbsp;\u00bb Jean Viard L&rsquo;hebdomadaire \u00ab&nbsp;Le Un&nbsp;\u00bb du 17 janvier qui pose la question de la n\u00e9cessit\u00e9 de ralentir a donn\u00e9 la parole au sociologue Jean Viard<\/p>\n","protected":false},"author":1,"featured_media":0,"comment_status":"open","ping_status":"closed","sticky":false,"template":"","format":"standard","meta":{"footnotes":""},"categories":[1],"tags":[74,6,7],"class_list":["post-4214","post","type-post","status-publish","format-standard","hentry","category-motdujour","tag-consumerisme","tag-philosophie","tag-societe"],"_links":{"self":[{"href":"https:\/\/lemotdujour.fr\/index.php?rest_route=\/wp\/v2\/posts\/4214","targetHints":{"allow":["GET"]}}],"collection":[{"href":"https:\/\/lemotdujour.fr\/index.php?rest_route=\/wp\/v2\/posts"}],"about":[{"href":"https:\/\/lemotdujour.fr\/index.php?rest_route=\/wp\/v2\/types\/post"}],"author":[{"embeddable":true,"href":"https:\/\/lemotdujour.fr\/index.php?rest_route=\/wp\/v2\/users\/1"}],"replies":[{"embeddable":true,"href":"https:\/\/lemotdujour.fr\/index.php?rest_route=%2Fwp%2Fv2%2Fcomments&post=4214"}],"version-history":[{"count":5,"href":"https:\/\/lemotdujour.fr\/index.php?rest_route=\/wp\/v2\/posts\/4214\/revisions"}],"predecessor-version":[{"id":12375,"href":"https:\/\/lemotdujour.fr\/index.php?rest_route=\/wp\/v2\/posts\/4214\/revisions\/12375"}],"wp:attachment":[{"href":"https:\/\/lemotdujour.fr\/index.php?rest_route=%2Fwp%2Fv2%2Fmedia&parent=4214"}],"wp:term":[{"taxonomy":"category","embeddable":true,"href":"https:\/\/lemotdujour.fr\/index.php?rest_route=%2Fwp%2Fv2%2Fcategories&post=4214"},{"taxonomy":"post_tag","embeddable":true,"href":"https:\/\/lemotdujour.fr\/index.php?rest_route=%2Fwp%2Fv2%2Ftags&post=4214"}],"curies":[{"name":"wp","href":"https:\/\/api.w.org\/{rel}","templated":true}]}}