{"id":4208,"date":"2018-02-20T03:15:20","date_gmt":"2018-02-20T02:15:20","guid":{"rendered":"http:\/\/lemotdujour.fr\/?p=4208"},"modified":"2021-10-17T12:59:59","modified_gmt":"2021-10-17T10:59:59","slug":"mardi-20-fevrier-2018","status":"publish","type":"post","link":"https:\/\/lemotdujour.fr\/?p=4208","title":{"rendered":"Mardi 20 f\u00e9vrier 2018"},"content":{"rendered":"<div class=\"mdjTexte\">\t\u00ab&nbsp;Nous avons oubli\u00e9 que notre seul but, c\u2019est vivre et que vivre nous le faisons chaque jour et tous les jours et qu\u2019\u00e0 toutes les heures de la journ\u00e9e nous atteignons notre but v\u00e9ritable si nous vivons.&nbsp;\u00bb<\/div>\n<div class=\"mdjAuteur\">\tJean Giono \u00ab&nbsp;rondeur des jours&nbsp;\u00bb<\/div>\n<p><span style=\"color: #777777; font-family: Arial;\">L&rsquo;hebdomadaire \u00ab&nbsp;<strong>le Un&nbsp;\u00bb<\/strong> du mercredi 17 janvier 2018 posait cette question d&rsquo;une grande actualit\u00e9&nbsp;: \u00ab&nbsp;<strong>est-il urgent de ralentir<\/strong>&nbsp;?&nbsp;\u00bb<br \/>\n<\/span><\/p>\n<p><span style=\"color: #777777; font-family: Arial;\">Julien Bisson, R\u00e9dacteur en chef du UN introduisait le sujet, en citant Jean Giono dans un livre appel\u00e9e \u00ab&nbsp;Rondeur des jours&nbsp;\u00bb&nbsp;:<br \/>\n<\/span><\/p>\n<p style=\"margin-left: 28pt;\"><span style=\"color: #c00000; font-family: Arial;\">\u00ab&nbsp;Les jours commencent et finissent dans une heure trouble de la nuit.<br \/>\n<\/span><\/p>\n<p style=\"margin-left: 28pt;\"><span style=\"color: #c00000; font-family: Arial;\">Ils n&rsquo;ont pas la forme longue, cette forme des choses qui vont vers des buts : la fl\u00e8che, la route, la course de l&rsquo;homme.<br \/>\n<\/span><\/p>\n<p style=\"margin-left: 28pt;\"><span style=\"color: #c00000; font-family: Arial;\">Ils ont la forme ronde, cette forme des choses \u00e9ternelles et statiques : le soleil, le monde, Dieu.<br \/>\n<\/span><\/p>\n<p style=\"margin-left: 28pt;\"><span style=\"color: #c00000; font-family: Arial;\">La civilisation a voulu nous persuader que nous allons vers quelque chose, un but lointain.<br \/>\n<\/span><\/p>\n<p style=\"margin-left: 28pt;\"><span style=\"color: #c00000; font-family: Arial;\">Nous avons oubli\u00e9 que notre seul but, c&rsquo;est vivre et que vivre nous le faisons chaque jour et tous les jours et qu&rsquo;\u00e0 toutes les heures de la journ\u00e9e nous atteignons notre but v\u00e9ritable si nous vivons.<br \/>\n<\/span><\/p>\n<p style=\"margin-left: 28pt;\"><span style=\"color: #c00000; font-family: Arial;\">Tous les gens civilis\u00e9s se repr\u00e9sentent le jour comme commen\u00e7ant \u00e0 l&rsquo;aube ou un peu apr\u00e8s, ou longtemps apr\u00e8s, enfin \u00e0 une heure fix\u00e9e par le d\u00e9but de leur travail ; qu&rsquo;il s&rsquo;allonge \u00e0 travers leur travail, pendant ce qu&rsquo;ils appellent \u00ab&nbsp;toute la journ\u00e9e&nbsp;\u00bb; puis qu&rsquo;il finit quand ils ferment les paupi\u00e8res.<br \/>\n<\/span><\/p>\n<p style=\"margin-left: 28pt;\"><span style=\"color: #c00000; font-family: Arial;\">Ce sont ceux-l\u00e0 qui disent : les jours sont longs. Non, les jours sont ronds.&nbsp;\u00bb<br \/>\n<\/span><\/p>\n<p><span style=\"color: #777777; font-family: Arial;\">Jean Giono oppose donc \u00e0 la fl\u00e8che du temps une expression de rondeur, la \u00ab&nbsp;rondeur du jour&nbsp;\u00bb, autrement dit un cycle.<br \/>\n<\/span><\/p>\n<p><span style=\"color: #777777; font-family: Arial;\">Julien Bisson explique&nbsp;:<br \/>\n<\/span><\/p>\n<p style=\"margin-left: 28pt;\"><span style=\"color: #c00000; font-family: Arial;\">\u00ab&nbsp;Cette forme \u00e9ternelle et statique qui seule nous offre un sentiment de compl\u00e9tude&nbsp;\u00bb.<br \/>\n<\/span><\/p>\n<p><span style=\"color: #777777; font-family: Arial;\">Et il conclut son article par cette injonction&nbsp;: \u00ab&nbsp;il est urgent de ralentir&nbsp;\u00bb.<br \/>\n<\/span><\/p>\n<p><span style=\"color: #777777; font-family: Arial;\">Probablement a-t-il raison.<br \/>\n<\/span><\/p>\n<p><span style=\"color: #800000;\">&lt;1020&gt;<\/span><\/p>\n","protected":false},"excerpt":{"rendered":"<p>\u00ab&nbsp;Nous avons oubli\u00e9 que notre seul but, c\u2019est vivre et que vivre nous le faisons chaque jour et tous les jours et qu\u2019\u00e0 toutes les heures de la journ\u00e9e nous atteignons notre but v\u00e9ritable si nous vivons.&nbsp;\u00bb Jean Giono \u00ab&nbsp;rondeur<\/p>\n","protected":false},"author":1,"featured_media":0,"comment_status":"open","ping_status":"closed","sticky":false,"template":"","format":"standard","meta":{"footnotes":""},"categories":[1],"tags":[54,6],"class_list":["post-4208","post","type-post","status-publish","format-standard","hentry","category-motdujour","tag-humanisme","tag-philosophie"],"_links":{"self":[{"href":"https:\/\/lemotdujour.fr\/index.php?rest_route=\/wp\/v2\/posts\/4208","targetHints":{"allow":["GET"]}}],"collection":[{"href":"https:\/\/lemotdujour.fr\/index.php?rest_route=\/wp\/v2\/posts"}],"about":[{"href":"https:\/\/lemotdujour.fr\/index.php?rest_route=\/wp\/v2\/types\/post"}],"author":[{"embeddable":true,"href":"https:\/\/lemotdujour.fr\/index.php?rest_route=\/wp\/v2\/users\/1"}],"replies":[{"embeddable":true,"href":"https:\/\/lemotdujour.fr\/index.php?rest_route=%2Fwp%2Fv2%2Fcomments&post=4208"}],"version-history":[{"count":5,"href":"https:\/\/lemotdujour.fr\/index.php?rest_route=\/wp\/v2\/posts\/4208\/revisions"}],"predecessor-version":[{"id":12376,"href":"https:\/\/lemotdujour.fr\/index.php?rest_route=\/wp\/v2\/posts\/4208\/revisions\/12376"}],"wp:attachment":[{"href":"https:\/\/lemotdujour.fr\/index.php?rest_route=%2Fwp%2Fv2%2Fmedia&parent=4208"}],"wp:term":[{"taxonomy":"category","embeddable":true,"href":"https:\/\/lemotdujour.fr\/index.php?rest_route=%2Fwp%2Fv2%2Fcategories&post=4208"},{"taxonomy":"post_tag","embeddable":true,"href":"https:\/\/lemotdujour.fr\/index.php?rest_route=%2Fwp%2Fv2%2Ftags&post=4208"}],"curies":[{"name":"wp","href":"https:\/\/api.w.org\/{rel}","templated":true}]}}