{"id":4191,"date":"2018-02-12T04:11:44","date_gmt":"2018-02-12T03:11:44","guid":{"rendered":"http:\/\/lemotdujour.fr\/?p=4191"},"modified":"2021-10-17T13:11:16","modified_gmt":"2021-10-17T11:11:16","slug":"lundi-12-fevrier-2018","status":"publish","type":"post","link":"https:\/\/lemotdujour.fr\/?p=4191","title":{"rendered":"Lundi 12 f\u00e9vrier 2018"},"content":{"rendered":"<div class=\"mdjTexte\">\t\u00ab&nbsp;Toute femme d\u00e9sirant s\u2019habiller en homme doit se pr\u00e9senter \u00e0 la pr\u00e9fecture de police pour en obtenir l\u2019autorisation et que celle-ci ne peut \u00eatre donn\u00e9e qu\u2019au vu d\u2019un certificat d\u2019un officier de sant\u00e9&nbsp;\u00bb<\/div>\n<div class=\"mdjAuteur\">\tOrdonnance du 16 brumaire an IX (7 novembre 1800) qui n\u2019a jamais \u00e9t\u00e9 abrog\u00e9e formellement et qui interdisait aux femmes de porter un pantalon<\/div>\n<p><span style=\"color: #777777; font-family: Arial;\">Cette ordonnance de 1800 pr\u00e9voyait aussi que les femmes qui portent un pantalon sans autorisation devaient \u00eatre \u00ab arr\u00eat\u00e9es et conduites \u00e0 la pr\u00e9fecture \u00bb.<br \/>\n<\/span><\/p>\n<p><span style=\"color: #777777; font-family: Arial;\">Par la suite, deux circulaires datant de 1892 et 1909 ont \u00ab&nbsp;assoupli \u00bb cette r\u00e8gle, en tol\u00e9rant le port du pantalon : \u00ab si la femme tient par la main un guidon de bicyclette ou les r\u00eanes d&rsquo;un cheval \u00bb.<br \/>\n<\/span><\/p>\n<p><span style=\"color: #777777; font-family: Arial;\">Cette \u00ab&nbsp;r\u00e8gle d\u00e9bile&nbsp;\u00bb a fait l&rsquo;objet de maintes demandes d&rsquo;abrogation au cours du XX\u00e8me si\u00e8cle<br \/>\n<\/span><\/p>\n<p><span style=\"color: #777777; font-family: Arial;\">Contrairement \u00e0 ce que vous trouverez sur Internet, cette r\u00e8gle n&rsquo;a jamais \u00e9t\u00e9 une loi mais une simple ordonnance du Pr\u00e9fet de Paris et c&rsquo;est donc le Pr\u00e9fet de Paris qui aurait d\u00fb l&rsquo;abroger.<br \/>\n<\/span><\/p>\n<p><span style=\"color: #777777; font-family: Arial;\">La plus curieuse des r\u00e9ponses est sans doute celle de Maurice Grimaud, le c\u00e9l\u00e8bre pr\u00e9fet de Paris de mai 1968, encens\u00e9 dans <a href=\"https:\/\/lemotdujour.fr\/?p=2159\"><span style=\"color: #0000ff;\">un autre mot du jour<\/span><\/a><span style=\"color: #0000ff;\">,<\/span> mais qui en 1969, \u00e0 la demande d&rsquo;abrogation de l&rsquo;ordonnance r\u00e9pond qu&rsquo;il \u00ab&nbsp;croit sage de ne pas changer des textes auxquels les variations pr\u00e9visibles ou impr\u00e9visibles de la mode peuvent \u00e0 tout moment rendre leur actualit\u00e9&nbsp;\u00bb.<br \/>\n<\/span><\/p>\n<p><span style=\"color: #777777; font-family: Arial;\">Si vous voulez en savoir davantage sur cette histoire vous pouvez aller sur ce site&nbsp;: <\/span><a href=\"http:\/\/www.laviedesidees.fr\/Le-droit-au-pantalon.html\"><span style=\"color: #777777; font-family: Arial;\"><span style=\"color: #0000ff;\">http:\/\/www.laviedesidees.fr\/Le-droit-au-pantalon.html<\/span><\/span><\/a><span style=\"color: #777777; font-family: Arial;\"><br \/>\n<\/span><\/p>\n<p><span style=\"color: #777777; font-family: Arial;\">La fin de cette histoire incroyable se trouve sur le site du S\u00e9nat&nbsp;: <a style=\"color: #0000ff;\" href=\"http:\/\/www.senat.fr\/questions\/base\/2012\/qSEQ120700692.html\"><span style=\"font-family: Arial;\">http:\/\/www.senat.fr\/questions\/base\/2012\/qSEQ120700692.html<\/span><\/a><\/span><span style=\"font-family: Arial;\"><br \/>\n<\/span><\/p>\n<p><span style=\"color: #777777; font-family: Arial;\">Le d\u00e9put\u00e9 de la C\u00f4te d&rsquo;Or, Monsieur Alain Houpert, avait pos\u00e9 une question \u00e9crite le 12\/07\/2012 \u00e0 la Ministre des droits des femmes.<br \/>\n<\/span><\/p>\n<p><span style=\"color: #777777; font-family: Arial;\">Cette derni\u00e8re qui \u00e9tait \u00e0 l&rsquo;\u00e9poque Najat Vallaud-Belkacem lui r\u00e9pondit le 31\/01\/2013 par le texte suivant que je cite in extenso&nbsp;:<br \/>\n<\/span><\/p>\n<p style=\"margin-left: 28pt;\"><span style=\"color: #c00000; font-family: Arial;\">\u00ab&nbsp;La loi du 7&nbsp;novembre&nbsp;1800 \u00e9voqu\u00e9e dans la question est l&rsquo;ordonnance du pr\u00e9fet de police Dubois n\u00b0&nbsp;22 du 16 brumaire an IX (7&nbsp;novembre&nbsp;1800), intitul\u00e9e \u00ab Ordonnance concernant le travestissement des femmes \u00bb. Pour m\u00e9moire, cette ordonnance visait avant tout \u00e0 limiter l&rsquo;acc\u00e8s des femmes \u00e0 certaines fonctions ou m\u00e9tiers en les emp\u00eachant de se parer \u00e0 l&rsquo;image des hommes. Cette ordonnance est incompatible avec les principes d&rsquo;\u00e9galit\u00e9 entre les femmes et les hommes qui sont inscrits dans la Constitution et les engagements europ\u00e9ens de la France, notamment le Pr\u00e9ambule de la Constitution de 1946, l&rsquo;article&nbsp;1er de la Constitution et la Convention europ\u00e9enne des droits de l&rsquo;homme. <strong>De cette incompatibilit\u00e9 d\u00e9coule l&rsquo;abrogation implicite de l&rsquo;ordonnance<\/strong> du 7&nbsp;novembre&nbsp;qui est donc d\u00e9pourvue de tout effet juridique et ne constitue qu&rsquo;une pi\u00e8ce d&rsquo;archives conserv\u00e9e comme telle par la Pr\u00e9fecture de police de Paris.&nbsp;\u00bb<br \/>\n<\/span><\/p>\n<p><span style=\"color: #777777; font-family: Arial;\">Il y a donc abrogation implicite, mais n&rsquo;aurait-on pas pu r\u00e9aliser une abrogation explicite&nbsp;?<br \/>\n<\/span><\/p>\n<p><span style=\"color: #777777; font-family: Arial;\">Ce sujet m&rsquo;a \u00e9t\u00e9 inspir\u00e9 par les spectacle F(l)amme, dont j&rsquo;avais fait le sujet du<span style=\"color: #0000ff;\"> <a style=\"color: #0000ff;\" href=\"https:\/\/lemotdujour.fr\/?p=3631\">mot du jour du 4 d\u00e9cembre 2017<\/a><\/span> et que nous sommes all\u00e9s voir, avec Annie, \u00e0 l&rsquo;Espace Camus de Bron le mardi 6 f\u00e9vrier 2018. Spectacle o\u00f9 10 jeunes femmes qui vivent dans des quartiers p\u00e9riph\u00e9riques et qui ont des parents qui sont venus d&rsquo;ailleurs racontent une part de leur histoire et de leur v\u00e9rit\u00e9.<br \/>\n<\/span><\/p>\n<p><span style=\"color: #777777; font-family: Arial;\">C&rsquo;est fort, dr\u00f4le, \u00e9mouvant et d&rsquo;une grande sinc\u00e9rit\u00e9.<br \/>\n<\/span><\/p>\n<p><span style=\"color: #777777; font-family: Arial;\">A un moment, une des jeunes femmes a dit&nbsp;:<br \/>\n<\/span><\/p>\n<p style=\"margin-left: 28pt;\"><span style=\"color: #c00000; font-family: Arial;\">\u00ab&nbsp;et je vous rappelle que jusqu&rsquo;\u00e0 tout r\u00e9cemment les femmes ne pouvaient pas porter le pantalon \u00e0 Paris, sauf si elles \u00e9taient en bicyclette ou \u00e0 cheval&nbsp;\u00bb<br \/>\n<\/span><\/p>\n<p><span style=\"color: #777777; font-family: Arial;\">J&rsquo;ai v\u00e9rifi\u00e9 cette assertion, et c&rsquo;est ainsi qu&rsquo;est n\u00e9 ce mot du jour.<br \/>\n<\/span><\/p>\n<p><span style=\"color: #777777; font-family: Arial;\">Mais ce ne fut pas le moment le plus fort du spectacle.<br \/>\n<\/span><\/p>\n<p><span style=\"color: #777777; font-family: Arial;\"><img loading=\"lazy\" decoding=\"async\" class=\"size-full wp-image-3630 alignleft\" src=\"https:\/\/lemotdujour.fr\/wp-content\/uploads\/2017\/12\/120317_1230_Lundi4dcemb2.jpg\" alt=\"\" width=\"680\" height=\"541\" srcset=\"https:\/\/lemotdujour.fr\/wp-content\/uploads\/2017\/12\/120317_1230_Lundi4dcemb2.jpg 680w, https:\/\/lemotdujour.fr\/wp-content\/uploads\/2017\/12\/120317_1230_Lundi4dcemb2-300x239.jpg 300w\" sizes=\"auto, (max-width: 680px) 100vw, 680px\" \/>Ce moment eu lieu lorsque toutes les femmes se sont rassembl\u00e9es au milieu de la sc\u00e8ne, entourant l&rsquo;une d&rsquo;entre elle qui va raconter comment \u00e0 l&rsquo;\u00e2ge de 4 ans on emm\u00e8ne une jeune enfant dans un village africain et tout en \u00e9tant tr\u00e8s gentille avec elle, on la met entre les mains d&rsquo;une vieille femme qui va l&rsquo;exciser. L&rsquo;enfant n&rsquo;a pas compris ce qui s&rsquo;\u00e9tait pass\u00e9, car personne ne parle de cela dans la famille. Elle l&rsquo;a compris alors qu&rsquo;elle \u00e9tait adolescente et qu&rsquo;elle a vu une \u00e9mission de t\u00e9l\u00e9vision traitant de cette pratique. Elle a alors acc\u00e9d\u00e9 \u00e0 la compr\u00e9hension ce qui s&rsquo;\u00e9tait pass\u00e9 plus de 10 ans auparavant, entra\u00eenant chez elle col\u00e8re et r\u00e9volte.<br \/>\n<\/span><\/p>\n<p><span style=\"color: #777777; font-family: Arial;\">La photo que j&rsquo;ins\u00e8re dans cet article se situe \u00e0 ce moment.<br \/>\n<\/span><\/p>\n<p><span style=\"color: #777777; font-family: Arial;\">La salle \u00e9tait pleine, mais une chose a interpell\u00e9 Annie et moi.<br \/>\n<\/span><\/p>\n<p><span style=\"color: #777777; font-family: Arial;\">Par esprit rigoureux nous avons fait le compte de notre rang\u00e9e et de celle qui la pr\u00e9c\u00e9dait, chacune comptant 20 places toutes occup\u00e9es&nbsp;:<br \/>\n<\/span><\/p>\n<p><span style=\"color: #777777; font-family: Arial;\">Les deux rang\u00e9es avaient une r\u00e9partition identique 18 femmes et 2 hommes.<br \/>\n<\/span><\/p>\n<p><span style=\"color: #777777; font-family: Arial;\">Parmi les femmes, il y en avait beaucoup de jeunes, les 3 autres hommes \u00e9taient proches de mon \u00e2ge.<br \/>\n<\/span><\/p>\n<p><span style=\"color: #777777; font-family: Arial;\">Le reste de la salle confirmait cette constatation avec quelques traces d&rsquo;hommes un peu plus jeunes.<br \/>\n<\/span><\/p>\n<p><span style=\"color: #800000; font-family: Arial;\">&lt;1016&gt;<\/span><\/p>\n","protected":false},"excerpt":{"rendered":"<p>\u00ab&nbsp;Toute femme d\u00e9sirant s\u2019habiller en homme doit se pr\u00e9senter \u00e0 la pr\u00e9fecture de police pour en obtenir l\u2019autorisation et que celle-ci ne peut \u00eatre donn\u00e9e qu\u2019au vu d\u2019un certificat d\u2019un officier de sant\u00e9&nbsp;\u00bb Ordonnance du 16 brumaire an IX (7<\/p>\n","protected":false},"author":1,"featured_media":0,"comment_status":"open","ping_status":"closed","sticky":false,"template":"","format":"standard","meta":{"footnotes":""},"categories":[1],"tags":[36,7,58],"class_list":["post-4191","post","type-post","status-publish","format-standard","hentry","category-motdujour","tag-feminisme","tag-societe","tag-theatre"],"_links":{"self":[{"href":"https:\/\/lemotdujour.fr\/index.php?rest_route=\/wp\/v2\/posts\/4191","targetHints":{"allow":["GET"]}}],"collection":[{"href":"https:\/\/lemotdujour.fr\/index.php?rest_route=\/wp\/v2\/posts"}],"about":[{"href":"https:\/\/lemotdujour.fr\/index.php?rest_route=\/wp\/v2\/types\/post"}],"author":[{"embeddable":true,"href":"https:\/\/lemotdujour.fr\/index.php?rest_route=\/wp\/v2\/users\/1"}],"replies":[{"embeddable":true,"href":"https:\/\/lemotdujour.fr\/index.php?rest_route=%2Fwp%2Fv2%2Fcomments&post=4191"}],"version-history":[{"count":6,"href":"https:\/\/lemotdujour.fr\/index.php?rest_route=\/wp\/v2\/posts\/4191\/revisions"}],"predecessor-version":[{"id":12388,"href":"https:\/\/lemotdujour.fr\/index.php?rest_route=\/wp\/v2\/posts\/4191\/revisions\/12388"}],"wp:attachment":[{"href":"https:\/\/lemotdujour.fr\/index.php?rest_route=%2Fwp%2Fv2%2Fmedia&parent=4191"}],"wp:term":[{"taxonomy":"category","embeddable":true,"href":"https:\/\/lemotdujour.fr\/index.php?rest_route=%2Fwp%2Fv2%2Fcategories&post=4191"},{"taxonomy":"post_tag","embeddable":true,"href":"https:\/\/lemotdujour.fr\/index.php?rest_route=%2Fwp%2Fv2%2Ftags&post=4191"}],"curies":[{"name":"wp","href":"https:\/\/api.w.org\/{rel}","templated":true}]}}