{"id":4157,"date":"2018-02-08T03:34:40","date_gmt":"2018-02-08T02:34:40","guid":{"rendered":"http:\/\/lemotdujour.fr\/?p=4157"},"modified":"2021-10-17T13:12:29","modified_gmt":"2021-10-17T11:12:29","slug":"jeudi-8-fevrier-2018","status":"publish","type":"post","link":"https:\/\/lemotdujour.fr\/?p=4157","title":{"rendered":"Jeudi 8 f\u00e9vrier 2018"},"content":{"rendered":"<div class=\"mdjTexte\">\t\u00ab&nbsp;La croissance et la vie&nbsp;\u00bb<\/div>\n<div class=\"mdjAuteur\">\tR\u00e9flexions personnelles apr\u00e8s des ann\u00e9es de butinage.<\/div>\n<p><span style=\"color: #777777; font-family: Arial;\">La croissance a atteint 1,9 % en France en 2017, soit son plus haut niveau depuis 6 ans. Et &lt;<a href=\"https:\/\/www.boursier.com\/actualites\/economie\/vers-2-1-de-croissance-pour-la-france-en-2018-38065.html?rss\"><span style=\"color: #0000ff;\">certains annoncent 2,1% pour 2018<\/span><\/a>&gt;<br \/>\n<\/span><\/p>\n<p><span style=\"color: #777777; font-family: Arial;\">Mais la banque mondiale estime entre 6,7 et 6,8% la croissance de la Chine en 2017 et l&rsquo;Inde b\u00e9n\u00e9ficie encore de meilleures perspectives. Et l&rsquo;OCDE a annonc\u00e9, <a href=\"http:\/\/www.lemonde.fr\/economie\/article\/2017\/11\/28\/la-croissance-mondiale-devrait-atteindre-3-7-en-2018-selon-l-ocde_5221391_3234.html\"><span style=\"color: #0000ff;\">fin novembre<\/span><\/a>, une pr\u00e9vision de 3,7% de la croissance mondiale en 2018. <\/span><\/p>\n<p><span style=\"color: #777777; font-family: Arial;\">La performance de la France reste donc modeste par rapport \u00e0 cette vision globale.<br \/>\n<\/span><\/p>\n<p><span style=\"color: #777777; font-family: Arial;\">La croissance entra\u00eene de l&rsquo;euphorie, tout le monde va vivre mieux semble t&rsquo;on dire.<br \/>\n<\/span><\/p>\n<ul>\n<li><span style=\"color: #777777; font-family: Arial;\">Quand on est parent, on aime voir ses enfants croitre.<br \/>\n<\/span><\/li>\n<li><span style=\"color: #777777; font-family: Arial;\">Quand on est jardinier on aime voir ses plantes croitre.<br \/>\n<\/span><\/li>\n<li><span style=\"color: #777777; font-family: Arial;\">Quand on est commer\u00e7ant, on aime voir ses affaires croitre.<br \/>\n<\/span><\/li>\n<\/ul>\n<p><span style=\"color: #777777; font-family: Arial;\">Mais LA CROISSANCE&nbsp;! C&rsquo;est le chiffre de l&rsquo;\u00e9conomie et aussi des hommes politiques&nbsp;: ils veulent, ils annoncent, ils se r\u00e9jouissent de la croissance.<br \/>\n<\/span><\/p>\n<p><span style=\"color: #777777; font-family: Arial;\">La croissance est bien s\u00fbr la croissance du Produit Int\u00e9rieur Brut.<br \/>\n<\/span><\/p>\n<p><span style=\"color: #777777; font-family: Arial;\">Et cela constitue d\u00e9j\u00e0 un probl\u00e8me.<br \/>\n<\/span><\/p>\n<p><span style=\"color: #777777; font-family: Arial;\">Le Monde du 31 janvier 2018 a publi\u00e9 une chronique du pr\u00e9sident du conseil d&rsquo;administration de Cr\u00e9dit Suisse, Urs Rohner&nbsp;: \u00ab<span style=\"color: #0000ff;\"> <a style=\"color: #0000ff;\" href=\"http:\/\/www.lemonde.fr\/idees\/article\/2018\/01\/31\/le-pib-ne-doit-pas-etre-l-unique-obsession-des-decideurs_5249828_3232.html\">Le PIB ne doit pas \u00eatre l&rsquo;unique obsession des d\u00e9cideurs<\/a> \u00bb<\/span><br \/>\n<\/span><\/p>\n<p><span style=\"color: #777777; font-family: Arial;\">Il fait une critique s\u00e9rieuse et \u00e9conomique du PIB<br \/>\n<\/span><\/p>\n<p style=\"margin-left: 28pt;\"><span style=\"color: #c00000; font-family: Arial;\">\u00ab&nbsp;De nombreux \u00e9conomistes respect\u00e9s ont depuis longtemps soulign\u00e9 que le produit int\u00e9rieur brut (PIB) est une mesure inad\u00e9quate du d\u00e9veloppement \u00e9conomique et du bien-\u00eatre social, et ne devrait donc pas \u00eatre l&rsquo;unique obsession des d\u00e9cideurs. Pourtant, nous n&rsquo;avons fait aucun progr\u00e8s vers une alternative r\u00e9aliste \u00e0 cet indicateur.<br \/>\n<\/span><\/p>\n<p style=\"margin-left: 28pt;\"><span style=\"color: #c00000; font-family: Arial;\">L&rsquo;une des lacunes bien connues du PIB est qu&rsquo;il ne tient pas compte de la valeur du travail domestique, y compris les soins aux enfants et aux membres \u00e2g\u00e9s de la famille. Plus important encore, l&rsquo;attribution d&rsquo;une valeur mon\u00e9taire \u00e0 ces activit\u00e9s ne r\u00e9glerait pas un d\u00e9faut plus profond du PIB : son incapacit\u00e9 \u00e0 refl\u00e9ter de mani\u00e8re ad\u00e9quate l&rsquo;exp\u00e9rience v\u00e9cue par les membres de la soci\u00e9t\u00e9. Mesurer les travaux m\u00e9nagers gonflerait le PIB sans pourtant modifier r\u00e9ellement les niveaux de vie. De plus, les femmes, repr\u00e9sentant la plus grande part des personnes qui effectuent des travaux domestiques, continueraient \u00e0 \u00eatre consid\u00e9r\u00e9es comme b\u00e9n\u00e9voles plut\u00f4t que contribuant v\u00e9ritablement \u00e0 l&rsquo;activit\u00e9 \u00e9conomique.<br \/>\n<\/span><\/p>\n<p style=\"margin-left: 28pt;\"><span style=\"color: #c00000; font-family: Arial;\">Un autre d\u00e9faut bien connu du PIB est qu&rsquo;il ne tient pas compte de la destruction de valeur, par exemple lorsque les pays g\u00e8rent mal leur capital humain en n\u00e9gligeant l&rsquo;\u00e9ducation, ou en \u00e9puisant leur capital naturel pour obtenir des avantages \u00e9conomiques imm\u00e9diats. Au final, le PIB tend \u00e0 mesurer les actifs de fa\u00e7on impr\u00e9cise, et pas du tout les passifs.&nbsp;\u00bb.<br \/>\n<\/span><\/p>\n<p><span style=\"color: #777777; font-family: Arial;\">La question qu&rsquo;il faudrait se poser est que d\u00e9truit-on pendant que nous croissons&nbsp;?<br \/>\n<\/span><\/p>\n<p><span style=\"color: #777777; font-family: Arial;\">Et si on revient aux grands mythes d&rsquo;homo sapiens, on lira les textes saints du Monoth\u00e9isme, Gen\u00e8se 1:28&nbsp;:<br \/>\n<\/span><\/p>\n<p style=\"margin-left: 28pt;\"><span style=\"color: #c00000; font-family: Arial;\">\u00ab&nbsp;Et Dieu les b\u00e9nit, et leur dit : Croissez, et multipliez, et remplissez la terre; et l&rsquo;assujettissez, et dominez sur les poissons de la mer, et sur les oiseaux des cieux, et sur toute b\u00eate qui se meut sur la terre.&nbsp;\u00bb<br \/>\n<\/span><\/p>\n<p><span style=\"color: #777777; font-family: Arial;\">L&rsquo;homme prudent dira&nbsp;: c&rsquo;\u00e9tait un bon plan marketing quand les hommes \u00e9taient quelques millions sur la terre. Mais il posera aussi la question&nbsp;: Est-ce toujours le cas depuis que nous sommes 7,5 milliards et que nous allons vers les 10 milliards voire au-del\u00e0&nbsp;?<br \/>\n<\/span><\/p>\n<p><span style=\"color: #777777; font-family: Arial;\">Les \u00e9conomistes orthodoxes sont des gens rigoureux, ils n&rsquo;aiment pas qu&rsquo;un pan de l&rsquo;activit\u00e9 marchande leur \u00e9chappe. L&rsquo;activit\u00e9 b\u00e9n\u00e9vole ne les motive pas trop, mais d\u00e8s qu&rsquo;il y de l&rsquo;\u00e9change de monnaie\u2026<br \/>\n<\/span><\/p>\n<p><span style=\"color: #777777; font-family: Arial;\">Et c&rsquo;est ainsi que nous apprenons que l&rsquo;INSEE va int\u00e9grer le trafic de drogue au PIB.<br \/>\n<\/span><\/p>\n<p><a href=\"http:\/\/www.lemonde.fr\/les-decodeurs\/article\/2018\/02\/01\/comment-l-insee-va-integrer-le-trafic-de-drogue-dans-le-calcul-du-pib_5250216_4355770.html\"><span style=\"font-family: Arial;\"><span style=\"color: #0000ff;\">Un article du Monde<\/span><\/span><\/a><span style=\"color: #777777; font-family: Arial;\">, nous explique les probl\u00e8mes techniques que cela pose \u00e0 l&rsquo;INSEE et sur lesquels je ne m&rsquo;arr\u00eaterai pas. Il semblerait que l&rsquo;INSEE r\u00e9alise cette \u00e9volution \u00e0 l&rsquo;insu de son plein gr\u00e9. Elle le fait sur une demande de l&rsquo;Europe.<br \/>\n<\/span><\/p>\n<p><span style=\"color: #777777; font-family: Arial;\">En France, assure l&rsquo;Insee, cette prise en compte entra\u00eenera \u00ab une r\u00e9vision en tr\u00e8s l\u00e9g\u00e8re hausse du niveau du PIB \u00bb. Le chef du d\u00e9partement des comptes nationaux de l&rsquo;institut public, Ronan Mahieu, \u00e9voque le chiffre de \u00ab quelques milliards \u00bb d&rsquo;euros, \u00e0 rapporter aux 2 200 milliards d&rsquo;euros du PIB fran\u00e7ais.<br \/>\n<\/span><\/p>\n<p><span style=\"color: #777777; font-family: Arial;\">Dans cet article nous apprenons que l&rsquo;Allemagne inclut la prostitution dans son PIB, ce que ne fait pas la France et lorsqu&rsquo;en 2013 notre voisin germanique a int\u00e9gr\u00e9 le trafic de drogue, il a not\u00e9 une am\u00e9lioration de 0,1 point de pourcentage.<br \/>\n<\/span><\/p>\n<p><span style=\"color: #777777; font-family: Arial;\">Comment dire&nbsp;?<br \/>\n<\/span><\/p>\n<p><span style=\"color: #777777; font-family: Arial;\">A ce stade, je ne voudrais pas d\u00e9velopper de nouvelles th\u00e9ories \u00e9conomiques, t\u00e2che dont je suis d&rsquo;ailleurs incapable. Ni faire des le\u00e7ons morales, mais simplement parler de la vie.<br \/>\n<\/span><\/p>\n<p><span style=\"color: #777777; font-family: Arial;\">Le <span style=\"color: #0000ff;\"><a style=\"color: #0000ff;\" href=\"https:\/\/lemotdujour.fr\/?p=1718\">700<sup>\u00e8me<\/sup> mot du jour<\/a><\/span> donnait la parole \u00e0 un \u00e9conomiste sortant un peu des sentiers battus&nbsp;: Yann Moulier Boutang<br \/>\n<\/span><\/p>\n<p><span style=\"color: #777777; font-family: Arial;\">Il nous parlait des abeilles&nbsp;:<br \/>\n<\/span><\/p>\n<p style=\"margin-left: 28pt;\"><span style=\"color: #c00000; font-family: Arial;\">\u00ab&nbsp;Je vais vous parler des abeilles.<br \/>\n<\/span><\/p>\n<p style=\"margin-left: 28pt;\"><span style=\"color: #c00000; font-family: Arial;\">Qu&rsquo;est-ce que fait l&rsquo;abeille&nbsp;?<br \/>\n<\/span><\/p>\n<p style=\"margin-left: 28pt;\"><span style=\"color: #c00000; font-family: Arial;\">L&rsquo;\u00e9conomie politique qui s&rsquo;int\u00e9resse aux produits, aux produits vendables, vous r\u00e9pond : l&rsquo;abeille produit du miel. L&rsquo;apiculteur va remplacer l&rsquo;essaim sauvage o\u00f9 l&rsquo;abeille produit du miel, pour elle-m\u00eame et pour ses larves, par des ruches avec des rayons.<br \/>\n<\/span><\/p>\n<p style=\"margin-left: 28pt;\"><span style=\"color: #c00000; font-family: Arial;\">Puis il va subtiliser le miel des rayons, car l&rsquo;abeille ne produit pas naturellement du miel pour les humains. Et en lui retirant le miel des rayons, l&rsquo;abeille va produire, produire et encore produire du miel. [\u2026]<br \/>\n<\/span><\/p>\n<p><span style=\"color: #777777; font-family: Arial;\">Cela c&rsquo;est le PIB, la croissance. La production du miel, de la farine, des smartphones, du tourisme, les maillots au nom des millionnaires du football, des poudres de perlimpinpin comme dirait notre Pr\u00e9sident, des armes et donc aussi de la prostitution, de la coca\u00efne et tout ce qui peut se vendre\u2026<br \/>\n<\/span><\/p>\n<p><span style=\"color: #777777; font-family: Arial;\">Mais Moulier-Boutang nous montre le vrai r\u00f4le de l&rsquo;abeille et pose un autre regard sur le r\u00f4le de l&rsquo;abeille dans la nature et dans notre \u00e9cosyst\u00e8me :<br \/>\n<\/span><\/p>\n<p style=\"margin-left: 28pt;\"><span style=\"color: #c00000; font-family: Arial;\">Mais maintenant que fait vraiment l&rsquo;abeille maintenant que nous savons un peu plus de complexit\u00e9.<br \/>\n<\/span><\/p>\n<p style=\"margin-left: 28pt;\"><span style=\"color: #c00000; font-family: Arial;\">Eh bien fondamentalement, je vais vous dire : le miel on s&rsquo;en fiche&nbsp;!<br \/>\n<\/span><\/p>\n<p style=\"margin-left: 28pt;\"><span style=\"color: #c00000; font-family: Arial;\"><strong>L&rsquo;abeille, elle pollinise&nbsp;!<\/strong> [\u2026]<br \/>\n<\/span><\/p>\n<p style=\"margin-left: 28pt;\"><span style=\"color: #c00000; font-family: Arial;\">L&rsquo;abeille pollinise, cela veut dire que 80 % de la production agro-alimentaire en termes de l\u00e9gumes et de fruits est produite gr\u00e2ce aux abeilles. Il faut aussi rajouter des choses comme le tournesol pour lequel la pollinisation de l&rsquo;abeille prend la plus grande part.<br \/>\n<\/span><\/p>\n<p style=\"margin-left: 28pt;\"><span style=\"color: #c00000; font-family: Arial;\">L&rsquo;abeille pollinise&nbsp;!<br \/>\n<\/span><\/p>\n<p style=\"margin-left: 28pt;\"><span style=\"color: #c00000; font-family: Arial;\">Nous pouvons mesurer, puisqu&rsquo;un \u00e9conomiste doit pouvoir mesurer des quantit\u00e9s et des prix, l&rsquo;impact des abeilles. Si l&rsquo;on prend les \u00c9tats-Unis d&rsquo;Am\u00e9rique, si vous faites l&rsquo;hypoth\u00e8se qu&rsquo;il n&rsquo;y a plus de pollinisation, vous pouvez compter entre 30 et 35 milliards de dollars par an, qui disparaissent. Et je ne parle m\u00eame pas de la flore, des parcs sauvages, je parle simplement de la production agricole.<br \/>\n<\/span><\/p>\n<p style=\"margin-left: 28pt;\"><span style=\"color: #c00000; font-family: Arial;\"> Donc qu&rsquo;est-ce que produit l&rsquo;abeille, en termes de valeur \u00e9conomique ?<br \/>\n<\/span><\/p>\n<p style=\"margin-left: 28pt;\"><span style=\"color: #c00000; font-family: Arial;\">D&rsquo;un c\u00f4t\u00e9 elle produit aux \u00c9tats-Unis pour 100 millions de dollars de miel et de l&rsquo;autre c\u00f4t\u00e9 elle participe \u00e0 la production d&rsquo;une valeur entre 30 et 35 milliards de dollars.<br \/>\n<\/span><\/p>\n<p style=\"margin-left: 28pt;\"><span style=\"color: #c00000; font-family: Arial;\">En cons\u00e9quence, ce que fait fondamentalement l&rsquo;abeille du point de vue \u00e9conomique, au niveau de l&rsquo;\u00e9cosyst\u00e8me elle produit 350 fois plus que le miel, en valeur.<br \/>\n<\/span><\/p>\n<p style=\"margin-left: 28pt;\"><span style=\"color: #c00000; font-family: Arial;\">Voil\u00e0 les proportions.<br \/>\n<\/span><\/p>\n<p style=\"margin-left: 28pt;\"><span style=\"color: #c00000; font-family: Arial;\">D&rsquo;un c\u00f4t\u00e9 il y a ce qui est calcul\u00e9 par un output marchand, simple, clair : l&rsquo;abeille produit du miel.<br \/>\n<\/span><\/p>\n<p style=\"margin-left: 28pt;\"><span style=\"color: #c00000; font-family: Arial;\">Et de l&rsquo;autre c\u00f4t\u00e9, elle pollinise et nous savons qu&rsquo;on peut se passer de miel, mais on ne peut pas se passer de pollinisation.<br \/>\n<\/span><\/p>\n<p style=\"margin-left: 28pt;\"><span style=\"color: #c00000; font-family: Arial;\">Nous comprenons donc que l&rsquo;abeille fait du miel pour vivre et se nourrir, mais qu&rsquo;en vivant, elle circule, elle pollinise et que sa v\u00e9ritable contribution productive, c&rsquo;est \u00e7a !<br \/>\n<\/span><\/p>\n<p style=\"margin-left: 28pt;\"><span style=\"color: #c00000; font-family: Arial;\">En tout cas, en terme de valeur, c&rsquo;est \u00e7a l&rsquo;\u00e9talon principal.<br \/>\n<\/span><\/p>\n<p style=\"margin-left: 28pt;\"><span style=\"color: #c00000; font-family: Arial;\">En \u00e9conomie traditionnelle, on voit l&rsquo;abeille qui consomme et l&rsquo;abeille qui produit. Un input et un output.<br \/>\n<\/span><\/p>\n<p style=\"margin-left: 28pt;\"><span style=\"color: #c00000; font-family: Arial;\">Mais, ce qui est fondamental, c&rsquo;est son r\u00f4le dans la reproduction du vivant et \u00e7a elle le fait m\u00eame sans s&rsquo;en apercevoir, puisqu&rsquo;elle fait cela en m\u00eame temps qu&rsquo;elle consomme, comme un produit &nbsp;annexe de sa consommation&nbsp;: elle r\u00e9pand le pollen.<br \/>\n<\/span><\/p>\n<p style=\"margin-left: 28pt;\"><span style=\"color: #c00000; font-family: Arial;\">Le plus important c&rsquo;est qu&rsquo;elle circule en se nourrissant, ce n&rsquo;est pas son travail industrieux dans la ruche ou elle transforme le nectar en miel ou en gel\u00e9e royale.<br \/>\n<\/span><\/p>\n<p style=\"margin-left: 28pt;\"><span style=\"color: #c00000; font-family: Arial;\">Et ce raisonnement est en terme de valeur, de richesse \u00e9conomique !<br \/>\n<\/span><\/p>\n<p style=\"margin-left: 28pt;\"><span style=\"color: #c00000; font-family: Arial;\">Retour \u00e0 l&rsquo;\u00eatre humain.<br \/>\n<\/span><\/p>\n<p style=\"margin-left: 28pt;\"><span style=\"color: #c00000; font-family: Arial;\">Qu&rsquo;est-ce que fait l&rsquo;humain principalement ? Un output marchand \u00e0 partir de marchandise&nbsp;?<br \/>\n<\/span><\/p>\n<p style=\"margin-left: 28pt;\"><span style=\"color: #c00000; font-family: Arial;\">Non&nbsp;! il produit essentiellement du vivant \u00e0 partir du vivant.<br \/>\n<\/span><\/p>\n<p style=\"margin-left: 28pt;\"><span style=\"color: #c00000; font-family: Arial;\">L&rsquo;humain ne fait pas que se reproduire, il met au monde des enfants mais qu&rsquo;il \u00e9l\u00e8ve et en cela il cr\u00e9e quelque chose de nouveau&nbsp;!<br \/>\n<\/span><\/p>\n<p style=\"margin-left: 28pt;\"><span style=\"color: #c00000; font-family: Arial;\">Il produit son environnement, il produit des relations, il produit du lien etc.<br \/>\n<\/span><\/p>\n<p style=\"margin-left: 28pt;\"><span style=\"color: #c00000; font-family: Arial;\">Mais pour des humains, en dehors des sociologues qui faisait de grandes d\u00e9clarations qui disaient \u00ab&nbsp;le lien social c&rsquo;est important&nbsp;\u00bb, les assistantes sociales qui disaient \u00ab&nbsp;il ne faut pas couper dans les d\u00e9penses publiques&nbsp;\u00bb, \u00ab&nbsp;il ne faut pas couper dans l&rsquo;\u00e9ducation parce que c&rsquo;est la base de la soci\u00e9t\u00e9, parce que c&rsquo;est la richesse de la soci\u00e9t\u00e9&nbsp;\u00bb. Parce que c&rsquo;est aussi la possibilit\u00e9 pour les entreprises de ne pas avoir des employ\u00e9s qui sont totalement malades ou totalement handicap\u00e9s sur tous les plans.<br \/>\n<\/span><\/p>\n<p style=\"margin-left: 28pt;\"><span style=\"color: #c00000; font-family: Arial;\">En dehors de cela, ce n&rsquo;\u00e9tait pas tellement connu et surtout pas des \u00e9conomistes, parce que je peux vous dire que mes confr\u00e8res ont une propension \u00e0 ne pas s&rsquo;int\u00e9resser \u00e0 la pollinisation et \u00e0 se focaliser sur la production du surplus de miel qui est notoirement connu.&nbsp;\u00bb<br \/>\n<\/span><\/p>\n<p><span style=\"color: #777777; font-family: Arial;\">Ce que nous raconte Moulier-Boutang, ce n&rsquo;est pas la po\u00e9sie, ni de l&rsquo;utopie, mais la r\u00e9alit\u00e9 du vivant. De quoi \u00e9branler des certitudes bien ancr\u00e9es.<br \/>\n<\/span><\/p>\n<p><span style=\"color: #777777; font-family: Arial;\">Alors bien s\u00fbr, la croissance ce n&rsquo;est pas rien dans l&rsquo;Histoire humaine. C&rsquo;est encore Yuval Noah Harari qui d\u00e9crit cette r\u00e9volution dans <a href=\"https:\/\/lemotdujour.fr\/?p=1346\"><span style=\"color: #0000ff;\">l&rsquo;Histoire de<\/span> <span style=\"color: #0000ff;\">Homo Sapiens<\/span><\/a><br \/>\n<\/span><\/p>\n<p style=\"margin-left: 28pt;\"><span style=\"color: #c00000; font-family: Arial;\">\u00abSi l&rsquo;on veut comprendre l&rsquo;histoire \u00e9conomique moderne il n&rsquo;y a en v\u00e9rit\u00e9 qu&rsquo;un seul mot \u00e0 comprendre. Et ce mot, c&rsquo;est \u00ab croissance \u00bb. Pour le meilleur ou pour le pire, malade ou en bonne sant\u00e9, l&rsquo;\u00e9conomie moderne a cru tel un adolescent gav\u00e9 d&rsquo;hormones. Elle avale tout ce qu&rsquo;elle trouve et pousse sans m\u00eame qu&rsquo;on s&rsquo;en rende compte.<br \/>\n<\/span><\/p>\n<p style=\"margin-left: 28pt;\"><span style=\"color: #c00000; font-family: Arial;\">Pendant la majeure partie de l&rsquo;histoire, l&rsquo;\u00e9conomie a gard\u00e9 largement la m\u00eame taille. Certes la production mondiale s&rsquo;est accrue, mais cette croissance fut essentiellement l&rsquo;effet de l&rsquo;expansion d\u00e9mographique et de la colonisation de terres nouvelles. Tout cela changea cependant \u00e0 l&rsquo;\u00e9poque moderne. En 1500, la production mondiale de biens et de services se situaient autour de 250 milliards de dollars ; aujourd&rsquo;hui, elle tourne autour de 60 billions de dollars. Qui plus est, en 1500, la production annuelle moyenne par t\u00eate \u00e9tait de 550 $ alors qu&rsquo;aujourd&rsquo;hui chaque homme chaque femme et chaque enfant produit en moyenne 8 800 $ par an. Comment expliquer cette prodigieuse croissance ?&nbsp;\u00bb<br \/>\n<\/span><\/p>\n<p><span style=\"color: #777777; font-family: Arial;\">La croissance a alors pu donner aux humains, surtout \u00e0 certains humains dans certaines nations des bienfaits indiscutables, des travaux moins p\u00e9nibles, une augmentation de la productivit\u00e9 qui a augment\u00e9 le temps de loisir, une explosion de l&rsquo;esp\u00e9rance de vie et des progr\u00e8s extraordinaires de la sant\u00e9.<br \/>\n<\/span><\/p>\n<p><span style=\"color: #777777; font-family: Arial;\">C&rsquo;est la croissance qui a mis fin d\u00e9finitivement aux th\u00e8ses malthusiennes qui pensaient que la production croissait toujours moins vite que la population humaine et que cela cr\u00e9ait toujours des ph\u00e9nom\u00e8nes tr\u00e8s p\u00e9nibles de famines et de mortalit\u00e9 massive avant que la population redevienne compatible avec la production.<br \/>\n<\/span><\/p>\n<p><span style=\"color: #777777; font-family: Arial;\">Mais aujourd&rsquo;hui, ne sommes-nous pas all\u00e9s trop loin&nbsp;?<br \/>\n<\/span><\/p>\n<p><span style=\"color: #777777; font-family: Arial;\">La croissance actuelle ne donne m\u00eame plus d&#8217;emplois, comme le <a href=\"https:\/\/www.lesechos.fr\/monde\/enjeux-internationaux\/0301190244770-malgre-le-retour-de-la-croissance-le-chomage-stagne-dans-le-monde-2147118.php\"><span style=\"color: #0000ff;\">pr\u00e9cise un article des Echos<\/span>&nbsp;<\/a> du 21 janvier 2018&nbsp;:<br \/>\n<\/span><\/p>\n<p style=\"margin-left: 28pt;\"><span style=\"color: #c00000; font-family: Arial;\">C&rsquo;est un paradoxe. La croissance mondiale n&rsquo;a jamais \u00e9t\u00e9 aussi \u00e9lev\u00e9e depuis 2010 si l&rsquo;on en croit le Fonds mon\u00e9taire international. Mais, le taux de ch\u00f4mage stagne. C&rsquo;est le constat dress\u00e9 par l&rsquo;Organisation International du Travail (OIT) dans son rapport \u00ab Emploi et questions sociales dans le monde \u00bb publi\u00e9 lundi.<br \/>\n<\/span><\/p>\n<p><span style=\"color: #777777; font-family: Arial;\">Je ne d\u00e9veloppe pas la captation des fruits de la croissance par un tr\u00e8s petit nombre, comme le d\u00e9montre des \u00e9tudes successives.<br \/>\n<\/span><\/p>\n<p><span style=\"color: #777777; font-family: Arial;\">Le plus pr\u00e9occupant c&rsquo;est que nous sommes en face de la rar\u00e9faction des ressources, dans le d\u00e9fi climatique, probablement dans la p\u00e9nurie d&rsquo;eau potable.<br \/>\n<\/span><\/p>\n<p><a href=\"http:\/\/information.tv5monde.com\/afrique\/afrique-du-sud-dans-moins-de-3-mois-la-ville-du-cap-n-plus-d-eau-218160\"><span style=\"font-family: Arial;\"><span style=\"color: #0000ff;\">&lt;La ville de Cap n&rsquo;aura plus suffisamment d&rsquo;eau dans 3 mois&gt;<\/span><\/span><\/a><span style=\"color: #777777; font-family: Arial;\"><br \/>\n<\/span><\/p>\n<p><span style=\"color: #777777; font-family: Arial;\">Nous comprenons bien que comme les arbres qui ne croissent pas jusqu&rsquo;au ciel, la croissance ne pourra se poursuivre ind\u00e9finiment. Ou existe-il quelqu&rsquo;un qui croit le contraire ? Ceci me fait remarquer que, par le hasard de notre langue, le verbe croitre et le verbe croire se conjuguent quasi de la m\u00eame mani\u00e8re au singulier du pr\u00e9sent : seul un accent circonflexe distingue croire et croitre.<br \/>\n<\/span><\/p>\n<p><span style=\"color: #777777; font-family: Arial;\">Alors certains pour sauver le concept de croissance, qu&rsquo;ils jugent indispensable \u00e0 la civilisation humaine, ajoutent le mot \u00ab&nbsp;verte&nbsp;\u00bb.<br \/>\n<\/span><\/p>\n<p><span style=\"color: #777777; font-family: Arial;\">La croissance, ce n&rsquo;est pas bien, mais la croissance verte nous sauvera.<br \/>\n<\/span><\/p>\n<p><span style=\"color: #777777; font-family: Arial;\">Encore une fois, pouvons-nous le croire&nbsp;?<br \/>\n<\/span><\/p>\n<p><span style=\"color: #777777; font-family: Arial;\">Pensons-nous vraiment que la croissance pourra continuer dans le monde fini de la terre&nbsp;?<br \/>\n<\/span><\/p>\n<p><span style=\"color: #777777; font-family: Arial;\">Ou croyons-nous, comme les \u00ab&nbsp;visionnaires&nbsp;\u00bb de la silicon Valley que nous saurons trouver les moyens d&rsquo;abandonner la terre et trouver une autre plan\u00e8te accueillante que l&rsquo;homme saura rejoindre&nbsp;?<br \/>\n<\/span><\/p>\n<p><span style=\"color: #777777; font-family: Arial;\">La certitude que le g\u00e9nie de l&rsquo;homme trouvera les solutions \u00e0 ces probl\u00e8mes, m\u00eame aid\u00e9 par l&rsquo;intelligence artificielle,&nbsp; n&rsquo;existe pas.<br \/>\n<\/span><\/p>\n<p><span style=\"color: #777777; font-family: Arial;\">La connaissance de la finitude des ressources de la terre et de l&rsquo;impossibilit\u00e9 de continuer avec notre mod\u00e8le de d\u00e9veloppement actuel, sur la seule terre, est acquise.<br \/>\n<\/span><\/p>\n<p><span style=\"color: #777777; font-family: Arial;\">Je finirai par une r\u00e9flexion que j&rsquo;ai lue dans un livre de Raymond Aron du temps de ma jeunesse et que je cite de m\u00e9moire : \u00ab Tout se passe comme si nous \u00e9tions dans une machine qui va de plus en plus vite et que personne ne sait arr\u00eater&nbsp;\u00bb.<br \/>\n<\/span><\/p>\n<p><span style=\"color: #c00000; font-family: Arial;\">&lt;1014&gt;<\/span><\/p>\n","protected":false},"excerpt":{"rendered":"<p>\u00ab&nbsp;La croissance et la vie&nbsp;\u00bb R\u00e9flexions personnelles apr\u00e8s des ann\u00e9es de butinage. La croissance a atteint 1,9 % en France en 2017, soit son plus haut niveau depuis 6 ans. Et &lt;certains annoncent 2,1% pour 2018&gt; Mais la banque mondiale<\/p>\n","protected":false},"author":1,"featured_media":0,"comment_status":"open","ping_status":"closed","sticky":false,"template":"","format":"standard","meta":{"footnotes":""},"categories":[1],"tags":[10,19],"class_list":["post-4157","post","type-post","status-publish","format-standard","hentry","category-motdujour","tag-economie","tag-personnel"],"_links":{"self":[{"href":"https:\/\/lemotdujour.fr\/index.php?rest_route=\/wp\/v2\/posts\/4157","targetHints":{"allow":["GET"]}}],"collection":[{"href":"https:\/\/lemotdujour.fr\/index.php?rest_route=\/wp\/v2\/posts"}],"about":[{"href":"https:\/\/lemotdujour.fr\/index.php?rest_route=\/wp\/v2\/types\/post"}],"author":[{"embeddable":true,"href":"https:\/\/lemotdujour.fr\/index.php?rest_route=\/wp\/v2\/users\/1"}],"replies":[{"embeddable":true,"href":"https:\/\/lemotdujour.fr\/index.php?rest_route=%2Fwp%2Fv2%2Fcomments&post=4157"}],"version-history":[{"count":6,"href":"https:\/\/lemotdujour.fr\/index.php?rest_route=\/wp\/v2\/posts\/4157\/revisions"}],"predecessor-version":[{"id":12390,"href":"https:\/\/lemotdujour.fr\/index.php?rest_route=\/wp\/v2\/posts\/4157\/revisions\/12390"}],"wp:attachment":[{"href":"https:\/\/lemotdujour.fr\/index.php?rest_route=%2Fwp%2Fv2%2Fmedia&parent=4157"}],"wp:term":[{"taxonomy":"category","embeddable":true,"href":"https:\/\/lemotdujour.fr\/index.php?rest_route=%2Fwp%2Fv2%2Fcategories&post=4157"},{"taxonomy":"post_tag","embeddable":true,"href":"https:\/\/lemotdujour.fr\/index.php?rest_route=%2Fwp%2Fv2%2Ftags&post=4157"}],"curies":[{"name":"wp","href":"https:\/\/api.w.org\/{rel}","templated":true}]}}