{"id":4101,"date":"2018-02-05T03:44:45","date_gmt":"2018-02-05T02:44:45","guid":{"rendered":"http:\/\/lemotdujour.fr\/?p=4101"},"modified":"2021-10-17T13:01:18","modified_gmt":"2021-10-17T11:01:18","slug":"lundi-5-fevrier-2018","status":"publish","type":"post","link":"https:\/\/lemotdujour.fr\/?p=4101","title":{"rendered":"Lundi 5 f\u00e9vrier 2018"},"content":{"rendered":"<div class=\"mdjTexte\">\t\u00ab&nbsp;Augmenter nos connaissances, diminuer nos certitudes, accepter la complexit\u00e9&nbsp;\u00bb<\/div>\n<div class=\"mdjAuteur\">\tR\u00e9flexions personnelles apr\u00e8s des ann\u00e9es de butinage.<\/div>\n<p><span style=\"color: #777777; font-family: Arial;\">Mais finalement, au bout du bout, \u00e0 quoi servent tous ces efforts pour trouver et \u00e9crire des mots du jour&nbsp;?<br \/>\n<\/span><\/p>\n<p><span style=\"color: #777777; font-family: Arial;\">Vous pourriez me poser cette question, mais Alain que retiens-tu de tout cela&nbsp;? Qu&rsquo;est-ce que tu as appris&nbsp;? Compris&nbsp;?<br \/>\n<\/span><\/p>\n<p><span style=\"color: #777777; font-family: Arial;\">Quelle qu\u00eate poursuis-tu&nbsp;?<br \/>\n<\/span><\/p>\n<p><span style=\"color: #777777; font-family: Arial;\">La qu\u00eate est ambitieuse, je l&rsquo;ai expliqu\u00e9e \u00e0 plusieurs reprises&nbsp;: \u00ab&nbsp;<span style=\"color: #c00000;\">Essayer de comprendre le monde<span style=\"color: #777777;\">&nbsp;\u00bb. Sur la page d&rsquo;accueil de ce blog, une phrase est mise en exergue&nbsp;: \u00abComprendre le monde, c&rsquo;est d\u00e9j\u00e0 le transformer !\u00bb<br \/>\n<\/span><\/span><\/span><\/p>\n<p><span style=\"color: #777777; font-family: Arial;\">Cette phrase est celle de Guillaume Erner qui l&rsquo;a prononc\u00e9e pour le premier matin de France Culture qu&rsquo;il a anim\u00e9.<br \/>\n<\/span><\/p>\n<p><span style=\"color: #777777; font-family: Arial;\">Je l&rsquo;avais repris dans <span style=\"color: #0000ff;\"><a style=\"color: #0000ff;\" href=\"https:\/\/lemotdujour.fr\/?p=1228\">le mot du jour du 9 septembre 2015<\/a><\/span>. Guillaume Erner avait ajout\u00e9 :<br \/>\n<\/span><\/p>\n<p style=\"margin-left: 28pt;\"><span style=\"color: #c00000; font-family: Arial;\">\u00ab[Il faut lutter contre ceux] qui ont int\u00e9r\u00eat \u00e0 la m\u00e9sintelligence du monde.<br \/>\n<\/span><span style=\"color: #c00000; font-family: Arial;\">C&rsquo;est contre eux qu&rsquo;il faut se r\u00e9veiller pour interrompre le sommeil de l&rsquo;intellect.<br \/>\n<\/span><span style=\"color: #c00000; font-family: Arial;\">Tous les verbes qui nous arrachent \u00e0 la nuit de la pens\u00e9e : comprendre, expliquer, r\u00e9fl\u00e9chir sont des verbes militants.\u00bb<br \/>\n<\/span><\/p>\n<p><span style=\"color: #777777; font-family: Arial;\">Comment faire concr\u00e8tement&nbsp;?<br \/>\n<\/span><\/p>\n<p><span style=\"color: #777777; font-family: Arial;\">Quels sont les piliers de cette ambition&nbsp;?<br \/>\n<\/span><\/p>\n<p><span style=\"color: #777777; font-family: Arial;\">Rachid Benzine qui en m\u00eame temps a \u00e9t\u00e9 champion de France de kickboxing et qui est un intellectuel form\u00e9 \u00e0 l&rsquo;\u00e9cole des sciences humaines, apr\u00e8s avoir fait des \u00e9tudes d&rsquo;\u00e9conomie et de sciences politiques puis des \u00e9tudes d&rsquo;histoire et de philosophie peut donner des clefs.<br \/>\n<\/span><\/p>\n<p><span style=\"color: #777777; font-family: Arial;\">Il est musulman il avait acc\u00e9d\u00e9 \u00e0 la notori\u00e9t\u00e9 en lan\u00e7ant avec le p\u00e8re Christian Delorme, le dialogue islamo-catholique aux Minguettes, dans la banlieue de Lyon, qui a donn\u00e9 lieu \u00e0 un livre : <a href=\"http:\/\/www.decitre.fr\/ebooks\/nous-avons-tant-de-choses-a-nous-dire-pour-un-vrai-dialogue-entre-chretiens-et-musulmans-9782226291561_9782226291561_16.html\"><span style=\"color: #0000ff;\">Nous avons tant de choses \u00e0 nous dire<\/span><\/a>, paru en 1998.&nbsp; \u00bb<br \/>\n<\/span><\/p>\n<p><span style=\"color: #777777; font-family: Arial;\">En octobre 2016, il avait \u00e9crit un roman \u00e9pistolaire <a href=\"http:\/\/www.seuil.com\/ouvrage\/nour-pourquoi-n-ai-je-rien-vu-venir-rachid-benzine\/9782021340891\"><span style=\"color: blue; text-decoration: underline;\"><strong><span style=\"color: #0000ff; text-decoration: underline;\">&lt;<\/span><\/strong><span style=\"color: #0000ff; text-decoration: underline;\">Nour, pourquoi n&rsquo;ai-je rien vu venir ?&gt;<\/span><\/span><\/a>, dans lequel un p\u00e8re \u00e9change des lettres avec sa fille partie faire le djihad en Irak. Dans une des lettres, il \u00e9crit&nbsp;:<br \/>\n<\/span><\/p>\n<p style=\"margin-left: 28pt;\"><span style=\"color: #c00000; font-family: Arial;\">\u00ab&nbsp;Notre mission en tant qu&rsquo;humains n&rsquo;est pas de trouver des r\u00e9ponses, mais de chercher. Les musulmans sont appel\u00e9s \u00e0 \u00eatre d&rsquo;humbles chercheurs, et pas des \u00e2nes qui \u00e2nonneraient sans cesse des histoires abracadabrantes. Tu le sais bien, ma petite Nour&nbsp;:&nbsp; Le contraire de la connaissance, ce n&rsquo;est pas l&rsquo;ignorance mais les certitudes. Ces certitudes qui vous m\u00e8nent aujourd&rsquo;hui tout droit en enfer.&nbsp;\u00bb<br \/>\n<\/span><\/p>\n<p><span style=\"color: #777777; font-family: Arial;\">J&rsquo;en avais tir\u00e9 un mot du jour&nbsp;: \u00ab<span style=\"color: #0000ff;\">&nbsp;<a style=\"color: #0000ff;\" href=\"https:\/\/lemotdujour.fr\/?p=399\">Le contraire de la connaissance, ce n&rsquo;est pas l&rsquo;ignorance mais les certitudes<\/a>.<\/span>&nbsp;\u00bb<br \/>\n<\/span><\/p>\n<p><span style=\"color: #777777; font-family: Arial;\">C&rsquo;est en partant de l\u00e0 que probablement il existe un chemin&nbsp;:<br \/>\n<\/span><\/p>\n<ul>\n<li><span style=\"color: #777777; font-family: Arial;\">Augmenter nos connaissances&nbsp;;<br \/>\n<\/span><\/li>\n<li><span style=\"color: #777777; font-family: Arial;\">Diminuer nos certitudes&nbsp;;<br \/>\n<\/span><\/li>\n<li><span style=\"color: #777777; font-family: Arial;\">Et finalement, accepter la complexit\u00e9.<br \/>\n<\/span><\/li>\n<\/ul>\n<p><span style=\"color: #777777; font-family: Arial; text-decoration: underline;\">Pendant tout ce butinage quelles sont les connaissances qui ont augment\u00e9&nbsp;?<br \/>\n<\/span><\/p>\n<p><span style=\"color: #777777; font-family: Arial;\">Certainement la compr\u00e9hension de l&rsquo;extraordinaire intelligence de la nature et du vivant.<br \/>\n<\/span><\/p>\n<p><span style=\"color: #777777; font-family: Arial;\">Quand on se plonge dans le livre de Peter Wohlleben sur <span style=\"color: #0000ff;\"><a style=\"color: #0000ff;\" href=\"https:\/\/lemotdujour.fr\/?p=3787\">la vie secr\u00e8te des arbres<\/a><\/span>, on ne peut plus regarder les for\u00eats de la m\u00eame mani\u00e8re, on ne peut plus appr\u00e9cier l&rsquo;intervention des humains dans la for\u00eat avec les m\u00eames crit\u00e8res.<br \/>\n<\/span><\/p>\n<p><span style=\"color: #777777; font-family: Arial;\">Quand <a href=\"https:\/\/lemotdujour.fr\/?p=2640\"><span style=\"color: #0000ff;\">on \u00e9coute ou lit Franz de Waal<\/span><\/a> on ne peut plus voir les animaux avec les yeux de l&rsquo;humain qui fait \u00e0 l&rsquo;image de Dieu est ma\u00eetre de la nature. Il faut alors se rendre compte que la fronti\u00e8re entre l&rsquo;homme et l&rsquo;animal devient de plus en plus t\u00e9nue, que ce qui permet de diff\u00e9rencier l&rsquo;un de l&rsquo;autre devient de plus en plus faible.<br \/>\n<\/span><\/p>\n<p><span style=\"color: #777777; font-family: Arial;\">La connaissance de l&rsquo;asservissement et de la violence que les hommes ont par le pass\u00e9 et continuent encore trop \u00e0 exercer \u00e0 l&rsquo;\u00e9gard des femmes dans toutes les civilisations, tous les milieux sociaux a aussi \u00e9norm\u00e9ment progress\u00e9 gr\u00e2ce \u00e0 mes lectures, recherches et aussi r\u00e9flexions personnelles dans l&rsquo;exp\u00e9rience de la vie.<br \/>\n<\/span><\/p>\n<p><span style=\"color: #777777; font-family: Arial;\">Ma connaissance s&rsquo;est aussi d\u00e9velopp\u00e9e sur l&rsquo;abus et la perversit\u00e9 de l&rsquo;utilisation incontr\u00f4l\u00e9e, irrationnelle, d\u00e9shumanisante de la gouvernance par les nombres.<br \/>\n<\/span><\/p>\n<p><span style=\"color: #777777; font-family: Arial;\">Ma compr\u00e9hension qu&rsquo;une des choses fondamentales qui est en train de se d\u00e9rouler devant nos yeux est une remise en cause des avantages des classes moyennes et populaires occidentales qui \u00e9taient le fruit de l&rsquo;h\u00e9g\u00e9monie et disons-le de la pr\u00e9dation qu&rsquo;exer\u00e7aient les pays occidentaux sur le reste du monde.<br \/>\n<\/span><\/p>\n<p><span style=\"color: #777777; font-family: Arial; text-decoration: underline;\">Et les certitudes qui ont diminu\u00e9&nbsp;?<br \/>\n<\/span><\/p>\n<p><span style=\"color: #777777; font-family: Arial;\">La certitude qu&rsquo;il existe des valeurs universelles que l&rsquo;ensemble des humains partage : la libert\u00e9 de penser, la d\u00e9mocratie, la valeur de la vie humaine et la prise en compte de l&rsquo;individu. J&rsquo;ai compris que ces valeurs universelles \u00e9taient issues de notre monde occidental.<br \/>\n<\/span><\/p>\n<p><a href=\"https:\/\/lemotdujour.fr\/?p=1158\"><span style=\"font-family: Arial;\"><span style=\"color: #0000ff;\">Le mot du 17 juin 201<\/span><\/span><\/a><span style=\"font-family: Arial;\"><span style=\"color: #0000ff;\">5<\/span><span style=\"color: #777777;\"> donnait la parole \u00e0 Jean-Louis Beffa qui expliquait&nbsp;:<br \/>\n<\/span><\/span><\/p>\n<p style=\"margin-left: 28pt;\"><span style=\"color: #c00000; font-family: Arial;\">\u00abOn a cru que les valeurs de type occidental, celles qui viennent de la r\u00e9volution fran\u00e7aise, des vertus chr\u00e9tiennes et des lumi\u00e8res avaient une valeur mondiale. on disait les droits de l&rsquo;homme c&rsquo;est [universel]. Je ne le crois pas. Je crois que le monde asiatique, en particulier, a des valeurs confuc\u00e9ennes qui sont des valeurs compl\u00e9tement diff\u00e9rentes.\u00bb<br \/>\n<\/span><\/p>\n<p><span style=\"color: #777777; font-family: Arial;\">Dans ma vision d&rsquo;homme de gauche, beaucoup de certitudes issues de cette pens\u00e9e ont \u00e9t\u00e9 balay\u00e9es&nbsp;:<br \/>\n<\/span><\/p>\n<ul>\n<li><span style=\"color: #777777; font-family: Arial;\">Les conditions sociales expliquent une partie du fonctionnement de la soci\u00e9t\u00e9 et des individus, mais pas tout. Il y a aussi les mythes, les religions, les affects, les cultures familiales qui ont une importance consid\u00e9rable dans l&rsquo;explication des ph\u00e9nom\u00e8nes sociaux.<br \/>\n<\/span><\/li>\n<li><span style=\"color: #777777; font-family: Arial;\">La Loi ne peut pas tout, ne peut pas r\u00e9gler tous les probl\u00e8mes, interdire tout ce que l&rsquo;on rejette et par sa seule promulgation faire \u00e9voluer les mentalit\u00e9s et la soci\u00e9t\u00e9.&nbsp;\u00bb<br \/>\n<\/span><\/li>\n<\/ul>\n<p><span style=\"color: #777777; font-family: Arial;\">La certitude aussi que le progr\u00e8s technique entra\u00eene forc\u00e9ment une am\u00e9lioration de l&rsquo;\u00e9galit\u00e9 des humains et de leur bien-\u00eatre est mise \u00e0 mal.<br \/>\n<\/span><\/p>\n<p><span style=\"color: #777777; font-family: Arial; text-decoration: underline;\">Accepter la complexit\u00e9&nbsp;?<br \/>\n<\/span><\/p>\n<p><span style=\"color: #777777; font-family: Arial;\">La complexit\u00e9 est le grand mot d&rsquo;Edgar Morin.<br \/>\n<\/span><\/p>\n<p><span style=\"color: #777777; font-family: Arial;\">L&rsquo;acceptation de la complexit\u00e9 doit aussi conduire \u00e0 accepter qu&rsquo;on ne peut pas tout comprendre tout ma\u00eetriser. L&rsquo;Univers est infini, sommes-nous pauvres humains capable d&rsquo;appr\u00e9hender l&rsquo;infini&nbsp;?<br \/>\n<\/span><\/p>\n<p><span style=\"color: #777777; font-family: Arial;\">De fa\u00e7on plus prosa\u00efque, la complexit\u00e9 peut simplement se d\u00e9tecter dans le gouvernement des humains et le cadre l\u00e9gal de la soci\u00e9t\u00e9.<br \/>\n<\/span><\/p>\n<p><span style=\"color: #777777; font-family: Arial;\">La GPA, gestation pour autrui, elle est interdite en France, mais pas aux Etats-Unis, ni au Canada, ni en Grande Bretagne.<br \/>\n<\/span><\/p>\n<p><span style=\"color: #777777; font-family: Arial;\">D\u00e8s lors des parents fran\u00e7ais utilisent cette m\u00e9thode pour avoir des enfants \u00e0 l&rsquo;\u00e9tranger et ils reviennent en France.<br \/>\n<\/span><\/p>\n<p><span style=\"color: #777777; font-family: Arial;\">Ces enfants n&rsquo;existent pas, ils sont hors la Loi.<br \/>\n<\/span><\/p>\n<p><span style=\"color: #777777; font-family: Arial;\">Si on les l\u00e9galise, en r\u00e9alit\u00e9 on accepte le principe de la GPA. Principe de la GPA qui va dans notre monde cupide aboutir forc\u00e9ment \u00e0 ce que des femmes pauvres louent leur ventre \u00e0 des riches pour que ces derniers puissent assouvir leur d\u00e9sir d&rsquo;enfant.<br \/>\n<\/span><\/p>\n<p><span style=\"color: #777777; font-family: Arial;\">Mais peut-on laisser ces enfants qui ne sont pas responsables de cette situation, ne pas acc\u00e9der pleinement \u00e0 la citoyennet\u00e9 et aux droits sociaux&nbsp;?<br \/>\n<\/span><\/p>\n<p><span style=\"color: #777777; font-family: Arial;\">Celui qui dit que la r\u00e9ponse est simple, n&rsquo;a rien compris \u00e0 la question.<br \/>\n<\/span><\/p>\n<p><span style=\"color: #777777; font-family: Arial;\">J&rsquo;essaierai dans les prochains mots du jour de continuer sur des sujets particuliers \u00e0 d\u00e9velopper selon ces trois axes ce que toutes ces r\u00e9flexions et lectures ont pu m&rsquo;apporter.<br \/>\n<\/span><\/p>\n<p><span style=\"color: #777777; font-family: Arial;\"><span style=\"color: #800000;\">&lt;1011&gt;<\/span><br \/>\n<\/span><\/p>\n<p><span style=\"color: #777777; font-family: Arial;\"><br \/>\n<\/span><\/p>\n","protected":false},"excerpt":{"rendered":"<p>\u00ab&nbsp;Augmenter nos connaissances, diminuer nos certitudes, accepter la complexit\u00e9&nbsp;\u00bb R\u00e9flexions personnelles apr\u00e8s des ann\u00e9es de butinage. Mais finalement, au bout du bout, \u00e0 quoi servent tous ces efforts pour trouver et \u00e9crire des mots du jour&nbsp;? Vous pourriez me poser<\/p>\n","protected":false},"author":1,"featured_media":0,"comment_status":"open","ping_status":"closed","sticky":false,"template":"","format":"standard","meta":{"footnotes":""},"categories":[1],"tags":[54,19,6],"class_list":["post-4101","post","type-post","status-publish","format-standard","hentry","category-motdujour","tag-humanisme","tag-personnel","tag-philosophie"],"_links":{"self":[{"href":"https:\/\/lemotdujour.fr\/index.php?rest_route=\/wp\/v2\/posts\/4101","targetHints":{"allow":["GET"]}}],"collection":[{"href":"https:\/\/lemotdujour.fr\/index.php?rest_route=\/wp\/v2\/posts"}],"about":[{"href":"https:\/\/lemotdujour.fr\/index.php?rest_route=\/wp\/v2\/types\/post"}],"author":[{"embeddable":true,"href":"https:\/\/lemotdujour.fr\/index.php?rest_route=\/wp\/v2\/users\/1"}],"replies":[{"embeddable":true,"href":"https:\/\/lemotdujour.fr\/index.php?rest_route=%2Fwp%2Fv2%2Fcomments&post=4101"}],"version-history":[{"count":6,"href":"https:\/\/lemotdujour.fr\/index.php?rest_route=\/wp\/v2\/posts\/4101\/revisions"}],"predecessor-version":[{"id":12377,"href":"https:\/\/lemotdujour.fr\/index.php?rest_route=\/wp\/v2\/posts\/4101\/revisions\/12377"}],"wp:attachment":[{"href":"https:\/\/lemotdujour.fr\/index.php?rest_route=%2Fwp%2Fv2%2Fmedia&parent=4101"}],"wp:term":[{"taxonomy":"category","embeddable":true,"href":"https:\/\/lemotdujour.fr\/index.php?rest_route=%2Fwp%2Fv2%2Fcategories&post=4101"},{"taxonomy":"post_tag","embeddable":true,"href":"https:\/\/lemotdujour.fr\/index.php?rest_route=%2Fwp%2Fv2%2Ftags&post=4101"}],"curies":[{"name":"wp","href":"https:\/\/api.w.org\/{rel}","templated":true}]}}