{"id":4077,"date":"2018-02-01T03:24:35","date_gmt":"2018-02-01T02:24:35","guid":{"rendered":"http:\/\/lemotdujour.fr\/?p=4077"},"modified":"2022-03-11T15:20:48","modified_gmt":"2022-03-11T14:20:48","slug":"jeudi-1-fevrier-2018","status":"publish","type":"post","link":"https:\/\/lemotdujour.fr\/?p=4077","title":{"rendered":"Jeudi 1 f\u00e9vrier 2018"},"content":{"rendered":"<div class=\"mdjTexte\">\t\u00ab&nbsp;Les bagarres du Nutella&nbsp;\u00bb<\/div>\n<div class=\"mdjAuteur\">\tSynth\u00e8se des r\u00e9actions et r\u00e9flexions personnelles sur ces faits divers<\/div>\n<p><span style=\"color: #777777; font-family: Arial;\">Et voici donc que des gens a priori \u00ab&nbsp;normaux&nbsp;\u00bb viennent \u00e0 cr\u00e9er une \u00e9meute et se bagarrent dans des intermarch\u00e9s, parce que ces derniers ont d\u00e9cid\u00e9 de faire une &lt;<a href=\"http:\/\/www.20minutes.fr\/societe\/2208803-20180125-video-nutella-viennent-mains-arracher-pots-nutella-promotion\"><span style=\"color: #0000ff;\">promotion sur le Nutella<\/span><\/a>&gt;.<br \/>\n<\/span><\/p>\n<p><span style=\"color: #777777; font-family: Arial;\">La promotion \u00e9tait importante, il s&rsquo;agissait d&rsquo;une r\u00e9duction de 70&nbsp;%, ce qui mettait le pot de 950 grammes \u00e0 1,41&nbsp;euro au lieu de 4,70 euros.<br \/>\n<\/span><\/p>\n<p><span style=\"color: #777777; font-family: Arial;\">Certains affirment que parmi eux<span style=\"color: #0000ff;\"> <a style=\"color: #0000ff;\" href=\"https:\/\/fr.quora.com\/Que-pensez-vous-des-%C3%A9meutes-du-Nutella\">il y avait des professionnels<\/a><\/span> de la restauration qui voulaient acqu\u00e9rir cette p\u00e2te \u00e0 peu de frais.<br \/>\n<\/span><\/p>\n<p><span style=\"color: #777777; font-family: Arial;\">Imm\u00e9diatement les r\u00e9seaux sociaux se sont d\u00e9chain\u00e9s pour se moquer de \u00ab&nbsp;ces abrutis&nbsp;\u00bb ou \u00ab cassoc \u00bb qui se battaient pour du Nutella.<br \/>\n<\/span><\/p>\n<p><span style=\"color: #777777; font-family: Arial;\">Assez vite <a href=\"http:\/\/www.parismatch.com\/Actu\/Politique\/Melenchon-son-proverbe-chinois-sur-le-Nutella-1447181\"><span style=\"color: #0000ff;\">Jean-Luc M\u00e9lenchon s&rsquo;est insurg\u00e9<\/span><\/a> contre ces r\u00e9actions de moqueries contre \u00ab&nbsp;des personnes tr\u00e8s modestes&nbsp;\u00bb qui voulaient profiter d&rsquo;une bonne affaire. <\/span><span style=\"color: #777777; font-family: Arial;\">\u00ab <span style=\"color: #c00000;\">Quand l&rsquo;\u00e9meute montre la mis\u00e8re, l&rsquo;idiot regarde le #Nutella<span style=\"color: #777777;\"> \u00bb, a-t-il dit, d\u00e9non\u00e7ant ainsi la mis\u00e8re dans laquelle vivaient ces personnes.<br \/>\n<\/span><\/span><\/span><\/p>\n<p><span style=\"color: #777777; font-family: Arial;\">Une employ\u00e9e d&rsquo;un Intermarch\u00e9 de ma ville natale, Forbach, a d\u00e9crit \u00e0 l&rsquo;AFP&nbsp;:<br \/>\n<\/span><\/p>\n<p style=\"margin-left: 28pt;\"><span style=\"color: #c00000; font-family: Arial;\">\u00ab Les gens se sont ru\u00e9s dessus, ils ont tout bouscul\u00e9, ils en ont cass\u00e9. C&rsquo;\u00e9tait l&rsquo;orgie ! \u00bb<br \/>\n<\/span><\/p>\n<p><span style=\"color: #777777; font-family: Arial;\">Ceci me fait aussi penser \u00e0 <span style=\"color: #0000ff;\"><a style=\"color: #0000ff;\" href=\"http:\/\/www.lyoncapitale.fr\/Journal\/Lyon\/Actualite\/Economie\/Virgin-Megastore-de-Lyon-les-rayons-vides-a-10h30\">&lt;La fermeture du Virgin Megastore de Lyon&gt;<\/a><\/span> en 2013 qui avait conduit \u00e0 des soldes \u00e9normes et des comportements indignes de la part de certains acheteurs. Des vendeurs qui allaient perdre leur travail \u00e9taient confront\u00e9s \u00e0 des personnes ayant perdu tout savoir vivre dans leur recherche de produits \u00e0 prix bas.<br \/>\n<\/span><\/p>\n<p><span style=\"color: #777777; font-family: Arial;\">Le ministre de l&rsquo;Agriculture St\u00e9phane Travert rejoint l&rsquo;explication de Jean-Luc Melenchon. Il a d\u00e9clar\u00e9 dimanche 28 janvier sur BFMTV&nbsp;:<br \/>\n<\/span><\/p>\n<p style=\"margin-left: 28pt;\"><span style=\"color: #c00000; font-family: Arial;\">\u00ab&nbsp;Ce sont des gens qui vivent de peu, ce sont des gens qui se ruent sur une p\u00e2te \u00e0 tartiner qu&rsquo;ils ne peuvent pas offrir \u00e0 leurs enfants&nbsp;\u00bb<br \/>\n<\/span><\/p>\n<p><a href=\"http:\/\/www.leparisien.fr\/societe\/a-beauvais-le-jour-d-apres-l-emeute-au-nutella-28-01-2018-7527843.php\"><span style=\"font-family: Arial;\"><span style=\"color: #0000ff;\">Le Parisien ne dit pas autre chose<\/span><\/span><\/a><span style=\"color: #777777; font-family: Arial;\"><br \/>\n<\/span><\/p>\n<p style=\"margin-left: 28pt;\"><span style=\"color: #c00000; font-family: Arial;\">\u00abSamedi, \u00e0 l&rsquo;Intermarch\u00e9 Beauvais-nord (Oise), sous un ciel sans couleur, le calme est revenu. Mais les sc\u00e8nes de cohue, provoqu\u00e9es par une promotion \u00e0 -70% sur le Nutella, font honte aux habitants. Chacun s&rsquo;interroge : comment un pot de 950 grammes \u00e0 4,70\u20ac, sold\u00e9 1,41\u20ac du 25 au 27 janvier, a pu cr\u00e9er une telle bousculade au sein des rayons ? \u00ab B\u00eatise \u00bb, \u00ab cingl\u00e9s \u00bb, \u00ab sauvages \u00bb. Les insultes pleuvent. Mais, tr\u00e8s vite, certains chuchotent un autre mot \u00ab pr\u00e9carit\u00e9 \u00bb. Comme si cette guerre pour 3\u20ac n&rsquo;\u00e9tait que la photographie d&rsquo;une d\u00e9tresse sociale, que l&rsquo;on pr\u00e9f\u00e8re ignorer.\u00bb<br \/>\n<\/span><\/p>\n<p><span style=\"font-family: Arial;\"><span style=\"color: #777777;\">Pierre Rondeau, Professeur d&rsquo;\u00e9conomie d\u00e9veloppe une analyse plus nuanc\u00e9e&nbsp;: ce n&rsquo;est pas la mis\u00e8re qui pousse \u00e0 de tels comportements, mais la peur d&rsquo;y entrer . Son article a \u00e9t\u00e9 <span style=\"color: #0000ff;\"><a style=\"color: #0000ff;\" href=\"http:\/\/www.slate.fr\/story\/156871\/emeutes-nutella-promo\">publi\u00e9 par Slate&nbsp;<\/a><\/span>: <\/span><br \/>\n<\/span><\/p>\n<p style=\"margin-left: 28pt;\"><span style=\"color: #c00000; font-family: Arial;\">\u00ab&nbsp;Ce ne sont donc pas les in\u00e9galit\u00e9s ou la grande pr\u00e9carit\u00e9 qui expliquent les heurts violents, la destruction de la solidarit\u00e9 et la fragilisation de la coh\u00e9sion sociale, puisque ces causes semblent dispara\u00eetre depuis une trentaine d&rsquo;ann\u00e9es. Le probl\u00e8me&nbsp;est plus complexe: c&rsquo;est le sentiment d&rsquo;ins\u00e9curit\u00e9 \u00e9conomique, la peur du d\u00e9classement et la croissance de la m\u00e9fiance collective qui semblent expliquer&nbsp;ces comportements.<br \/>\n<\/span><\/p>\n<p style=\"margin-left: 28pt;\"><span style=\"color: #c00000; font-family: Arial;\">Nous en venons \u00e0 nous jeter sur les promotions pas forc\u00e9ment&nbsp;parce que nous sommes pauvres mais parce que nous avons le sentiment que cela pourrait nous arriver. Le sociologue Eric Maurin expliquait d\u00e9j\u00e0 ce ph\u00e9nom\u00e8ne dans son livre&nbsp;\u00ab&nbsp;<a href=\"http:\/\/www.seuil.com\/ouvrage\/la-peur-du-declassement-eric-maurin\/9782021002409\" target=\"_blank\" rel=\"noopener\"><span style=\"color: #0070c0;\"><span style=\"color: #0000ff;\">La peur du d\u00e9classement<\/span><\/span><\/a><span style=\"color: #0070c0;\">&nbsp;<span style=\"color: #c00000;\">\u00bb, en 2009:<br \/>\n<\/span><\/span><\/span><\/p>\n<p style=\"margin-left: 28pt;\"><span style=\"color: #c00000; font-family: Arial;\">[&#8230;] <\/span><span style=\"color: #c00000; font-family: Arial;\">Et certains en viennent alors \u00e0 se battre pour du Nutella \u2026&nbsp;\u00bb<br \/>\n<\/span><\/p>\n<p><span style=\"color: #777777; font-family: Arial;\">Un autre angle d&rsquo;analyse rapporte le propos d&rsquo;un employ\u00e9 d&rsquo;un Intermarch\u00e9 \u00e0 Revigny-sur-Ornain (Meuse) :<br \/>\n<\/span><\/p>\n<p style=\"margin-left: 28pt;\"><span style=\"color: #c00000; font-family: Arial;\">\u00ab&nbsp;A &#8211; 70%, c&rsquo;est un pousse-au-crime et on casse l&rsquo;\u00e9chelle de valeur. Le client se dit que si le pot de&nbsp;Nutella&nbsp;peut \u00eatre vendu \u00e0 &#8211; 70%, c&rsquo;est que le reste de l&rsquo;ann\u00e9e, on marge \u00e9norm\u00e9ment, alors qu&rsquo;il est vendu \u00e0 marge z\u00e9ro toute l&rsquo;ann\u00e9e&#8230;&nbsp;\u00bb.<br \/>\n<\/span><\/p>\n<p><span style=\"color: #777777; font-family: Arial;\">D&rsquo;ailleurs l&rsquo;administration et <span style=\"color: #0000ff;\"><a style=\"color: #0000ff;\" href=\"http:\/\/www.liberation.fr\/checknews\/2018\/01\/30\/intermarche-avait-il-le-droit-de-vendre-ses-pots-de-nutella-avec-un-rabais-de-70_1626139\">&lt;Le journal Lib\u00e9ration posent la question si le rabais de 70% \u00e9tait l\u00e9gal&gt;<\/a>&nbsp;<\/span>:<br \/>\n<\/span><\/p>\n<p style=\"margin-left: 28pt;\"><span style=\"color: #c00000; font-family: Arial;\">En droit fran\u00e7ais, la vente \u00e0 perte (c&rsquo;est-\u00e0-dire le fait de vendre un produit \u00e0 un prix moins cher que celui auquel on l&rsquo;a obtenu)&nbsp;est interdite Soit Intermarch\u00e9 ach\u00e8te son Nutella pour un prix inf\u00e9rieur ou \u00e9gal \u00e0 1,41&nbsp;euro\u2026&nbsp;ce qui implique que le supermarch\u00e9 se fait une belle marge de 233% en vendant les pots de 950&nbsp;g \u00e0 4,70&nbsp;euros en temps normal. Soit Intermarch\u00e9 ach\u00e8te son Nutella \u00e0 Ferrero pour un prix sup\u00e9rieur \u00e0 1,41&nbsp;euro et il aurait alors pratiqu\u00e9 de la vente \u00e0 perte avec sa promotion<br \/>\n<\/span><\/p>\n<p><span style=\"color: #777777; font-family: Arial;\">L&rsquo;article cependant nuance, il existe des exceptions qui autorisent la vente \u00e0 perte. Dans le cas qui nous occupe, ce serait possible si cette vente correspond \u00e0 des soldes, ce qui est permis pour des produits alimentaires<br \/>\n<\/span><\/p>\n<p><span style=\"color: #777777; font-family: Arial;\">Un autre point de vue s&rsquo;exprime par \u00ab&nbsp;<a href=\"http:\/\/www.lindependant.fr\/2018\/01\/27\/nutella-a-prix-brade-les-dentistes-sortent-les-crocs,3090763.php\"><span style=\"color: #0000ff;\">des dentistes et des m\u00e9decins<\/span>&nbsp;<\/a>\u00bb qui rappellent \u00e0 juste titre que d\u00e9sormais les autorit\u00e9s publiques sont convaincus de la nocivit\u00e9 de la trop grande consommation de sucre et s&rsquo;\u00e9tonnent qu&rsquo;on tol\u00e8re de tels agissements&nbsp;:<br \/>\n<\/span><\/p>\n<p style=\"margin-left: 28pt;\"><span style=\"color: #c00000; font-family: Arial;\">\u00ab&nbsp;De quoi aurait l&rsquo;air la campagne anti-tabac actuellement men\u00e9e si demain des bureaux de tabac pouvaient faire une r\u00e9duction de 70% sur un simple coup de t\u00eate?\u00a0\u00bb, s&rsquo;interroge l&rsquo;Union nationale des \u00e9tudiants en chirurgie dentaire (UNECD) dans un communiqu\u00e9.<br \/>\n<\/span><\/p>\n<p style=\"margin-left: 28pt;\"><span style=\"color: #c00000; font-family: Arial;\">Les futurs dentistes ou chirurgiens interpellent le groupe Intermarch\u00e9, \u00e0 l&rsquo;origine de cette op\u00e9ration, ainsi que les autorit\u00e9s, pour \u00ab\u00a0entamer une r\u00e9flexion sur la taxation des produits sucr\u00e9s\u00a0\u00bb, apr\u00e8s l&rsquo;instauration d&rsquo;une taxe soda sous la pr\u00e9sidence de Nicolas Sarkozy&nbsp;\u00bb<br \/>\n<\/span><\/p>\n<p><span style=\"color: #777777; font-family: Arial;\">Les go\u00fbts et couleurs ne se discutent pas. Ma fille Natacha affirme que le Nutella a tr\u00e8s bon go\u00fbt.<br \/>\n<\/span><\/p>\n<p><span style=\"color: #777777; font-family: Arial;\">Peut-\u00eatre, mais ce n&rsquo;est certainement pas bon pour la sant\u00e9<br \/>\n<\/span><\/p>\n<p><img loading=\"lazy\" decoding=\"async\" class=\"size-medium wp-image-4088 alignleft\" src=\"https:\/\/lemotdujour.fr\/wp-content\/uploads\/2018\/02\/Nutella-300x144.jpg\" alt=\"\" width=\"300\" height=\"144\" srcset=\"https:\/\/lemotdujour.fr\/wp-content\/uploads\/2018\/02\/Nutella-300x144.jpg 300w, https:\/\/lemotdujour.fr\/wp-content\/uploads\/2018\/02\/Nutella-768x368.jpg 768w, https:\/\/lemotdujour.fr\/wp-content\/uploads\/2018\/02\/Nutella.jpg 1024w\" sizes=\"auto, (max-width: 300px) 100vw, 300px\" \/><\/p>\n<p><a href=\"http:\/\/www.linternaute.com\/actualite\/societe-france\/nutella-que-contient-il-vraiment-1112.shtml\"><span style=\"font-family: Arial;\"><span style=\"color: #0000ff;\">Cet article nous apprend<\/span><\/span><\/a><span style=\"color: #777777; font-family: Arial;\"><strong> que la composition du Nutella diff\u00e8re d&rsquo;un pays \u00e0 l&rsquo;autre<\/strong>, Ferrero tenant compte des pr\u00e9f\u00e9rences exprim\u00e9es en fonction des r\u00e9gions et des l\u00e9gislations en vigueur concernant le chocolat. En France, le Nutella est d&rsquo;abord compos\u00e9 de sucres (&gt;50&nbsp;%) puis d&rsquo;huile v\u00e9g\u00e9tale, c&rsquo;est-\u00e0-dire d&rsquo;huile de palme (17&nbsp;%). Viennent ensuite les noisettes (13&nbsp;%), le cacao maigre (7,4 %), le lait \u00e9cr\u00e9m\u00e9 en poudre (6,6&nbsp;%), puis le lactos\u00e9rum en poudre. <\/span><\/p>\n<p><span style=\"color: #777777; font-family: Arial;\">Enfin, on retrouve dans le Nutella des \u00e9mulsifiants : des l\u00e9cithines de soja et de la vanilline.<br \/>\n<\/span><\/p>\n<p><span style=\"color: #777777; font-family: Arial;\">Bref, surtout du sucre, beaucoup de gras, un peu de noisettes et encore moins de cacao. <\/span><\/p>\n<p><span style=\"color: #777777; font-family: Arial;\">J&rsquo;ai trouv\u00e9 cette illustration qui essaye de repr\u00e9senter la composition du Nutella de mani\u00e8re encore plus explicite.<br \/>\n<\/span><\/p>\n<p><img loading=\"lazy\" decoding=\"async\" class=\" wp-image-4089 alignright\" src=\"https:\/\/lemotdujour.fr\/wp-content\/uploads\/2018\/02\/Nutella2-300x300.jpg\" alt=\"\" width=\"307\" height=\"307\" srcset=\"https:\/\/lemotdujour.fr\/wp-content\/uploads\/2018\/02\/Nutella2-300x300.jpg 300w, https:\/\/lemotdujour.fr\/wp-content\/uploads\/2018\/02\/Nutella2-150x150.jpg 150w, https:\/\/lemotdujour.fr\/wp-content\/uploads\/2018\/02\/Nutella2-768x768.jpg 768w, https:\/\/lemotdujour.fr\/wp-content\/uploads\/2018\/02\/Nutella2-1024x1024.jpg 1024w, https:\/\/lemotdujour.fr\/wp-content\/uploads\/2018\/02\/Nutella2-230x230.jpg 230w, https:\/\/lemotdujour.fr\/wp-content\/uploads\/2018\/02\/Nutella2-365x365.jpg 365w, https:\/\/lemotdujour.fr\/wp-content\/uploads\/2018\/02\/Nutella2.jpg 1200w\" sizes=\"auto, (max-width: 307px) 100vw, 307px\" \/><\/p>\n<p><span style=\"color: #777777; font-family: Arial;\">Enfin plus r\u00e9cemment il est apparu qu&rsquo;en outre le Nutella contenait du <a href=\"https:\/\/www.dangersalimentaires.com\/2011\/02\/le-nutella-contient-le-phtalate-le-plus-dangereux-dehp\/\"><span style=\"color: #0000ff;\">phtalate<\/span><\/a> DEHP qui est une substance chimique qui permet d&rsquo;augmenter la flexibilit\u00e9 des mati\u00e8res plastiques. Les phtalates sont des perturbateurs hormonaux qui provoquent des d\u00e9r\u00e8glements induisant notamment la <strong>st\u00e9rilit\u00e9 chez l&rsquo;homme<\/strong>. Il est estim\u00e9 que, dans les pays industrialis\u00e9s, un homme produit deux fois moins de spermatozo\u00efdes que n&rsquo;en produisait son grand p\u00e8re au m\u00eame \u00e2ge. Les phtalates sont \u00e9galement <strong>soup\u00e7onn\u00e9s d&rsquo;\u00eatre canc\u00e9rig\u00e8nes. <\/strong>En 2008, apr\u00e8s avoir fait une \u00e9tude sur le d\u00e9veloppement de testicules in vitro, l&rsquo;INSERM a affirm\u00e9 que les phtalates \u00e9taient \u00ab\u00a0d\u00e9l\u00e9t\u00e8res pour la mise en place du potentiel reproducteur masculin dans l&rsquo;esp\u00e8ce humaine\u00a0\u00bb.<br \/>\n<\/span><\/p>\n<p><a href=\"https:\/\/www.la-croix.com\/Actualite\/Economie-Entreprises\/Economie\/La-France-championne-du-monde-de-consommation-du-Nutella-_NG_-2012-11-12-874917\"><span style=\"font-family: Arial;\"><span style=\"color: #0000ff;\">La Croix nous apprend qu&rsquo;avec 26% de la consommation mondiale La France est championne du monde de la consommation de Nutella&gt;<\/span><\/span><\/a><span style=\"color: #777777; font-family: Arial;\">. Je ne suis pas certain que nous devons nous enorgueillir de ce titre.<br \/>\n<\/span><\/p>\n<p><span style=\"color: #777777; font-family: Arial;\">Pour ma part je crois, m\u00eame si les arguments d\u00e9velopp\u00e9s ci-avant peuvent pr\u00e9senter quelques int\u00e9r\u00eats, le probl\u00e8me que cela pose est avant tout notre enfermement dans le consum\u00e9risme.<br \/>\n<\/span><\/p>\n<p><span style=\"color: #777777; font-family: Arial;\">Le consum\u00e9risme est tr\u00e8s pr\u00e9sent dans les mille premiers mots du jour.<br \/>\n<\/span><\/p>\n<p><span style=\"color: #777777; font-family: Arial;\">Et <span style=\"color: #0000ff;\"><a style=\"color: #0000ff;\" href=\"https:\/\/lemotdujour.fr\/?p=488\">le mot du jour du 4 avril 2017<\/a><\/span> s&rsquo;effor\u00e7ait d&rsquo;en faire une synth\u00e8se. Mais le mot qui est all\u00e9 le plus loin dans la d\u00e9nonciation de cette pulsion incontr\u00f4l\u00e9e est certainement la phrase du philosophe allemande Peter Sloterdijke&nbsp;:<br \/>\n<\/span><\/p>\n<p style=\"margin-left: 28pt;\"><span style=\"color: #c00000; font-family: Arial;\">\u00abLa libert\u00e9 du consommateur et de l&rsquo;individu moderne, c&rsquo;est la libert\u00e9 du cochon devant son auge.&nbsp;\u00bb<br \/>\n<\/span><\/p>\n<p><span style=\"color: #777777; font-family: Arial;\">Nul besoin de nous enchainer pour que nous perdions notre libert\u00e9. Il suffit que la publicit\u00e9 et le comportement des autres nous fassent croire que c&rsquo;est par notre consommation que nous sommes reconnus par nos pairs. Il y a m\u00eame des messages subliminaux qui veulent nous faire croire que la consommation rend heureux.<br \/>\n<\/span><\/p>\n<p><span style=\"color: #777777; font-family: Arial;\">Le mot du jour du <a href=\"https:\/\/lemotdujour.fr\/?p=668\"><span style=\"color: #0000ff;\">14 avril 2014<\/span><\/a> citait Annie Arnaux : \u00ab<span style=\"color: #c00000;\">Je suis de plus en plus s\u00fbr que la docilit\u00e9 des consommateurs est sans limite<span style=\"color: #777777;\">.\u00bb. Car bien entendu, le Nutella n&rsquo;est pas indispensable \u00e0 notre alimentation. Il n&rsquo;est m\u00eame pas bon pour la sant\u00e9. Ce n&rsquo;est donc pas un besoin vital qui pousse les gens \u00e0 vouloir l&rsquo;acheter. Ce sont d&rsquo;autres m\u00e9canismes qui sont \u00e0 l\u2019\u0153uvre : l&rsquo;image du plaisir, le prestige de la marque, une publicit\u00e9 all\u00e9chante, une once de luxe par rapport \u00e0 d&rsquo;autres p\u00e2tes \u00e0 tartiner moins prestigieuses (et probablement pas meilleurs pour la sant\u00e9) et notre formidable addiction au sucre que des d\u00e9cennies de pratiques des professionnels de l&rsquo;alimentaire ont su d\u00e9velopper.<br \/>\n<\/span><\/span><\/span><\/p>\n<p>&nbsp;<\/p>\n<p><span style=\"color: #777777; font-family: Arial;\">Au fait, Intermarch\u00e9 vient de r\u00e9cidiver avec <span style=\"color: #0000ff;\"><a style=\"color: #0000ff;\" href=\"http:\/\/www.europe1.fr\/societe\/intermarche-apres-le-nutella-une-promotion-sur-les-couches-cree-lemeute-3560780\">des promotions sur les couches culottes pampers<\/a><\/span> qui semblent aussi avoir d\u00e9clench\u00e9 des d\u00e9sordres.<br \/>\n<\/span><\/p>\n<p><span style=\"color: #c00000; font-family: Arial;\">&lt;1009&gt;<\/span><\/p>\n","protected":false},"excerpt":{"rendered":"<p>\u00ab&nbsp;Les bagarres du Nutella&nbsp;\u00bb Synth\u00e8se des r\u00e9actions et r\u00e9flexions personnelles sur ces faits divers Et voici donc que des gens a priori \u00ab&nbsp;normaux&nbsp;\u00bb viennent \u00e0 cr\u00e9er une \u00e9meute et se bagarrent dans des intermarch\u00e9s, parce que ces derniers ont d\u00e9cid\u00e9<\/p>\n","protected":false},"author":1,"featured_media":0,"comment_status":"open","ping_status":"closed","sticky":false,"template":"","format":"standard","meta":{"footnotes":""},"categories":[1],"tags":[24,74,7],"class_list":["post-4077","post","type-post","status-publish","format-standard","hentry","category-motdujour","tag-actualite","tag-consumerisme","tag-societe"],"_links":{"self":[{"href":"https:\/\/lemotdujour.fr\/index.php?rest_route=\/wp\/v2\/posts\/4077","targetHints":{"allow":["GET"]}}],"collection":[{"href":"https:\/\/lemotdujour.fr\/index.php?rest_route=\/wp\/v2\/posts"}],"about":[{"href":"https:\/\/lemotdujour.fr\/index.php?rest_route=\/wp\/v2\/types\/post"}],"author":[{"embeddable":true,"href":"https:\/\/lemotdujour.fr\/index.php?rest_route=\/wp\/v2\/users\/1"}],"replies":[{"embeddable":true,"href":"https:\/\/lemotdujour.fr\/index.php?rest_route=%2Fwp%2Fv2%2Fcomments&post=4077"}],"version-history":[{"count":9,"href":"https:\/\/lemotdujour.fr\/index.php?rest_route=\/wp\/v2\/posts\/4077\/revisions"}],"predecessor-version":[{"id":12379,"href":"https:\/\/lemotdujour.fr\/index.php?rest_route=\/wp\/v2\/posts\/4077\/revisions\/12379"}],"wp:attachment":[{"href":"https:\/\/lemotdujour.fr\/index.php?rest_route=%2Fwp%2Fv2%2Fmedia&parent=4077"}],"wp:term":[{"taxonomy":"category","embeddable":true,"href":"https:\/\/lemotdujour.fr\/index.php?rest_route=%2Fwp%2Fv2%2Fcategories&post=4077"},{"taxonomy":"post_tag","embeddable":true,"href":"https:\/\/lemotdujour.fr\/index.php?rest_route=%2Fwp%2Fv2%2Ftags&post=4077"}],"curies":[{"name":"wp","href":"https:\/\/api.w.org\/{rel}","templated":true}]}}