{"id":407,"date":"2017-01-30T01:00:00","date_gmt":"2017-01-29T22:00:00","guid":{"rendered":"http:\/\/lemotdujour.fr\/?p=407"},"modified":"2021-09-26T21:36:11","modified_gmt":"2021-09-26T19:36:11","slug":"lundi-30012017","status":"publish","type":"post","link":"https:\/\/lemotdujour.fr\/?p=407","title":{"rendered":"Lundi 30\/01\/2017"},"content":{"rendered":"<div class=\"mdjTexte\">\t\u00ab&nbsp;Des chiffres et des hommes&nbsp;\u00bb<\/div>\n<div class=\"mdjAuteur\">\tR\u00e9flexions personnelles sur la grandeur et la mis\u00e8re de la quantification<\/div>\n<p><span style=\"color: #777777; font-family: Arial;\">Mes incises r\u00e9p\u00e9t\u00e9es sur les <strong>cr\u00e9tins quantophr\u00e8nes<\/strong> ont conduit certains lecteurs attentifs du mot du jour \u00e0 craindre que je ne sois devenu \u00ab <strong>chiffrophobe<\/strong> \u00bb, ayant peur ou n&rsquo;aimant pas les chiffres.<br \/>\n<\/span><\/p>\n<p><span style=\"color: #777777; font-family: Arial;\">Mon neveu avis\u00e9 Gr\u00e9gory a exprim\u00e9 cette id\u00e9e pertinente qu&rsquo;il peut \u00eatre tr\u00e8s dangereux de laisser prosp\u00e9rer des discours ou organisations qui n&rsquo;expriment que des id\u00e9es, des concepts sans jamais les confronter \u00e0 la r\u00e9alit\u00e9 d&rsquo;un chiffrage m\u00e9thodique et rigoureux.<br \/>\n<\/span><\/p>\n<p><span style=\"color: #777777; font-family: Arial;\">Il a bien entendu totalement raison.<br \/>\n<\/span><\/p>\n<p><span style=\"color: #777777; font-family: Arial;\">Je veux donc pr\u00e9ciser ce que j&rsquo;ai compris sur le danger de la \u00ab v\u00e9rit\u00e9 des chiffres \u00bb de ce qu&rsquo;Alain Supiot a d\u00e9sign\u00e9 par \u00ab <a href=\"http:\/\/www.fayard.fr\/la-gouvernance-par-les-nombres-9782213681092\"><span style=\"color: blue; text-decoration: underline;\">la gouvernance par les nombres<\/span><\/a> \u00bb et qui a fait l&rsquo;objet du <a href=\"https:\/\/lemotdujour.fr\/?p=1182\"><span style=\"color: blue; text-decoration: underline;\">mot du jour du 3 juillet 2015<\/span><\/a>.<br \/>\n<\/span><\/p>\n<p><span style=\"color: #777777; font-family: Arial;\">J&rsquo;esquisserai cette r\u00e9flexion selon 4 axes :<br \/>\n<\/span><\/p>\n<p><span style=\"color: #777777; font-family: Arial;\"><strong>1\/ Les chiffres durs et les chiffres mous<br \/>\n<\/strong><\/span><\/p>\n<p><span style=\"color: #777777; font-family: Arial;\">C&rsquo;est Emmanuel Todd qui a d\u00e9velopp\u00e9 cette distinction.<br \/>\n<\/span><\/p>\n<p><span style=\"color: #777777; font-family: Arial;\">Les chiffres durs sont par exemple ceux de la d\u00e9mographie : l&rsquo;esp\u00e9rance de vie dans un pays, la mortalit\u00e9 infantile, le nombre d&rsquo;enfants par femme.<br \/>\n<\/span><\/p>\n<p><span style=\"color: #777777; font-family: Arial;\">Ce sont des chiffres qui sauf manipulation sont incontestables et sur lesquels on peut appuyer des raisonnements s\u00e9rieux. Ainsi quand Emmanuel Todd constate qu&rsquo;en Iran, depuis la r\u00e9volution islamique, le nombre d&rsquo;enfants par femme a chut\u00e9 et se rapproche des standards occidentaux, il en conclut que les dogmes des ayatollahs iraniens ne sont pas accept\u00e9s et respect\u00e9s en profondeur par la soci\u00e9t\u00e9 civile iranienne.<br \/>\n<\/span><\/p>\n<p><span style=\"color: #777777; font-family: Arial;\">Le chiffre mou est par excellence celui issu des sondages. Dans un sondage on vous demande de r\u00e9pondre \u00e0 des questions auxquelles vous \u00e9tiez \u00e0 mille lieux de penser 5 minutes auparavant. En outre la formulation des questions n&rsquo;est jamais neutre.<br \/>\n<\/span><\/p>\n<p><span style=\"color: #777777; font-family: Arial;\">Il y a \u00e9videmment tout un panel de nuances entre les chiffres durs et les chiffres mous.<br \/>\n<\/span><\/p>\n<p><span style=\"color: #777777; font-family: Arial;\"><strong>2\/ Le chiffre s&rsquo;inscrit dans un syst\u00e8me de valeurs id\u00e9ologiques.<br \/>\n<\/strong><\/span><\/p>\n<p><span style=\"color: #777777; font-family: Arial;\">Un chiffre ne vient pas de nulle part, il est le fruit de raisonnements et de choix id\u00e9ologiques, il s&rsquo;inscrit dans un syst\u00e8me de valeurs.<br \/>\n<\/span><\/p>\n<p><span style=\"color: #777777; font-family: Arial;\">L&rsquo;exemple le plus simple pour exprimer cette r\u00e9alit\u00e9 est le PIB. Mettre en avant ce chiffre, c&rsquo;est consid\u00e9rer que ce qui est essentiel pour d\u00e9crire un pays ce sont les \u00e9changes marchands plut\u00f4t que les \u00e9changes b\u00e9n\u00e9voles, c&rsquo;est privil\u00e9gier la production \u00e0 l&rsquo;\u00e9thique.<br \/>\n<\/span><\/p>\n<p><span style=\"color: #777777; font-family: Arial;\">Ce n&rsquo;est pas le PIB, en tant que tel, qui est probl\u00e9matique, c&rsquo;est le fait de le mettre en avant qui est id\u00e9ologique.<br \/>\n<\/span><\/p>\n<p><span style=\"color: #777777; font-family: Arial;\"><strong>3\/ Le chiffre est souvent une moyenne<\/strong> et une moyenne ne d\u00e9crit pas la r\u00e9alit\u00e9, elle peut masquer des disparit\u00e9s \u00e9normes \u00e0 l&rsquo;int\u00e9rieur de la population observ\u00e9e.<br \/>\n<\/span><\/p>\n<p><span style=\"color: #777777; font-family: Arial;\"><strong>4\/ Un chiffre indicateur n&rsquo;est jamais neutre<\/strong>, l&rsquo;organisation et le comportement des acteurs de l&rsquo;organisation va se modifier pour que l&rsquo;indicateur \u00e9volue dans le sens souhait\u00e9.<br \/>\n<\/span><\/p>\n<p><span style=\"color: #777777; font-family: Arial;\">Exprim\u00e9 autrement, au d\u00e9part un d\u00e9nombrement essaie de d\u00e9crire l&rsquo;\u00e9tat d&rsquo;un syst\u00e8me sur un point particulier. Quand il devient un indicateur, il n&rsquo;est plus en mesure de faire cette description de mani\u00e8re neutre, car les agents concern\u00e9s vont tout faire pour que le chiffre soit bon, non la r\u00e9alit\u00e9, le chiffre. A cela s&rsquo;ajoute ce fantasme de la simplification : d\u00e9crire la situation par un chiffre ou tr\u00e8s peu de chiffres ! Ce type de simplification am\u00e8ne \u00e0 toutes les d\u00e9rives.<br \/>\n<\/span><\/p>\n<p><span style=\"color: #777777; font-family: Arial;\">Beaucoup croient qu&rsquo;en annon\u00e7ant un chiffre ils concluent leur propos.<br \/>\n<\/span><\/p>\n<p><span style=\"color: #777777; font-family: Arial;\">C&rsquo;est le contraire qu&rsquo;il faut faire, les chiffres sont au d\u00e9but du discours, il faut les interroger, les expliquer.<br \/>\n<\/span><\/p>\n<p><span style=\"color: #777777; font-family: Arial;\">Quand on re\u00e7oit un chiffre, il faut comprendre d&rsquo;o\u00f9 il vient, est-il plut\u00f4t un chiffre dur ou un chiffre mou, quel est le syst\u00e8me id\u00e9ologique qui le produit et le consid\u00e8re important, comment il est calcul\u00e9, quel est sa fiabilit\u00e9 et enfin que signifie t&rsquo;il vraiment ?<br \/>\n<\/span><\/p>\n<p><span style=\"color: #777777; font-family: Arial;\">Je suis conscient qu&rsquo;un simple mot du jour ne peut approfondir la perversit\u00e9 qui se cache derri\u00e8re la dictature des chiffres pas plus qu&rsquo;il ne peut d\u00e9velopper l&rsquo;int\u00e9r\u00eat du chiffrage et la bonne utilisation des chiffres.<br \/>\n<\/span><\/p>\n<p><span style=\"color: #777777; font-family: Arial;\">Dans la conclusion au mot du jour concernant la gouvernance par les nombres j&rsquo;\u00e9crivais : \u00abNous subissons tous plus ou moins ce fantasme de la gouvernance par les nombres de ceux qui croient que la vie d&rsquo;une entreprise, d&rsquo;une administration voire d&rsquo;un \u00eatre humain peut parfaitement se synth\u00e9tiser par un tableau Excel. C&rsquo;est une \u0153uvre de d\u00e9shumanisation \u00e0 laquelle nous devons r\u00e9sister tout en utilisant de mani\u00e8re intelligente les d\u00e9nombrements ou les statistiques dont nous pouvons disposer. \u00bb<br \/>\n<\/span><\/p>\n<p><span style=\"color: #777777; font-family: Arial;\">Dans la Pr\u00e9face de <strong>La Dame aux Cam\u00e9lias<\/strong> (1848), Alexandre Dumas fils \u00e9crit:<br \/>\n<\/span><\/p>\n<p style=\"margin-left: 28pt;\"><span style=\"color: #c00000; font-family: Arial;\">\u00ab N&rsquo;estime l&rsquo;argent ni plus ni moins qu&rsquo;il ne vaut : c&rsquo;est un bon serviteur et un mauvais ma\u00eetre \u00bb.<br \/>\n<\/span><\/p>\n<p><span style=\"color: #777777; font-family: Arial;\">Je crois qu&rsquo;on peut remplacer le mot <strong>\u00ab l&rsquo;argent \u00bb<\/strong> par <strong>\u00ab le chiffre <\/strong>\u00bb, la formule reste juste.<br \/>\n<\/span><\/p>\n<p><span style=\"color: maroon; font-family: Arial;\">&lt;826&gt;<\/span><\/p>\n","protected":false},"excerpt":{"rendered":"<p>\u00ab&nbsp;Des chiffres et des hommes&nbsp;\u00bb R\u00e9flexions personnelles sur la grandeur et la mis\u00e8re de la quantification Mes incises r\u00e9p\u00e9t\u00e9es sur les cr\u00e9tins quantophr\u00e8nes ont conduit certains lecteurs attentifs du mot du jour \u00e0 craindre que je ne sois devenu \u00ab<\/p>\n","protected":false},"author":1,"featured_media":0,"comment_status":"closed","ping_status":"closed","sticky":false,"template":"","format":"standard","meta":{"footnotes":""},"categories":[1],"tags":[19,33],"class_list":["post-407","post","type-post","status-publish","format-standard","hentry","category-motdujour","tag-personnel","tag-quantophrenie"],"_links":{"self":[{"href":"https:\/\/lemotdujour.fr\/index.php?rest_route=\/wp\/v2\/posts\/407","targetHints":{"allow":["GET"]}}],"collection":[{"href":"https:\/\/lemotdujour.fr\/index.php?rest_route=\/wp\/v2\/posts"}],"about":[{"href":"https:\/\/lemotdujour.fr\/index.php?rest_route=\/wp\/v2\/types\/post"}],"author":[{"embeddable":true,"href":"https:\/\/lemotdujour.fr\/index.php?rest_route=\/wp\/v2\/users\/1"}],"replies":[{"embeddable":true,"href":"https:\/\/lemotdujour.fr\/index.php?rest_route=%2Fwp%2Fv2%2Fcomments&post=407"}],"version-history":[{"count":6,"href":"https:\/\/lemotdujour.fr\/index.php?rest_route=\/wp\/v2\/posts\/407\/revisions"}],"predecessor-version":[{"id":12173,"href":"https:\/\/lemotdujour.fr\/index.php?rest_route=\/wp\/v2\/posts\/407\/revisions\/12173"}],"wp:attachment":[{"href":"https:\/\/lemotdujour.fr\/index.php?rest_route=%2Fwp%2Fv2%2Fmedia&parent=407"}],"wp:term":[{"taxonomy":"category","embeddable":true,"href":"https:\/\/lemotdujour.fr\/index.php?rest_route=%2Fwp%2Fv2%2Fcategories&post=407"},{"taxonomy":"post_tag","embeddable":true,"href":"https:\/\/lemotdujour.fr\/index.php?rest_route=%2Fwp%2Fv2%2Ftags&post=407"}],"curies":[{"name":"wp","href":"https:\/\/api.w.org\/{rel}","templated":true}]}}