{"id":4026,"date":"2018-01-26T03:17:20","date_gmt":"2018-01-26T02:17:20","guid":{"rendered":"http:\/\/lemotdujour.fr\/?p=4026"},"modified":"2021-09-29T22:23:42","modified_gmt":"2021-09-29T20:23:42","slug":"vendredi-26-janvier-2018","status":"publish","type":"post","link":"https:\/\/lemotdujour.fr\/?p=4026","title":{"rendered":"Vendredi 26 janvier 2018"},"content":{"rendered":"<div class=\"mdjTexte\">\t\u00ab&nbsp;We should all be feminists Nous devrions tous \u00eatre f\u00e9ministes&nbsp;!&nbsp;\u00bb<\/div>\n<div class=\"mdjAuteur\">\tChimamanda Ngozi Adichie<\/div>\n<p><span style=\"color: #777777; font-family: Arial;\">Hier nous parlions de lynchage. Pour lutter contre les violences faites aux femmes, des personnes \u00e9gar\u00e9es ont agi de mani\u00e8re d\u00e9sordonn\u00e9e et violente engendrant d&rsquo;autres injustices.<br \/>\n<\/span><\/p>\n<p><span style=\"color: #777777; font-family: Arial;\">Mais ces exc\u00e8s, ces d\u00e9voiements ne changent rien au fond&nbsp;: une terrible violence s&rsquo;exerce \u00e0 l&rsquo;\u00e9gard du f\u00e9minin, depuis des si\u00e8cles, dans toutes les r\u00e9gions et cultures du monde, dans tous les milieux sociaux et professionnels.<br \/>\n<\/span><\/p>\n<p><span style=\"color: #777777; font-family: Arial;\">Ce sujet de l&rsquo;injustice et de violence \u00e0 l&rsquo;\u00e9gard des femmes est omnipr\u00e9sent dans mes mots du jour.<br \/>\n<\/span><\/p>\n<p><span style=\"color: #777777; font-family: Arial;\">J&rsquo;ai consacr\u00e9 d&rsquo;abord, d\u00e9but 2016 une s\u00e9rie de cinq mots du jour \u00e0 <span style=\"color: #0000ff;\"><a style=\"color: #0000ff;\" href=\"https:\/\/lemotdujour.fr\/?page_id=2537\">&lt;La violence faite aux femmes dans l&rsquo;espace public&gt;<\/a><\/span> \u00e0 la suite de la vague d&rsquo;agressions d\u00e9linquantes pour voler mais aussi \u00e0 caract\u00e8re sexuel contre des femmes qui avait \u00e9t\u00e9 perp\u00e9tr\u00e9e dans la ville de Cologne le 31 d\u00e9cembre 2015.<br \/>\n<\/span><\/p>\n<p><span style=\"color: #777777; font-family: Arial;\">Bien des fois, par la suite je suis revenu sur cette fracture fondamentale de nos soci\u00e9t\u00e9s que beaucoup peinent \u00e0 admettre, \u00e0 voir et \u00e0 comprendre.<br \/>\n<\/span><\/p>\n<p><span style=\"color: #777777; font-family: Arial;\">C&rsquo;est d&rsquo;abord dans les mots.<br \/>\n<\/span><\/p>\n<p><a href=\"https:\/\/www.youtube.com\/watch?v=mRgF5UC_fhU\"><span style=\"font-family: Arial;\"><span style=\"color: #0000ff;\">&lt;Dans une vid\u00e9o d&rsquo;une minute Catherine Arditi le montre de mani\u00e8re \u00e9vidente&gt;<\/span><\/span><\/a><span style=\"color: #777777; font-family: Arial;\"><br \/>\n<\/span><\/p>\n<p><span style=\"color: #777777; font-family: Arial;\">Il suffit de comparer les substantifs dans leur version masculine et dans leur version f\u00e9minine&nbsp;:<br \/>\n<\/span><\/p>\n<ul>\n<li><span style=\"color: #777777; font-family: Arial;\">Un courtisan, c&rsquo;est un homme que l&rsquo;on voit aupr\u00e8s du roi. Une courtisane ? C&rsquo;est une prostitu\u00e9e.<br \/>\n<\/span><\/li>\n<li><span style=\"color: #777777; font-family: Arial;\">Un entra\u00eeneur est valoris\u00e9, une entraineuse&nbsp;? C&rsquo;est une prostitu\u00e9e.<br \/>\n<\/span><\/li>\n<li><span style=\"color: #777777; font-family: Arial;\">Un professionnel, c&rsquo;est un homme qui conna\u00eet son m\u00e9tier. Une professionnelle&nbsp;? C&rsquo;est une prostitu\u00e9e.<br \/>\n<\/span><\/li>\n<li><span style=\"color: #777777; font-family: Arial;\">Un homme facile, c&rsquo;est un homme agr\u00e9able \u00e0 vivre, une femme facile&nbsp;? C&rsquo;est une prostitu\u00e9e.<br \/>\n<\/span><\/li>\n<li><span style=\"color: #777777; font-family: Arial;\">Un homme public, c&rsquo;est un homme connu, une femme publique&nbsp;? C&rsquo;est une prostitu\u00e9e.<br \/>\n<\/span><\/li>\n<\/ul>\n<p><span style=\"color: #777777; font-family: Arial;\">Nul ne peut penser que ces diff\u00e9rences soient le fruit d&rsquo;un hasard malencontreux.<br \/>\n<\/span><\/p>\n<p><span style=\"color: #777777; font-family: Arial;\">Mais si les mots traduisent une oppression, un \u00e9tat de fait, ils peuvent aussi \u00eatre le rem\u00e8de. Les outils qui d\u00e9voilent, qui racontent, qui expliquent et qui font progresser.<br \/>\n<\/span><\/p>\n<p><span style=\"color: #777777; font-family: Arial;\">C&rsquo;est l&rsquo;espoir de Chimamanda Ngozi Adichie qui est une \u00e9crivaine nig\u00e9riane, n\u00e9e en 1977.<br \/>\n<\/span><\/p>\n<p><a href=\"https:\/\/www.franceculture.fr\/emissions\/la-grande-table-2eme-partie\/la-grande-table-2eme-partie-jeudi-25-janvier-2018\"><span style=\"font-family: Arial;\"><span style=\"color: #0000ff;\">&lt;Elle est intervenue dans l&rsquo;\u00e9mission La grande Table d&rsquo;hier&gt;<\/span><\/span><\/a><span style=\"color: #777777; font-family: Arial;\"><br \/>\n<\/span><\/p>\n<p><span style=\"color: #777777; font-family: Arial;\">Dans cette \u00e9mission elle a donn\u00e9 cette d\u00e9finition du f\u00e9minisme que je partage&nbsp;:<br \/>\n<\/span><\/p>\n<p style=\"margin-left: 28pt;\"><span style=\"color: #c00000; font-family: Arial;\">\u00ab&nbsp;C&rsquo;est permettre \u00e0 chacun de vivre comme un individu \u00e0 part enti\u00e8re. C&rsquo;est \u00e9lever les petits gar\u00e7ons pour qu&rsquo;ils deviennent des \u00eatres humains, pas des \u00ab&nbsp;vrais hommes&nbsp;\u00bb&nbsp;\u00bb<br \/>\n<\/span><\/p>\n<p><a href=\"https:\/\/www.franceinter.fr\/emissions\/l-invite-de-7h50\/l-invite-de-7h50-25-janvier-2018\"><span style=\"font-family: Arial;\"><span style=\"color: #0000ff;\">&lt;Elle \u00e9tait invit\u00e9e le m\u00eame jour dans une \u00e9mission de France Inter&gt;<\/span><\/span><\/a><span style=\"color: #777777; font-family: Arial;\"><br \/>\n<\/span><\/p>\n<p><span style=\"color: #777777; font-family: Arial;\">Elle \u00e9tait de passage \u00e0 Paris parce qu&rsquo;elle a \u00e9t\u00e9 d\u00e9sign\u00e9e comme marraine de \u00ab<a href=\"https:\/\/www.lanuitdesidees.com\/fr\/\">&nbsp;<span style=\"color: #0000ff;\">La nuit des id\u00e9es<\/span>&nbsp;<\/a>\u00bb qui est ce rendez-vous d\u00e9di\u00e9 \u00e0 la pens\u00e9e contemporaine et au partage international des id\u00e9es initi\u00e9e par l&rsquo;Institut fran\u00e7ais et qui r\u00e9unit intellectuels et chercheurs. Cette ann\u00e9e, le 25 janvier, la troisi\u00e8me \u00e9dition \u00e9tait consacr\u00e9e \u00e0 \u00ab&nbsp;L&rsquo;imagination au pouvoir&nbsp;\u00bb.<br \/>\n<\/span><\/p>\n<p><a href=\"https:\/\/www.lexpress.fr\/culture\/livre\/chimamanda-ngozi-adichi-icone-feministe-est-l-ambassadrice-de-la-nuit-des-idees-2018_1979470.html\"><span style=\"font-family: Arial;\"><span style=\"color: #0000ff;\">&lt;L&rsquo;express l&rsquo;a \u00e9galement interview\u00e9&gt;<\/span><\/span><\/a><span style=\"color: #777777; font-family: Arial;\"><br \/>\n<\/span><\/p>\n<p><span style=\"color: #777777; font-family: Arial;\">Parce que cette femme africaine est devenue une ic\u00f4ne mondiale du f\u00e9minisme depuis qu&rsquo;en d\u00e9cembre 2012 elle a prononc\u00e9 une conf\u00e9rence TEDx, d&rsquo;une remarquable consistance qui ressemble un peu pour les femmes au discours que Martin Luther King a prononc\u00e9 pour les noirs \u00ab&nbsp;I have a dream&nbsp;\u00bb.<br \/>\n<\/span><\/p>\n<p><span style=\"color: #777777; font-family: Arial;\">La parole qu&rsquo;on a retenue de cette conf\u00e9rence est celle que j&rsquo;ai mise en exergue.<br \/>\n<\/span><\/p>\n<p><span style=\"color: #777777; font-family: Arial;\">Sur Internet, on apprend qu&rsquo;elle intervient dans l&rsquo;album de Beyonc\u00e9 en 2013 sur le titre Flawless dans lequel une partie de son discours We should all be feminists est utilis\u00e9.<br \/>\n<\/span><\/p>\n<p><span style=\"color: #777777; font-family: Arial;\">Vous trouverez une traduction fran\u00e7aise de cette conf\u00e9rence derri\u00e8re ce <span style=\"color: #0000ff;\"><a style=\"color: #0000ff;\" href=\"https:\/\/fr.tiny.ted.com\/talks\/chimamanda_ngozi_adichie_we_should_all_be_feminists\">&lt;Lien&gt;<\/a><\/span><br \/>\n<\/span><\/p>\n<p><span style=\"color: #777777; font-family: Arial;\">Et si vous pr\u00e9f\u00e9rez l&rsquo;\u00e9couter en version originale en anglais : <span style=\"color: #0000ff;\"><a style=\"color: #0000ff;\" href=\"https:\/\/www.youtube.com\/watch?v=hg3umXU_qWc\">We shouls all be feminists<\/a>.<\/span> Cette version est sous-titr\u00e9e en fran\u00e7ais.<\/span><\/p>\n<p><span style=\"color: #777777; font-family: Arial;\">Je n&rsquo;en tire que quelques extraits, mais je pense qu&rsquo;il est sage de lire l&rsquo;int\u00e9gralit\u00e9 de ce discours&nbsp;:<br \/>\n<\/span><\/p>\n<p style=\"margin-left: 28pt;\"><span style=\"color: #c00000; font-family: Arial;\">\u00ab&nbsp;Les hommes et les femmes sont diff\u00e9rents. Nous avons diff\u00e9rentes hormones, diff\u00e9rents organes sexuels, diff\u00e9rentes capacit\u00e9s biologiques. Les femmes peuvent enfanter, pas les hommes. En tout cas pas encore.<br \/>\n<\/span><\/p>\n<p style=\"margin-left: 28pt;\"><span style=\"color: #c00000; font-family: Arial;\">Les hommes ont de la testost\u00e9rone et sont en g\u00e9n\u00e9ral plus forts que les femmes. Il y a un peu plus de femmes que d&rsquo;hommes dans le monde, environ 52% de la population mondiale sont des femmes. Mais la plupart des positions de pouvoir et prestige sont occup\u00e9es par des hommes. La d\u00e9funte laur\u00e9ate kenyane du prix Nobel de la paix, Wangara Maathai, l&rsquo;a bien dit de fa\u00e7on simple : \u00ab Plus vous allez haut, moins il y a de femmes. \u00bb [\u2026]<br \/>\n<\/span><\/p>\n<p style=\"margin-left: 28pt;\"><span style=\"color: #c00000; font-family: Arial;\">De fa\u00e7on litt\u00e9rale, les hommes dirigent le monde et cela avait du sens il y a 1 000 ans car les \u00eatres humains vivaient alors dans un monde o\u00f9 la force physique \u00e9tait l&rsquo;attribut le plus important \u00e0 la survie. Une personne plus forte physiquement avait plus de chances de diriger et les hommes, en g\u00e9n\u00e9ral, sont plus forts physiquement. Bien s\u00fbr, il y a beaucoup d&rsquo;exceptions.<br \/>\n<\/span><\/p>\n<p style=\"margin-left: 28pt;\"><span style=\"color: #c00000; font-family: Arial;\">Mais nous vivons aujourd&rsquo;hui dans un monde tr\u00e8s diff\u00e9rent. La personne ayant le plus de chances de diriger n&rsquo;est pas la plus forte physiquement ; c&rsquo;est la plus cr\u00e9ative, la plus intelligente, la plus innovante et il n&rsquo;y a pas d&rsquo;hormones pour ces attributs. Un homme a autant de chances qu&rsquo;une femme d&rsquo;\u00eatre intelligent, d&rsquo;\u00eatre cr\u00e9atif, d&rsquo;\u00eatre innovant. Nous avons \u00e9volu\u00e9, mais il semble que nos id\u00e9es du sexe n&rsquo;ont pas \u00e9volu\u00e9.<br \/>\n<\/span><\/p>\n<p style=\"margin-left: 28pt;\"><span style=\"color: #c00000; font-family: Arial;\">[\u2026]<br \/>\n<\/span><\/p>\n<p style=\"margin-left: 28pt;\"><img loading=\"lazy\" decoding=\"async\" class=\"alignleft\" src=\"https:\/\/lemotdujour.fr\/wp-content\/uploads\/2018\/01\/012518_2207_Vendredi26j1.jpg\" alt=\"\" width=\"424\" height=\"311\" align=\"left\"><span style=\"color: #c00000; font-family: Arial;\">Je suis en col\u00e8re. Le sexe tel qu&rsquo;il fonctionne aujourd&rsquo;hui est une grave injustice. Nous devrions tous \u00eates en col\u00e8re. Ma col\u00e8re a une longue tradition d&rsquo;entra\u00eener le changement positif, mais en plus d&rsquo;\u00eatre en col\u00e8re, j&rsquo;ai aussi espoir. Car je crois profond\u00e9ment en la capacit\u00e9 des \u00eatres humains \u00e0 s&rsquo;inventer et se r\u00e9inventer pour le meilleur.<br \/>\n<\/span><\/p>\n<p style=\"margin-left: 28pt;\"><span style=\"color: #c00000; font-family: Arial;\">Le sexe compte partout dans le monde, mais je veux me concentrer sur le Nigeria et sur l&rsquo;Afrique en g\u00e9n\u00e9ral car c&rsquo;est ce que je connais et c&rsquo;est l\u00e0 que mon c\u0153ur est<strong>. Aujourd&rsquo;hui, j&rsquo;aimerais demander \u00e0 ce que nous commencions \u00e0 r\u00eaver et pr\u00e9voir un monde diff\u00e9rent, un monde plus juste, un monde d&rsquo;hommes et de femmes plus heureux et plus eux-m\u00eames. Voici comment d\u00e9marrer : nous devons \u00e9lever nos filles diff\u00e9remment. Nous devons aussi \u00e9lever nos fils diff\u00e9remment. Nous faisons beaucoup de tort aux gar\u00e7ons en les \u00e9levant ; nous \u00e9touffons l&rsquo;humanit\u00e9 des gar\u00e7ons. Nous d\u00e9finissons la masculinit\u00e9 de fa\u00e7on tr\u00e8s \u00e9troite, elle devient cette petite cage rigide et nous mettons les gar\u00e7ons dans cette cage<\/strong>. Nous apprenons aux gar\u00e7ons \u00e0 craindre la peur. Nous apprenons aux gar\u00e7ons \u00e0 craindre la faiblesse, la vuln\u00e9rabilit\u00e9. Nous leur apprenons \u00e0 cacher qui ils sont vraiment car ils doivent \u00eatre, comme on le dit au Nigeria, \u00ab des hommes durs ! \u00bb Au coll\u00e8ge, un gar\u00e7on et une fille, tous deux adolescents, ayant tous deux autant d&rsquo;argent de poche, sortiraient et on s&rsquo;attendrait \u00e0 ce que le gar\u00e7on paye toujours pour prouver sa masculinit\u00e9. Et on se demande pourquoi les gar\u00e7ons risquent plus de voler leurs parents.<br \/>\n<\/span><\/p>\n<p style=\"margin-left: 28pt;\"><span style=\"color: #c00000; font-family: Arial;\">Et si les gar\u00e7ons et les filles \u00e9taient \u00e9lev\u00e9s pour ne pas lier l&rsquo;argent \u00e0 la masculinit\u00e9 ? Et si l&rsquo;attitude n&rsquo;\u00e9tait pas \u00ab le gar\u00e7on doit payer \u00bb mais plut\u00f4t \u00ab celui qui a le plus d&rsquo;argent doit payer \u00bb ? Bien s\u00fbr, du fait de cet avantage historique, ce sont surtout des hommes qui auront plus d&rsquo;argent, mais si nous commen\u00e7ons \u00e0 \u00e9lever nos enfants diff\u00e9remment, dans 50 ou 100 ans, les gar\u00e7ons n&rsquo;auront plus la pression de devoir prouver leur masculinit\u00e9. De loin la pire chose que nous faisons aux hommes, en leur donnant l&rsquo;impression de devoir \u00eatre durs, est de les laisser avec des egos tr\u00e8s fragiles. Plus un homme croit devoir \u00eatre \u00ab dur \u00bb, plus son ego est faible.<br \/>\n<\/span><\/p>\n<p style=\"margin-left: 28pt;\"><span style=\"color: #c00000; font-family: Arial;\">Nous faisons encore plus de tort aux filles car nous les \u00e9levons pour restaurer l&rsquo;ego fragile des hommes. Nous apprenons aux filles \u00e0 se r\u00e9tr\u00e9cir, \u00e0 se diminuer, nous disons aux filles : \u00ab Tu peux avoir de l&rsquo;ambition, mais pas trop. \u00bb<br \/>\n<\/span><\/p>\n<p style=\"margin-left: 28pt;\"><span style=\"color: #c00000; font-family: Arial;\">\u00ab Tu devrais avoir pour objectif de r\u00e9ussir, mais pas trop sinon tu menacerais l&rsquo;homme. \u00bb Si tu es le gagne-pain dans ta relation avec un homme, tu dois pr\u00e9tendre ne pas l&rsquo;\u00eatre, surtout en public, sinon tu vas l&rsquo;\u00e9masculer. Et si nous remettions en question le postulat ? Pourquoi le succ\u00e8s d&rsquo;une femme devrait-il menacer un homme ? Et si nous d\u00e9cidions de nous d\u00e9barrasser de ce mot ? Je ne crois pas qu&rsquo;il y ait un mot que j&rsquo;appr\u00e9cie moins qu&rsquo;\u00ab \u00e9masculation \u00bb.<br \/>\n<\/span><\/p>\n<p style=\"margin-left: 28pt;\"><span style=\"color: #c00000; font-family: Arial;\">[\u2026]<br \/>\n<\/span><\/p>\n<p style=\"margin-left: 28pt;\"><span style=\"color: #c00000; font-family: Arial;\">Au Nigeria, les hommes et les femmes diront &#8212; c&rsquo;est une expression qui m&rsquo;amuse beaucoup &#8212; \u00ab Je l&rsquo;ai fait pour avoir la paix dans mon mariage. \u00bb Quand les hommes le disent, il s&rsquo;agit en g\u00e9n\u00e9ral de quelque chose qu&rsquo;ils ne sont pas cens\u00e9s faire.<br \/>\n<\/span><\/p>\n<p style=\"margin-left: 28pt;\"><span style=\"color: #c00000; font-family: Arial;\">Ils le disent parfois \u00e0 leurs amis, ils le disent \u00e0 leurs amis d&rsquo;une fa\u00e7on profond\u00e9ment exasp\u00e9r\u00e9e, qui, ultimement, prouve leur masculinit\u00e9, qu&rsquo;ils sont n\u00e9cessaires, aim\u00e9s. \u00ab Ma femme m&rsquo;a dit de ne pas sortir tous les soirs. Pour la paix dans mon mariage, je ne sors que le week-end. \u00bb<br \/>\n<\/span><\/p>\n<p style=\"margin-left: 28pt;\"><span style=\"color: #c00000; font-family: Arial;\">Quand une femme dit \u00ab Je l&rsquo;ai fait pour avoir la paix dans mon mariage \u00bb, elle parle souvent de laisser tomber un emploi, un r\u00eave, une carri\u00e8re. Nous apprenons aux femmes que dans les relations, les femmes font des compromis. Nous apprenons aux filles \u00e0 se consid\u00e9rer comme rivales &#8212; pas pour un emploi, des accomplissements, ce qui peut \u00eatre positif, mais pour l&rsquo;attention des hommes. Nous leur apprenons qu&rsquo;elles ne peuvent pas \u00eatre sexu\u00e9es comme les gar\u00e7ons. Avoir connaissance des copines de nos gar\u00e7ons n&rsquo;est pas g\u00eanant. Mais les copains de nos filles ? Dieu nous en pr\u00e9serve.<br \/>\n<\/span><\/p>\n<p style=\"margin-left: 28pt;\"><span style=\"color: #c00000; font-family: Arial;\">[\u2026]<br \/>\n<\/span><\/p>\n<p style=\"margin-left: 28pt;\"><span style=\"color: #c00000; font-family: Arial;\">Je veux \u00eatre respect\u00e9e dans toute ma f\u00e9minit\u00e9 parce que je le m\u00e9rite. Le sexe n&rsquo;est pas une conversation facile. Pour les hommes et les femmes, aborder le sexe est parfois re\u00e7u avec une r\u00e9sistance imm\u00e9diate.<br \/>\n<\/span><\/p>\n<p style=\"margin-left: 28pt;\"><span style=\"color: #c00000; font-family: Arial;\">[\u2026]<br \/>\n<\/span><\/p>\n<p style=\"margin-left: 28pt;\"><span style=\"color: #c00000; font-family: Arial;\">Je suis une f\u00e9ministe. Quand j&rsquo;ai cherch\u00e9 le mot dans le dictionnaire ce jour-l\u00e0, voici ce que cela disait : \u00ab F\u00e9ministe : une personne qui croit en l&rsquo;\u00e9galit\u00e9 sociale, politique et \u00e9conomique des sexes. \u00bb Mon arri\u00e8re-grand-m\u00e8re, de ce que j&rsquo;en ai entendu, \u00e9tait une f\u00e9ministe. Elle a fui la maison de l&rsquo;homme qu&rsquo;elle ne voulait pas \u00e9pouser et a fini par \u00e9pouser l&rsquo;homme de son choix. Elle a refus\u00e9, protest\u00e9, s&rsquo;est exprim\u00e9e quand elle se sentait priv\u00e9e d&rsquo;un acc\u00e8s, d&rsquo;un terrain, ce genre de choses.<br \/>\n<\/span><\/p>\n<p style=\"margin-left: 28pt;\"><span style=\"color: #c00000; font-family: Arial;\">Mon arri\u00e8re-grand-m\u00e8re ne connaissait pas le mot \u00ab f\u00e9ministe \u00bb mais cela ne veut pas dire qu&rsquo;elle n&rsquo;en \u00e9tait pas une. Nous devrions \u00eatre plus nombreux \u00e0 reconqu\u00e9rir ce mot. Ma propre d\u00e9finition de f\u00e9ministe est : \u00ab Un f\u00e9ministe est un homme ou une femme qui dit : \u00ab <strong>Oui, il y a actuellement un probl\u00e8me avec le sexe et nous devons y rem\u00e9dier. Nous devons faire mieux<\/strong>. \u00bb Le meilleur f\u00e9ministe que je connais est mon fr\u00e8re Kene. C&rsquo;est aussi un homme gentil, beau et adorable et il est tr\u00e8s masculin.&nbsp;\u00bb<br \/>\n<\/span><\/p>\n<p><span style=\"color: #777777; font-family: Arial;\">Chimamanda Ngozi Adichie est une femme d&rsquo;une intelligence rare, d&rsquo;une humanit\u00e9 irradiante.<br \/>\n<\/span><\/p>\n<p><span style=\"color: #777777; font-family: Arial;\">Dans l&rsquo;\u00e9mission de France Inter elle a dit&nbsp;:<br \/>\n<\/span><\/p>\n<p style=\"margin-left: 28pt;\"><span style=\"color: #c00000; font-family: Arial;\"> \u00ab&nbsp;Aux gar\u00e7ons [\u2026] Il faut donner les mots de l&rsquo;\u00e9motion, il faut les autoriser \u00e0 \u00eatre vuln\u00e9rable.&nbsp;\u00bb<br \/>\n<\/span><\/p>\n<p><span style=\"color: #777777; font-family: Arial;\">On a appris aux jeunes gar\u00e7ons&nbsp;: \u00ab&nbsp;Sois un homme&nbsp;\u00bb, ce qui signifie&nbsp;: \u00ab&nbsp;Ne pleure pas, ne montre pas ton \u00e9motion&nbsp;\u00bb.<br \/>\n<\/span><\/p>\n<p><span style=\"color: #777777; font-family: Arial;\">Alors qu&rsquo;il faudrait leur apprendre les mots du P\u00e8re de Camus&nbsp;: \u00ab&nbsp;<span style=\"color: #0000ff;\"><a style=\"color: #0000ff;\" href=\"https:\/\/lemotdujour.fr\/?p=3245\">Un homme \u00e7a s&#8217;emp\u00eache<\/a><\/span>&nbsp;\u00bb.<br \/>\n<\/span><\/p>\n<p><span style=\"color: #777777; font-family: Arial;\">Et dans cette expression, l&rsquo;homme signifie \u00ab&nbsp;l&rsquo;humain&nbsp;\u00bb, pas seulement les m\u00e2les de l&rsquo;esp\u00e8ce<br \/>\n<\/span><\/p>\n<p><span style=\"color: #777777; font-family: Arial;\">Chimamanda Ngozi Adichie dispose d&rsquo;un site internet&nbsp;: <span style=\"color: #0000ff;\"><a style=\"color: #0000ff;\" href=\"https:\/\/www.chimamanda.com\/\">https:\/\/www.chimamanda.com\/<\/a><\/span><br \/>\n<\/span><\/p>\n<p><span style=\"color: #800000; font-family: Arial;\">&lt;1005&gt;<\/span><\/p>\n","protected":false},"excerpt":{"rendered":"<p>\u00ab&nbsp;We should all be feminists Nous devrions tous \u00eatre f\u00e9ministes&nbsp;!&nbsp;\u00bb Chimamanda Ngozi Adichie Hier nous parlions de lynchage. Pour lutter contre les violences faites aux femmes, des personnes \u00e9gar\u00e9es ont agi de mani\u00e8re d\u00e9sordonn\u00e9e et violente engendrant d&rsquo;autres injustices. Mais<\/p>\n","protected":false},"author":1,"featured_media":0,"comment_status":"open","ping_status":"closed","sticky":false,"template":"","format":"standard","meta":{"footnotes":""},"categories":[1],"tags":[73,36,9],"class_list":["post-4026","post","type-post","status-publish","format-standard","hentry","category-motdujour","tag-afrique","tag-feminisme","tag-litterature"],"_links":{"self":[{"href":"https:\/\/lemotdujour.fr\/index.php?rest_route=\/wp\/v2\/posts\/4026","targetHints":{"allow":["GET"]}}],"collection":[{"href":"https:\/\/lemotdujour.fr\/index.php?rest_route=\/wp\/v2\/posts"}],"about":[{"href":"https:\/\/lemotdujour.fr\/index.php?rest_route=\/wp\/v2\/types\/post"}],"author":[{"embeddable":true,"href":"https:\/\/lemotdujour.fr\/index.php?rest_route=\/wp\/v2\/users\/1"}],"replies":[{"embeddable":true,"href":"https:\/\/lemotdujour.fr\/index.php?rest_route=%2Fwp%2Fv2%2Fcomments&post=4026"}],"version-history":[{"count":8,"href":"https:\/\/lemotdujour.fr\/index.php?rest_route=\/wp\/v2\/posts\/4026\/revisions"}],"predecessor-version":[{"id":12314,"href":"https:\/\/lemotdujour.fr\/index.php?rest_route=\/wp\/v2\/posts\/4026\/revisions\/12314"}],"wp:attachment":[{"href":"https:\/\/lemotdujour.fr\/index.php?rest_route=%2Fwp%2Fv2%2Fmedia&parent=4026"}],"wp:term":[{"taxonomy":"category","embeddable":true,"href":"https:\/\/lemotdujour.fr\/index.php?rest_route=%2Fwp%2Fv2%2Fcategories&post=4026"},{"taxonomy":"post_tag","embeddable":true,"href":"https:\/\/lemotdujour.fr\/index.php?rest_route=%2Fwp%2Fv2%2Ftags&post=4026"}],"curies":[{"name":"wp","href":"https:\/\/api.w.org\/{rel}","templated":true}]}}