{"id":4019,"date":"2018-01-25T03:31:13","date_gmt":"2018-01-25T02:31:13","guid":{"rendered":"http:\/\/lemotdujour.fr\/?p=4019"},"modified":"2021-09-29T22:07:17","modified_gmt":"2021-09-29T20:07:17","slug":"jeudi-25-janvier-2018","status":"publish","type":"post","link":"https:\/\/lemotdujour.fr\/?p=4019","title":{"rendered":"Jeudi 25 janvier 2018"},"content":{"rendered":"<div class=\"mdjTexte\">\t\u00ab&nbsp;Le premier porc&nbsp;\u00bb<\/div>\n<div class=\"mdjAuteur\">\tLa journaliste Sandra Muller d\u00e9signant ainsi Eric Brion pour inaugurer un hashtag qui va avoir une \u00e9norme r\u00e9sonance sur les r\u00e9seaux sociaux.<\/div>\n<p><span style=\"color: #777777; font-family: Arial;\">Le 13 octobre 2017, j&rsquo;avais pouss\u00e9 l&rsquo;\u00e9gocentrisme jusqu&rsquo;\u00e0 \u00e9crire comme mot du jour <span style=\"color: #0000ff;\"><a style=\"color: #0000ff;\" href=\"https:\/\/lemotdujour.fr\/?p=3331\">\u00ab&nbsp;un anniversaire&nbsp;\u00bb<\/a><\/span> et \u00e0 disserter sur cet \u00e9v\u00e8nement annuel le jour de mes 59 ans. Mais mon mot du jour n&rsquo;enflamma pas les r\u00e9seaux sociaux.<br \/>\n<\/span><\/p>\n<p><span style=\"color: #777777; font-family: Arial;\">En revanche, le 13 octobre 2017 fut le jour de naissance du hashtag&nbsp; \u00ab&nbsp;balance ton porc&nbsp;\u00bb, ce qui s&rsquo;\u00e9crit sur les r\u00e9seaux sociaux de la mani\u00e8re suivante \u00ab&nbsp;<strong>#balancetonporc<\/strong>&nbsp;\u00bb qui lui parvint \u00e0 cette fin.<br \/>\n<\/span><\/p>\n<p><span style=\"color: #777777; font-family: Arial;\">C&rsquo;est la journaliste Sandra Muller qui l&rsquo;a cr\u00e9\u00e9 sur twitter. Avec #balancetonporc, elle souhaitait encourager les femmes victimes de harc\u00e8lement sexuel \u00e0 d\u00e9noncer leur agresseur.<br \/>\n<\/span><\/p>\n<p><span style=\"color: #777777; font-family: Arial;\">Mais pour inaugurer ce nouveau concept, il fallait qu&rsquo;elle en d\u00e9signe un.<br \/>\n<\/span><\/p>\n<p><span style=\"color: #777777; font-family: Arial;\">Et c&rsquo;est ainsi qu&rsquo;il y eut un premier porc sur les r\u00e9seaux fran\u00e7ais.<br \/>\n<\/span><\/p>\n<p><span style=\"color: #777777; font-family: Arial;\">L&rsquo;hebdomadaire \u00ab&nbsp;Le Point&nbsp;\u00bb s&rsquo;est int\u00e9ress\u00e9 \u00e0 ce \u00ab&nbsp;phacoch\u00e8re domestique&nbsp;\u00bb et a publi\u00e9 un article <span style=\"color: #0000ff;\"><a style=\"color: #0000ff;\" href=\"http:\/\/www.lepoint.fr\/actualites-lepoint\/l-edifiante-histoire-du-premier-porc-17-01-2018-2187540_2533.php\">\u00ab&nbsp;L&rsquo;\u00e9difiante histoire du premier \u00ab&nbsp;porc&nbsp;\u00bb&nbsp;<\/a>\u00bb<\/span><br \/>\n<\/span><\/p>\n<p><span style=\"color: #777777; font-family: Arial;\">En effet, ce premier porc poss\u00e8de un nom social et patronymique&nbsp;:&nbsp;\u00ab&nbsp;Brion&nbsp;\u00bb et un pr\u00e9nom \u00ab&nbsp;Eric&nbsp;\u00bb<br \/>\n<\/span><\/p>\n<p><span style=\"color: #777777; font-family: Arial;\">Je vous propose dans ce mot du jour de vous int\u00e9resser \u00e0 ce porc et m\u00eame, peut \u00eatre, avoir de la compassion pour lui.<br \/>\n<\/span><\/p>\n<p><span style=\"color: #777777; font-family: Arial;\">Nous sommes donc le 13 octobre et tous les m\u00e9dias parlent de l&rsquo;affaire Weinstein et de ses suites.<br \/>\n<\/span><\/p>\n<p><span style=\"color: #777777; font-family: Arial;\">On parle de la lib\u00e9ration de la parole des femmes et des comportements inacceptables des hommes \u00e0 l&rsquo;\u00e9gard des femmes, dans tous les milieux sociaux et professionnels.<br \/>\n<\/span><\/p>\n<p><span style=\"color: #777777; font-family: Arial;\">Beaucoup disent, \u00e0 juste titre, qu&rsquo;il faut que \u00e7a cesse&nbsp;!<br \/>\n<\/span><\/p>\n<p><span style=\"color: #777777; font-family: Arial;\">Dans ce contexte, la journaliste Sandra Muller prend une initiative sur twitter&nbsp;:<br \/>\n<\/span><\/p>\n<ul>\n<li><span style=\"color: #777777; font-family: Arial;\">Elle invente le hashtag&nbsp; \u00ab&nbsp;balance ton porc&nbsp;\u00bb<br \/>\n<\/span><\/li>\n<li><span style=\"color: #777777; font-family: Arial;\">D\u00e9signe son porc&nbsp;: Eric Brion<br \/>\n<\/span><\/li>\n<li><span style=\"color: #777777; font-family: Arial;\">Et raconte ce que ce porc a fait&nbsp;: il lui a dit un soir, alors qu&rsquo;il \u00e9tait \u00e9m\u00e9ch\u00e9&nbsp;: \u00ab Tu as de gros seins. Tu es mon type de femme. Je vais te faire jouir toute la nuit. \u00bb. Ce qui n&rsquo;est ni \u00e9l\u00e9gant, ni fin, ni malin, ni bienveillant, ni rien \u2026seulement tr\u00e8s vulgaire.<br \/>\n<\/span><\/li>\n<li><span style=\"color: #777777; font-family: Arial;\">Puis toujours avec ce hashtag \u00ab #balancetonporc &nbsp;\u00bb elle invite celles qui la lise de faire de m\u00eame&nbsp;: \u00ab&nbsp;toi aussi raconte en donnant le nom et les d\u00e9tails un harc\u00e8lement sexuel que tu as connu dans ton boulot. Je vous attends \u00bb<br \/>\n<\/span><\/li>\n<\/ul>\n<p><span style=\"color: #777777; font-family: Arial;\">Cette invitation aura un grand succ\u00e8s, la parole sera lib\u00e9r\u00e9e, totalement libre, follement libre.<br \/>\n<\/span><\/p>\n<p><span style=\"color: #777777; font-family: Arial;\">Le mot du jour du <a href=\"https:\/\/lemotdujour.fr\/?p=3517\"><span style=\"color: #0070c0;\"><span style=\"color: #0000ff;\">17 novembre 2017<\/span><\/span><\/a> aura pour exergue&nbsp;: \u00ab&nbsp;<strong>C&rsquo;est l&rsquo;\u00e9poque qui veut \u00e7a<\/strong>.&nbsp;\u00bb. Cette R\u00e9flexion est la r\u00e9ponse d&rsquo;une journaliste qui avait r\u00e9clam\u00e9 avec insistance \u00e0 Nicolas Bedos de lui donner le nom d&rsquo;un homme ayant d\u00e9rap\u00e9 un jour avec une femme, devant le refus et m\u00eame l&rsquo;agacement de ce dernier.<br \/>\n<\/span><\/p>\n<p><span style=\"color: #777777; font-family: Arial;\">Le porc en question, le 13 octobre, est en train d&rsquo;accrocher guirlandes et ballons pour l&rsquo;anniversaire de sa fille cadette quand un ami lui signale le tweet. Le Point raconte alors&nbsp;:<br \/>\n<\/span><\/p>\n<p style=\"margin-left: 28pt;\"><span style=\"color: #c00000; font-family: Arial;\">\u00ab&nbsp;Tout \u00e0 son joyeux \u00e9v\u00e9nement familial, Brion ne pr\u00eate au d\u00e9part \u00e0 l&rsquo;affaire qu&rsquo;une attention distraite&#8230; Puis, les heures passant, il d\u00e9couvre peu \u00e0 peu, abasourdi, les innombrables reprises sur Twitter, sur Facebook, les insultes qui commencent \u00e0 pleuvoir et il mesure enfin, avec effroi, la force inou\u00efe de l&#8217;emballement viral. La machine est en route, impossible \u00e0 stopper. Il contacte Sandra Muller, sans succ\u00e8s. Peine \u00e0 se souvenir de la date exacte du cocktail cannois durant lequel, ivre, il lui tint ces propos. \u00ab Je sais seulement que nous avions ensuite \u00e9chang\u00e9 sur Messenger et que, d\u00e9sol\u00e9, je lui avais pr\u00e9sent\u00e9 mes excuses \u00bb, dit-il dans le caf\u00e9 o\u00f9 il a accept\u00e9, apr\u00e8s mille r\u00e9ticences, de nous rencontrer, exigeant que la conversation soit enregistr\u00e9e. \u00ab Cela va sans doute passer, mais je suis pour le moment dans un \u00e9tat de grande parano\u00efa. Je ne veux pas que mes phrases soient d\u00e9tourn\u00e9es, transform\u00e9es. \u00bb<br \/>\n<\/span><\/p>\n<p><span style=\"color: #777777; font-family: Arial;\">Et le Point d\u00e9crit le d\u00e9chainement contre cet homme qui un jour, ivre, a \u00e9t\u00e9 grossier et stupide. Il lui donne la parole&nbsp;:<br \/>\n<\/span><\/p>\n<p style=\"margin-left: 28pt;\"><span style=\"color: #c00000; font-family: Arial;\">\u00ab&nbsp;Durant ces quelques semaines o\u00f9 cette affaire a tourn\u00e9 en boucle partout, seuls deux m\u00e9dias ont pris la peine de m&rsquo;appeler pour avoir ma version des faits. Il \u00e9tait pourtant facile de v\u00e9rifier certaines informations, comme le fait que <strong>je n&rsquo;avais jamais travaill\u00e9 avec Sandra Muller.<\/strong> Certains ont \u00e9t\u00e9 prudents, mais beaucoup ont donn\u00e9 mon nom ou m&rsquo;ont d\u00e9sign\u00e9 par mes anciennes fonctions, ce qui me rend ais\u00e9ment reconnaissable. Quoi que je fasse, la \u00ab tache \u00bb est l\u00e0, donc&#8230; \u00bb Des photos de lui grim\u00e9 en porc circulent, \u00c9ric Brion voit commenter son physique ou ses capacit\u00e9s sexuelles dans des tweets ou des posts Facebook qui n&rsquo;ont pas grand-chose \u00e0 envier, sur l&rsquo;\u00e9chelle de la vulgarit\u00e9, \u00e0 ses propres propos. ll s&rsquo;astreint, malgr\u00e9 la col\u00e8re, \u00e0 ne pas r\u00e9pondre, \u00e0 ne pas entrer dans la m\u00eal\u00e9e d\u00e9lirante des r\u00e9seaux sociaux, et ne publie qu&rsquo;un droit de r\u00e9ponse, le 16 novembre, dans L&rsquo;Obs, qui l&rsquo;avait \u00e0 tort d\u00e9sign\u00e9 un mois plus t\u00f4t comme l&rsquo;\u00ab ancien patron \u00bb de Sandra Muller. \u00ab De toute fa\u00e7on, quoi que je dise, cela allait se retourner contre moi. Et, pour ma famille, je ne voulais pas m&rsquo;exposer plus encore. \u00bb<br \/>\n<\/span><\/p>\n<p style=\"margin-left: 28pt;\"><span style=\"color: #c00000; font-family: Arial;\">\u00c0 poil devant le monde entier, devant ses proches, surtout, qui ont brutalement acc\u00e8s \u00e0 cette part de lui-m\u00eame, sa sexualit\u00e9, qu&rsquo;on ne d\u00e9voile \u00e9videmment jamais en famille, il n&rsquo;ose bouger de peur de focaliser \u00e0 nouveau l&rsquo;attention sur lui et assiste impuissant \u00e0 son lynchage virtuel. Il est nu devant sa s\u0153ur. Ses vieux parents. Ses deux filles, qu&rsquo;il tente comme il peut de pr\u00e9server de cette violence symbolique terrible que peut constituer l&rsquo;exposition aux d\u00e9tails d&rsquo;une sexualit\u00e9 paternelle. \u00ab J&rsquo;ai tout de suite pens\u00e9 \u00e0 ses filles, dit son amie la productrice Alexia Laroche-Joubert. Je connais suffisamment de cas autour de moi pour savoir que le harc\u00e8lement sexuel est une r\u00e9alit\u00e9 et pour approuver que la parole des femmes se lib\u00e8re. Mais pas comme \u00e7a. Les propos d&rsquo;\u00c9ric sont d&rsquo;une incroyable goujaterie, mais Sandra Muller et lui n&rsquo;avaient aucun lien de d\u00e9pendance professionnelle. Et puis, <strong>dans un tribunal, on peut se d\u00e9fendre, mais Twitter, ce sont des arm\u00e9es invisibles contre lesquelles on ne peut rien. \u00bb<br \/>\n<\/strong><\/span><\/p>\n<p><span style=\"color: #777777; font-family: Arial;\">Cette campagne contre lui va avoir des cons\u00e9quences imm\u00e9diates&nbsp;:<br \/>\n<\/span><\/p>\n<p style=\"margin-left: 28pt;\"><span style=\"color: #c00000; font-family: Arial;\">\u00ab&nbsp;\u00c0 l&rsquo;automne 2017, apr\u00e8s une carri\u00e8re \u00e0 France T\u00e9l\u00e9visions puis au PMU et \u00e0 la t\u00eate de la cha\u00eene Equidia, \u00c9ric Brion \u00e9tait consultant ind\u00e9pendant pour plusieurs m\u00e9dias, en m\u00eame temps qu&rsquo;en recherche d&#8217;emploi. \u00c0 partir du 13 octobre, une \u00e0 une, les trois missions qu&rsquo;il menait ont \u00e9t\u00e9 annul\u00e9es ou non reconduites : il n&rsquo;a plus de travail. Il \u00e9tait membre d&rsquo;un jury : son nom en a \u00e9t\u00e9 radi\u00e9. Peu \u00e0 peu, tous les rendez-vous programm\u00e9s dans le cadre de sa recherche d&#8217;emploi ont \u00e9t\u00e9, les uns apr\u00e8s les autres, annul\u00e9s ou report\u00e9s sous divers pr\u00e9textes. Il a 51 ans et son agenda est vide. Il dort mal. Ne sait plus comment envisager son avenir professionnel. Se mord les l\u00e8vres en \u00e9voquant la mani\u00e8re dont ses vieux parents ont \u00e9t\u00e9 touch\u00e9s par cette affaire. \u00ab Je suis bien entour\u00e9, j&rsquo;ai eu la chance de pouvoir partir \u00e0 l&rsquo;\u00e9tranger pour prendre du recul, mais songe-t-on \u00e0 l&rsquo;effet que peut produire ce genre de d\u00e9ferlement sur une personnalit\u00e9 fragile ? Je me suis beaucoup interrog\u00e9 sur moi. \u00bb<br \/>\n<\/span><\/p>\n<p><span style=\"color: #777777; font-family: Arial;\">Le journaliste du Point pr\u00e9cise deux \u00e9l\u00e9ments, essentiels&nbsp;:<br \/>\n<\/span><\/p>\n<ul style=\"margin-left: 64pt;\">\n<li><span style=\"color: #c00000; font-family: Arial;\">\u00c9ric Brion n&rsquo;a jamais travaill\u00e9 avec Sandra Muller, ce qui rend le rapprochement de ses propos avec l&rsquo;affaire Weinstein litt\u00e9ralement hors sujet.<br \/>\n<\/span><\/li>\n<li><span style=\"color: #c00000; font-family: Arial;\">Et il n&rsquo;a pas r\u00e9it\u00e9r\u00e9 ses avances, stoppant net aussit\u00f4t que Sandra Muller lui signifia son refus, contexte qu&rsquo;elle-m\u00eame ne nie pas et qui rend l\u00e0 encore l&rsquo;id\u00e9e d&rsquo;un \u00ab harc\u00e8lement \u00bb sujet \u00e0 caution. Pourtant, sur les sites d&rsquo;information de la plupart des grands m\u00e9dias qui reprennent le tweet, ces pr\u00e9cisions utiles sont pass\u00e9es \u00e0 la trappe. \u00ab Cela fait vingt-cinq ans que je travaille dans les m\u00e9dias mais je ne suis pas journaliste, et loin de moi l&rsquo;id\u00e9e de donner des le\u00e7ons d&rsquo;\u00e9thique journalistique ni surtout de me faire passer pour une victime. Mais j&rsquo;ai tout de m\u00eame \u00e9t\u00e9 surpris&#8230;<br \/>\n<\/span><\/li>\n<\/ul>\n<p><span style=\"color: #777777; font-family: Arial;\">Sandra Muller a \u00e9t\u00e9 adoub\u00e9e \u00ab silent breaker \u00bb (briseuse de silence) par Time en d\u00e9cembre, re\u00e7ue par la ministre Marl\u00e8ne Schiappa, Sandra Muller, dont le mouvement a pris une ampleur consid\u00e9rable et qui est en train de d\u00e9poser les statuts d&rsquo;une association d&rsquo;aide aux victimes, justifie a posteriori le fait d&rsquo;avoir donn\u00e9 le nom d&rsquo;\u00c9ric Brion par le nombre de t\u00e9moignages similaires le concernant re\u00e7us par la suite.<br \/>\n<\/span><\/p>\n<p style=\"margin-left: 28pt;\"><span style=\"color: #c00000; font-family: Arial;\">\u00ab Si je ne l&rsquo;avais pas fait, personne n&rsquo;aurait os\u00e9 le signaler, s&#8217;emporte-t-elle. J&rsquo;ai lev\u00e9 un li\u00e8vre. \u00bb<br \/>\n<\/span><\/p>\n<p><span style=\"color: #777777; font-family: Arial;\">Lever un li\u00e8vre, c&rsquo;est un terme de chasse, non de justice.<br \/>\n<\/span><\/p>\n<p><span style=\"color: #777777; font-family: Arial;\">Un combat peut \u00eatre juste et pourtant se pervertir dans des batailles incertaines et naus\u00e9abondes qui le salissent tout en faisant de grands d\u00e9g\u00e2ts et en semant, \u00e0 la fin, l&rsquo;injustice.<br \/>\n<\/span><\/p>\n<p><span style=\"color: #777777; font-family: Arial;\">Un des livres de chevet d&rsquo;Eric Brion est \u00ab&nbsp;<a href=\"https:\/\/fr.wikipedia.org\/wiki\/La_Tache\"><span style=\"color: #0000ff;\">La t\u00e2che<\/span>&nbsp;<\/a>\u00bb de Philip Roth dont Marc, dans un message priv\u00e9, m&rsquo;a dit le plus grand bien apr\u00e8s le mot du jour qui \u00e9voquait ce grand auteur am\u00e9ricain.<br \/>\n<\/span><\/p>\n<p><span style=\"color: #777777; font-family: Arial;\"><span style=\"color: #800000;\">&lt;1004&gt;<\/span><br \/>\n<\/span><\/p>\n<p><span style=\"color: #777777; font-family: Arial;\"><br \/>\n<\/span><\/p>\n","protected":false},"excerpt":{"rendered":"<p>\u00ab&nbsp;Le premier porc&nbsp;\u00bb La journaliste Sandra Muller d\u00e9signant ainsi Eric Brion pour inaugurer un hashtag qui va avoir une \u00e9norme r\u00e9sonance sur les r\u00e9seaux sociaux. Le 13 octobre 2017, j&rsquo;avais pouss\u00e9 l&rsquo;\u00e9gocentrisme jusqu&rsquo;\u00e0 \u00e9crire comme mot du jour \u00ab&nbsp;un anniversaire&nbsp;\u00bb<\/p>\n","protected":false},"author":1,"featured_media":0,"comment_status":"open","ping_status":"closed","sticky":false,"template":"","format":"standard","meta":{"footnotes":""},"categories":[1],"tags":[51,14,7],"class_list":["post-4019","post","type-post","status-publish","format-standard","hentry","category-motdujour","tag-justice","tag-recit","tag-societe"],"_links":{"self":[{"href":"https:\/\/lemotdujour.fr\/index.php?rest_route=\/wp\/v2\/posts\/4019","targetHints":{"allow":["GET"]}}],"collection":[{"href":"https:\/\/lemotdujour.fr\/index.php?rest_route=\/wp\/v2\/posts"}],"about":[{"href":"https:\/\/lemotdujour.fr\/index.php?rest_route=\/wp\/v2\/types\/post"}],"author":[{"embeddable":true,"href":"https:\/\/lemotdujour.fr\/index.php?rest_route=\/wp\/v2\/users\/1"}],"replies":[{"embeddable":true,"href":"https:\/\/lemotdujour.fr\/index.php?rest_route=%2Fwp%2Fv2%2Fcomments&post=4019"}],"version-history":[{"count":5,"href":"https:\/\/lemotdujour.fr\/index.php?rest_route=\/wp\/v2\/posts\/4019\/revisions"}],"predecessor-version":[{"id":12311,"href":"https:\/\/lemotdujour.fr\/index.php?rest_route=\/wp\/v2\/posts\/4019\/revisions\/12311"}],"wp:attachment":[{"href":"https:\/\/lemotdujour.fr\/index.php?rest_route=%2Fwp%2Fv2%2Fmedia&parent=4019"}],"wp:term":[{"taxonomy":"category","embeddable":true,"href":"https:\/\/lemotdujour.fr\/index.php?rest_route=%2Fwp%2Fv2%2Fcategories&post=4019"},{"taxonomy":"post_tag","embeddable":true,"href":"https:\/\/lemotdujour.fr\/index.php?rest_route=%2Fwp%2Fv2%2Ftags&post=4019"}],"curies":[{"name":"wp","href":"https:\/\/api.w.org\/{rel}","templated":true}]}}