{"id":4003,"date":"2018-01-24T03:21:11","date_gmt":"2018-01-24T02:21:11","guid":{"rendered":"http:\/\/lemotdujour.fr\/?p=4003"},"modified":"2021-10-17T11:22:08","modified_gmt":"2021-10-17T09:22:08","slug":"mercredi-24-janvier-2018","status":"publish","type":"post","link":"https:\/\/lemotdujour.fr\/?p=4003","title":{"rendered":"Mercredi 24 janvier 2018"},"content":{"rendered":"<div class=\"mdjTexte\">\u00ab\u00a0Qu\u2019est-ce qui s\u2019\u00e9tait pass\u00e9 depuis dix ans pour qu\u2019il y ait soudain tant de choses \u00e0 dire, \u00e0 dire de si urgent que \u00e7\u00e0 ne pouvait pas attendre ?\u00a0\u00bb<\/div>\n<div class=\"mdjAuteur\">Philip Roth, dans son livre \u00ab\u00a0<span style=\"color: #0000ff;\"><a style=\"color: #0000ff;\" href=\"https:\/\/www.lexpress.fr\/culture\/livre\/exit-le-fantome_835326.html\">Exit le Fant\u00f4me<\/a><\/span>\u00a0\u00bb<\/div>\n<p><span style=\"color: #777777; font-family: Arial;\">J&rsquo;\u00e9voquais dans le milli\u00e8me mot ma perception de l&rsquo;incommensurabilit\u00e9 de mon ignorance. Philip Roth est selon plusieurs commentateurs un des plus grands \u00e9crivains vivants, or je n&rsquo;ai jamais rien lu de cet auteur.<br \/>\n<\/span><\/p>\n<p><span style=\"color: #777777; font-family: Arial;\">C&rsquo;est encore Alain Finkielkraut qui a cit\u00e9 \u00e0 deux reprises un extrait d&rsquo;un de ses livres\u00a0: \u00ab\u00a0<strong>Exit le Fant\u00f4me<\/strong>\u00a0\u00bb.<br \/>\n<\/span><\/p>\n<p><span style=\"color: #777777; font-family: Arial;\">Cet extrait \u00e9voque cet incroyable \u00e9volution de notre monde o\u00f9 tout le monde poss\u00e8de un t\u00e9l\u00e9phone portable et surtout o\u00f9 un nombre incroyablement important de personnes trouvent normal de t\u00e9l\u00e9phoner \u00e0 tout moment et de r\u00e9v\u00e9ler dans un bus, un m\u00e9tro un train ou m\u00eame dans la rue des d\u00e9tails intimes qui ne regardent pas les autres. Et surtout qui quand les autres me ressemblent n&rsquo;ont en strictement rien \u00e0 faire et plus encore sont extraordinairement g\u00ean\u00e9s de cette situation.<br \/>\n<\/span><\/p>\n<p><span style=\"color: #777777; font-family: Arial;\">Comme je suis effar\u00e9 quand je vois des parents pendus \u00e0 leur t\u00e9l\u00e9phone, alors que leurs enfants qui leurs donnent la main n&rsquo;ont qu&rsquo;un souhait qu&rsquo;ils reviennent dans la vraie vie, daignent les regarder et parler avec eux.<br \/>\n<\/span><\/p>\n<p><span style=\"color: #777777; font-family: Arial;\">Je trouve l&rsquo;invention du t\u00e9l\u00e9phone portable tout \u00e0 fait utile et int\u00e9ressant pour beaucoup de situations dans la vie. Mais pour autant cela ne m&#8217;emp\u00eache pas de constater les d\u00e9rives et les cons\u00e9quences f\u00e2cheuses d&rsquo;une trop grande addiction \u00e0 cet outil. J&rsquo;ai \u00e9voqu\u00e9 ces sujets lors de plusieurs articles.<br \/>\n<\/span><\/p>\n<p><span style=\"color: #777777; font-family: Arial;\">Lors du mot du jour <a title=\"Mardi 10 f\u00e9vrier 2015\" href=\"https:\/\/lemotdujour.fr\/?p=1000\"><span style=\"color: #0000ff;\">Mardi 10 f\u00e9vrier 2015<\/span><\/a> je d\u00e9couvrais le mot \u00ab<strong>nomophobie<\/strong> \u00bb contraction de l&rsquo;expression anglaise \u00ab\u00a0no mobile phobia\u00a0\u00bb qui correspond \u00e0 la peur panique de se retrouver sans t\u00e9l\u00e9phone portable. J&rsquo;\u00e9voquais l&rsquo;\u00e9tude d&rsquo;un doctorant am\u00e9ricain\u00a0:<br \/>\n<\/span><\/p>\n<p><span style=\"color: #777777; font-family: Arial;\">\u00ab\u00a0Pendant un d\u00e9jeuner avec une amie, Russell Clayton, doctorant \u00e0 l&rsquo;universit\u00e9 du Missouri, a la surprise de voir sa convive le laisser pr\u00e9cipitamment parce qu&rsquo;elle a oubli\u00e9 son t\u00e9l\u00e9phone portable. Interloqu\u00e9, il a l&rsquo;id\u00e9e de se pencher sur le sentiment de manque, voire de peur, qui habite certaines personnes lorsqu&rsquo;elles sont s\u00e9par\u00e9es de ces petits objets devenus visiblement indispensables.<br \/>\n<\/span><\/p>\n<p><span style=\"color: #777777; font-family: Arial;\">Dans une \u00e9tude intitul\u00e9e \u00ab\u00a0The Impact of iPhone Separation on Cognition, Emotion and Physiology\u00a0\u00bb (\u00ab\u00a0L&rsquo;impact de la s\u00e9paration d&rsquo;avec son mobile sur la cognition, l&rsquo;\u00e9motion et la physiologie\u00a0\u00bb), publi\u00e9e le 8 janvier, Russell Clayton, doctorant \u00e0 l&rsquo;universit\u00e9 du Missouri, s&rsquo;\u00e9tend sur cette \u00ab\u00a0nomophobie\u00a0\u00bb et arrive \u00e0 deux conclusions :<br \/>\n<\/span><\/p>\n<ul>\n<li><span style=\"color: #777777; font-family: Arial;\">Le t\u00e9l\u00e9phone portable est devenu \u00ab\u00a0une extension de nous-m\u00eame\u00a0\u00bb, \u00e0 la mani\u00e8re du sonar de certains animaux, si bien qu&rsquo;on peut parler d&rsquo;\u00a0\u00abiSelf\u00a0\u00bb, de \u00ab\u00a0soi connect\u00e9\u00a0\u00bb.\u00a0\u00bb<br \/>\n<\/span><\/li>\n<li>\n<div><span style=\"color: #777777; font-family: Arial;\">Priv\u00e9 de son mobile, la personne souffrant de \u00ab\u00a0nomophobie\u00a0\u00bb a l&rsquo;impression d&rsquo;avoir perdu une part d&rsquo;elle-m\u00eame, et cela \u00ab\u00a0peut avoir un impact n\u00e9gatif sur ses performances mentales\u00a0\u00bb.<br \/>\n<\/span><\/div>\n<\/li>\n<\/ul>\n<p><span style=\"color: #777777; font-family: Arial;\">Le mot du jour du <a title=\"Jeudi 20\/10\/2016\" href=\"https:\/\/lemotdujour.fr\/?p=1464\"><span style=\"color: #0000ff;\">Jeudi 20\/10\/2016<\/span><\/a> \u00e9voquait un livre du philosophe italien Maurizio <a href=\"http:\/\/www.chez-mon-libraire.fr\/livre\/9782130736370-revue-d-histoire-litteraire-de-la-france-mobilisation-totale-l-appel-du-portable-maurizio-ferraris\/\"><span style=\"color: #0000ff;\">&lt;Mobilisation Totale ; L&rsquo;appel Du Portable&gt;<\/span><\/a>, paru en ao\u00fbt 2016 et o\u00f9 il arrivait \u00e0 cette conclusion\u00a0:<br \/>\n<\/span><\/p>\n<p style=\"margin-left: 28pt;\"><span style=\"color: #c00000; font-family: Arial;\">\u00ab\u00a0Avoir le monde en main, [signifie \u00e0 coup s\u00fbr] automatiquement aussi, \u00eatre aux mains du monde\u00a0\u00bb<br \/>\n<\/span><\/p>\n<p><span style=\"color: #777777; font-family: Arial;\">Ce livre se penchait sur ce ph\u00e9nom\u00e8ne de soci\u00e9t\u00e9 engendr\u00e9 par les smartphones qui est la connexion permanente au monde et montrait comment cette sollicitation permanente se transformait en dispositif de mobilisation asservissante.<br \/>\n<\/span><\/p>\n<p><span style=\"color: #777777; font-family: Arial;\">Mais l&rsquo;extrait du livre de Philip Roth que m&rsquo;a fait d\u00e9couvrir Finkielkraut est encore plus explicite, en raison de la qualit\u00e9 de plume de l&rsquo;\u00e9crivain am\u00e9ricain.<br \/>\n<\/span><\/p>\n<p><span style=\"color: #777777; font-family: Arial;\">En faisant des recherches sur Internet j&rsquo;ai appris que dans plusieurs de ses romans on retrouve le m\u00eame h\u00e9ros embl\u00e9matique qu&rsquo;on pr\u00e9sente comme son double litt\u00e9raire, Zuckerman.<br \/>\n<\/span><\/p>\n<p><span style=\"color: #777777; font-family: Arial;\">Dans le livre \u00ab\u00a0Exit le Fant\u00f4me\u00a0\u00bb, Zuckerman est \u00e2g\u00e9, il a plus de soixante-dix ans et s&rsquo;est fait op\u00e9r\u00e9 d&rsquo;un cancer de la prostate. Cette op\u00e9ration a eu pour cons\u00e9quences la perte du d\u00e9sir sexuel et l&rsquo;incontinence. Il a pass\u00e9 onze ans de solitude dans sa maison perdue dans la campagne du Massachusetts, pour ne pas avoir \u00e0 subir l&rsquo;humiliation citadine qu&rsquo;il craint en raison de ses handicaps.<br \/>\n<\/span><\/p>\n<p><span style=\"color: #777777; font-family: Arial;\">Et dans ce livre, il revient \u00e0 New York pour une intervention chirurgicale.<br \/>\n<\/span><\/p>\n<p><span style=\"color: #777777; font-family: Arial;\">Or, pendant ces onze ans a eu lieu l&rsquo;explosion de l&rsquo;utilisation des t\u00e9l\u00e9phones portables.<br \/>\n<\/span><\/p>\n<p><span style=\"color: #777777; font-family: Arial;\">Philip Roth d\u00e9crit sa stup\u00e9faction devant cette \u00e9volution par ce morceau de litt\u00e9rature\u00a0:<br \/>\n<\/span><\/p>\n<p style=\"margin-left: 28pt;\"><span style=\"color: #c00000; font-family: Arial;\"> \u00ab\u00a0Qu&rsquo;est-ce qui m&rsquo;\u00e9tonna le plus pendant ces premiers jours pass\u00e9s \u00e0 arpenter la ville ?<br \/>\n<\/span><\/p>\n<p style=\"margin-left: 28pt;\"><span style=\"color: #c00000; font-family: Arial;\">La chose la plus \u00e9vidente : les t\u00e9l\u00e9phones portables.<br \/>\n<\/span><\/p>\n<p style=\"margin-left: 28pt;\"><span style=\"color: #c00000; font-family: Arial;\">L\u00e0-haut dans ma montagne le r\u00e9seau ne passait pas et en bas, \u00e0 Ath\u00e9na, o\u00f9 il passe, je voyais rarement des gens parler au t\u00e9l\u00e9phone en pleine rue sans le moindre complexe.<br \/>\n<\/span><\/p>\n<p style=\"margin-left: 28pt;\"><span style=\"color: #c00000; font-family: Arial;\">Je me rappelais un New York o\u00f9 les seules personnes qu&rsquo;on voyait remonter Broadway en se parlant toutes seules \u00e9taient les fous.<br \/>\n<\/span><\/p>\n<p style=\"margin-left: 28pt;\"><span style=\"color: #c00000; font-family: Arial;\"><strong>Qu&rsquo;est-ce qui s&rsquo;\u00e9tait pass\u00e9 depuis dix ans pour qu&rsquo;il y ait soudain tant de choses \u00e0 dire &#8211; \u00e0 dire de si urgent que \u00e7\u00e0 ne pouvait pas attendre ?<br \/>\n<\/strong><\/span><\/p>\n<p style=\"margin-left: 28pt;\"><span style=\"color: #c00000; font-family: Arial;\">Partout o\u00f9 j&rsquo;allais, il y avait quelqu&rsquo;un qui s&rsquo;approchait de moi en parlant au t\u00e9l\u00e9phone, et quelqu&rsquo;un derri\u00e8re moi qui parlait au t\u00e9l\u00e9phone.<br \/>\n<\/span><\/p>\n<p style=\"margin-left: 28pt;\"><span style=\"color: #c00000; font-family: Arial;\">A l&rsquo;int\u00e9rieur des voitures, les conducteurs \u00e9taient au t\u00e9l\u00e9phone. Quand je prenais un taxi, le chauffeur \u00e9tait au t\u00e9l\u00e9phone.<br \/>\n<\/span><\/p>\n<p style=\"margin-left: 28pt;\"><span style=\"color: #c00000; font-family: Arial;\">Moi qui pouvait passer souvent plusieurs jours de suite sans parler \u00e0 personne, je ne pouvais que me demander de quel ordre \u00e9tait ce qui s&rsquo;\u00e9tait effondr\u00e9, qui jusque-l\u00e0 tenait fermement les gens, pour qu&rsquo;ils pr\u00e9f\u00e8rent \u00eatre au t\u00e9l\u00e9phone en permanence plut\u00f4t que de se promener \u00e0 l&rsquo;abri de toute surveillance, seuls un moment, \u00e0 absorber les rues par tous les sens et \u00e0 penser aux millions de choses que vous inspirent les activit\u00e9s d&rsquo;une ville.<br \/>\n<\/span><\/p>\n<p style=\"margin-left: 28pt;\"><span style=\"color: #c00000; font-family: Arial;\">Pour moi, cela avait aussi quelque chose de tragique.<br \/>\n<\/span><\/p>\n<p style=\"margin-left: 28pt;\"><span style=\"color: #c00000; font-family: Arial;\">\u00c9radiquer l&rsquo;exp\u00e9rience de la s\u00e9paration ne pouvait manquer d&rsquo;avoir un effet dramatique.<br \/>\n<\/span><\/p>\n<p style=\"margin-left: 28pt;\"><span style=\"color: #c00000; font-family: Arial;\">Quelles allaient en \u00eatre les cons\u00e9quences ?<br \/>\n<\/span><\/p>\n<p style=\"margin-left: 28pt;\"><span style=\"color: #c00000; font-family: Arial;\">Vous savez que vous pouvez joindre l&rsquo;autre \u00e0 tout moment, et si vous n&rsquo;y arrivez pas, vous vous mettez en col\u00e8re comme un petit dieu stupide.<br \/>\n<\/span><\/p>\n<p style=\"margin-left: 28pt;\"><span style=\"color: #c00000; font-family: Arial;\">J&rsquo;avais compris qu&rsquo;un fond de silence n&rsquo;existait plus depuis longtemps dans les restaurants, les ascenseurs et les stades de base-ball.<br \/>\n<\/span><\/p>\n<p style=\"margin-left: 28pt;\"><span style=\"color: #c00000; font-family: Arial;\">Mais que l&rsquo;immense sentiment de solitude des \u00eatres humains produise ce d\u00e9sir lancinant, in\u00e9puisable, de se faire entendre, en se moquant totalement que les autres puissent surprendre vos conversations, tout cela me frappait par son c\u00f4t\u00e9 \u00e9talage au grand jour.\u00a0\u00bb<br \/>\n<\/span><\/p>\n<p><span style=\"color: #777777; font-family: Arial;\">Il faut le regard \u00e9tonn\u00e9 d&rsquo;un homme qui n&rsquo;a pas connu, au jour le jour, cette \u00e9volution pour nous r\u00e9v\u00e9ler le ridicule, la vacuit\u00e9, l&rsquo;incongruit\u00e9 de ces situations d&rsquo;aujourd&rsquo;hui.<br \/>\n<\/span><\/p>\n<p><span style=\"color: #800000; font-family: Arial;\">&lt;1003&gt;<\/span><\/p>\n","protected":false},"excerpt":{"rendered":"<p>\u00ab\u00a0Qu\u2019est-ce qui s\u2019\u00e9tait pass\u00e9 depuis dix ans pour qu\u2019il y ait soudain tant de choses \u00e0 dire, \u00e0 dire de si urgent que \u00e7\u00e0 ne pouvait pas attendre ?\u00a0\u00bb Philip Roth, dans son livre \u00ab\u00a0Exit le Fant\u00f4me\u00a0\u00bb J&rsquo;\u00e9voquais dans le<\/p>\n","protected":false},"author":1,"featured_media":0,"comment_status":"open","ping_status":"closed","sticky":false,"template":"","format":"standard","meta":{"footnotes":""},"categories":[1],"tags":[9,7],"class_list":["post-4003","post","type-post","status-publish","format-standard","hentry","category-motdujour","tag-litterature","tag-societe"],"_links":{"self":[{"href":"https:\/\/lemotdujour.fr\/index.php?rest_route=\/wp\/v2\/posts\/4003","targetHints":{"allow":["GET"]}}],"collection":[{"href":"https:\/\/lemotdujour.fr\/index.php?rest_route=\/wp\/v2\/posts"}],"about":[{"href":"https:\/\/lemotdujour.fr\/index.php?rest_route=\/wp\/v2\/types\/post"}],"author":[{"embeddable":true,"href":"https:\/\/lemotdujour.fr\/index.php?rest_route=\/wp\/v2\/users\/1"}],"replies":[{"embeddable":true,"href":"https:\/\/lemotdujour.fr\/index.php?rest_route=%2Fwp%2Fv2%2Fcomments&post=4003"}],"version-history":[{"count":7,"href":"https:\/\/lemotdujour.fr\/index.php?rest_route=\/wp\/v2\/posts\/4003\/revisions"}],"predecessor-version":[{"id":12322,"href":"https:\/\/lemotdujour.fr\/index.php?rest_route=\/wp\/v2\/posts\/4003\/revisions\/12322"}],"wp:attachment":[{"href":"https:\/\/lemotdujour.fr\/index.php?rest_route=%2Fwp%2Fv2%2Fmedia&parent=4003"}],"wp:term":[{"taxonomy":"category","embeddable":true,"href":"https:\/\/lemotdujour.fr\/index.php?rest_route=%2Fwp%2Fv2%2Fcategories&post=4003"},{"taxonomy":"post_tag","embeddable":true,"href":"https:\/\/lemotdujour.fr\/index.php?rest_route=%2Fwp%2Fv2%2Ftags&post=4003"}],"curies":[{"name":"wp","href":"https:\/\/api.w.org\/{rel}","templated":true}]}}