{"id":3990,"date":"2018-01-23T03:31:50","date_gmt":"2018-01-23T02:31:50","guid":{"rendered":"http:\/\/lemotdujour.fr\/?p=3990"},"modified":"2021-10-17T11:22:50","modified_gmt":"2021-10-17T09:22:50","slug":"mardi-23-janvier-2018","status":"publish","type":"post","link":"https:\/\/lemotdujour.fr\/?p=3990","title":{"rendered":"Mardi 23 janvier 2018"},"content":{"rendered":"<div class=\"mdjTexte\">\t\u00ab&nbsp;C\u2019\u00e9tait mieux avant&nbsp;\u00bb<\/div>\n<div class=\"mdjAuteur\">\tMichel Serres<\/div>\n<p><span style=\"color: #777777; font-family: Arial;\">Michel Serres vient de publier un nouveau livre \u00ab&nbsp;<a href=\"https:\/\/www.editions-lepommier.fr\/cetait-mieux-avant\"><span style=\"color: #0000ff;\">C&rsquo;\u00e9tait mieux avant&nbsp;<\/span><\/a>\u00bb qui est pr\u00e9sent\u00e9 comme la suite de Petite poucette.<br \/>\n<\/span><\/p>\n<p><span style=\"color: #777777; font-family: Arial;\">J&rsquo;avais \u00e9voqu\u00e9 \u00ab&nbsp;Petite Poucette&nbsp;\u00bb lors d&rsquo;un tout premier mot du jour, il portait le num\u00e9ro 23 et avait \u00e9t\u00e9 envoy\u00e9 le<span style=\"color: #0000ff;\"> <a style=\"color: #0000ff;\" href=\"https:\/\/lemotdujour.fr\/?p=1927\">21 novembre 2012<\/a><\/span>. A l&rsquo;\u00e9poque, mes mots \u00e9taient courts.<br \/>\n<\/span><\/p>\n<p><img decoding=\"async\" src=\"https:\/\/lemotdujour.fr\/wp-content\/uploads\/2018\/01\/012118_2230_Mardi23janv1.jpg\" alt=\"\" align=\"left\"><span style=\"color: #777777; font-family: Arial;\">Le sous-titre de ce livre est le suivant&nbsp;:<br \/>\n<\/span><\/p>\n<p style=\"margin-left: 28pt;\"><span style=\"color: #c00000; font-family: Arial;\">\u00ab Dix Grands-Papas Ronchons ne cessent de dire \u00e0 Petite Poucette, ch\u00f4meuse ou stagiaire qui paiera longtemps pour ces retrait\u00e9s :&nbsp; \u00ab\u00a0C&rsquo;\u00e9tait mieux avant.\u00a0\u00bb&nbsp;Or, cela tombe bien, avant, justement, j&rsquo;y \u00e9tais.\u00bb<br \/>\n<\/span><\/p>\n<p><span style=\"color: #777777; font-family: Arial;\">Bien s\u00fbr, Michel Serres ne croit pas un seul instant que c&rsquo;\u00e9tait mieux avant, mais il a choisi comme titre ce qui se dit beaucoup par tous les nostalgiques qui se sentent \u00e9trangers dans le monde d&rsquo;aujourd&rsquo;hui.<br \/>\n<\/span><\/p>\n<p><span style=\"color: #777777; font-family: Arial;\">Alain Finkielkraut est de ceux l\u00e0<br \/>\n<\/span><\/p>\n<p><span style=\"color: #777777; font-family: Arial;\">Je parlais, hier, d&rsquo;Alain Finkielkraut et de son \u00e9mission \u00ab&nbsp;R\u00e9pliques&nbsp;\u00bb, or justement il avait, ce samedi, invit\u00e9 Michel Serres.<br \/>\n<\/span><\/p>\n<p><span style=\"color: #777777; font-family: Arial;\">Cette \u00e9mission je l&rsquo;ai \u00e9cout\u00e9e et je vous conseille de faire de m\u00eame. Vous la trouverez <span style=\"color: #0000ff;\"><a style=\"color: #0000ff;\" href=\"https:\/\/www.franceculture.fr\/oeuvre\/cetait-mieux-avant\">&lt;ICI&gt;<\/a><\/span><br \/>\n<\/span><\/p>\n<p><span style=\"color: #777777; font-family: Arial;\">Par rapport, \u00e0 ce que j&rsquo;\u00e9crivais hier, vous entendrez un d\u00e9bat respectueux o\u00f9 deux intellectuels qui ont de grandes divergences, laissent s&rsquo;exprimer l&rsquo;autre, reconnaissent quand l&rsquo;autre le convainc et surtout s&rsquo;\u00e9coutent et dialoguent. Et non pas comme, si souvent, tiennent deux discours parall\u00e8les qui s&rsquo;ignorent et m\u00eame qui entrent dans une comp\u00e9tition pour savoir qui coupera le plus souvent la parole \u00e0 l&rsquo;autre.<br \/>\n<\/span><\/p>\n<p><span style=\"color: #777777; font-family: Arial;\">Car Alain Finkielkraut, d\u00e8s le d\u00e9part se sent vis\u00e9 par la description de \u00ab&nbsp;Grand papa ronchon&nbsp;\u00bb.<br \/>\n<\/span><\/p>\n<p><span style=\"color: #777777; font-family: Arial;\">Michel Serres explique simplement qu&rsquo;avant il y \u00e9tait et qu&rsquo;il peut dresser un bilan d&rsquo;expert&nbsp;:<br \/>\n<\/span><\/p>\n<p style=\"margin-left: 28pt;\"><span style=\"color: #c00000; font-family: Arial;\">\u00ab&nbsp;Avant nous gouvernaient Franco, Hitler, Mussolini, &nbsp;Staline, Mao&#8230; rien, que des braves gens&nbsp;; avant, guerres et crimes &nbsp;d&rsquo;\u00c9tat laiss\u00e8rent derri\u00e8re eux des dizaines de millions de morts. &nbsp;Longue, la suite de ces r\u00e9jouissances nous \u00e9difiera. \u00bb<br \/>\n<\/span><\/p>\n<p><span style=\"color: #777777; font-family: Arial;\">Michel Serres reprend son argumentation qui avait d\u00e9j\u00e0 \u00e9t\u00e9 d\u00e9velopp\u00e9e dans les mots du jour que je lui avais consacr\u00e9 en mars 2017 et notamment <a href=\"https:\/\/lemotdujour.fr\/?p=458\"><span style=\"color: #0000ff;\">&lt;le mardi 7 mars 2017&gt;<\/span><\/a>&nbsp;:<br \/>\n<\/span><\/p>\n<p style=\"margin-left: 28pt;\"><span style=\"color: #c00000; font-family: Arial;\">\u00ab&nbsp;Le premier \u00e2ge est plus long qu&rsquo;on ne le croit&nbsp;;<br \/>\nLe deuxi\u00e8me pire qu&rsquo;on ne le pense&nbsp;;<br \/>\nLe dernier meilleur qu&rsquo;on ne le dit.&nbsp;\u00bb<br \/>\n<\/span><\/p>\n<p><span style=\"color: #777777; font-family: Arial;\">Mais ce qui a de nouveau gr\u00e2ce \u00e0 cet entretien, c&rsquo;est qu&rsquo;Alain Finkielkraut lui donne la r\u00e9plique et que Michel Serres lui r\u00e9pond.<br \/>\n<\/span><\/p>\n<p><span style=\"color: #777777; font-family: Arial;\">Alain Finkielkraut reconnait qu&rsquo;en ce qui concerne la sant\u00e9 il ne peut que lui donner raison, mais il parle de la violence dans les cit\u00e9s, sur les r\u00e9seaux sociaux, sur la difficult\u00e9 de faire classe aujourd&rsquo;hui pour les professeurs.<br \/>\n<\/span><\/p>\n<p><span style=\"color: #777777; font-family: Arial;\">Dialogue apais\u00e9, intelligent f\u00e9cond que je vous laisse \u00e9couter.<br \/>\n<\/span><\/p>\n<p><span style=\"color: #777777; font-family: Arial;\"><strong>Evidemment ce n&rsquo;\u00e9tait pas mieux avant&nbsp;!<br \/>\n<\/strong><\/span><\/p>\n<p><span style=\"color: #777777; font-family: Arial;\">J&rsquo;ai consacr\u00e9 plusieurs mots du jour \u00e0 cette \u00e9vidence, plusieurs auteurs m&rsquo;ont convaincu.<br \/>\n<\/span><\/p>\n<p><span style=\"color: #777777; font-family: Arial;\">Le plus r\u00e9cent le <a href=\"https:\/\/lemotdujour.fr\/?p=3560\"><span style=\"color: #0000ff;\">21 novembre 2017 <\/span><\/a>o\u00f9 j&rsquo;\u00e9voquais un livre de Steven Pinker&nbsp;: \u00ab&nbsp;<strong>La part d&rsquo;ange en nous. Histoire de la violence et de son d\u00e9clin<\/strong>&nbsp;\u00bb dans lequel l&rsquo;auteur d\u00e9montre que la violence n&rsquo;a fait que r\u00e9gresser depuis les premiers temps de l&rsquo;humanit\u00e9, qu&rsquo;il s&rsquo;agisse de la violence guerri\u00e8re ou de la criminalit\u00e9.<br \/>\n<\/span><\/p>\n<p><span style=\"color: #777777; font-family: Arial;\">Une ann\u00e9e auparavant, le mot du jour du <a href=\"https:\/\/lemotdujour.fr\/?p=367\"><span style=\"color: #0000ff;\">19 d\u00e9cembre 2016 <\/span><\/a> s&rsquo;int\u00e9ressait au livre du su\u00e9dois Johan Norberg \u00ab<strong>Ten Reasons to Look Forward to the Future Progr\u00e8s<\/strong> : dix raisons de se r\u00e9jouir de l&rsquo;avenir\u00bb qui dans un panorama plus large que la seule histoire de la violence montre que nous n&rsquo;avons jamais v\u00e9cu \u00e0 un moment plus heureux de l&rsquo;Humanit\u00e9<strong>.<\/strong><br \/>\n<\/span><\/p>\n<p><span style=\"color: #777777; font-family: Arial;\">J&rsquo;ai pens\u00e9 un moment faire un mot du jour sur le livre de Jacques Lecomte : <a href=\"https:\/\/www.loptimisme.com\/jacques-lecomte\/\"><span style=\"color: #0000ff;\">\u00ab Le monde va beaucoup mieux que vous ne le croyez ! \u00bb,<\/span><\/a> mais je n&rsquo;ai pas trouv\u00e9 le temps de le faire.<br \/>\n<\/span><\/p>\n<p><span style=\"color: #777777; font-family: Arial;\">Alors je sens \u00e9videmment la question irr\u00e9pressible que vous souhaitez poser&nbsp;: \u00ab&nbsp;Enfin Alain, tu \u00e9cris \u00e0 longueur d&rsquo;articles et \u00e0 de rares exceptions comme ces deux mots que tu cites ci-dessus, que nous avons toutes les raisons de nous inqui\u00e9ter sur le climat, sur les in\u00e9galit\u00e9s et les d\u00e9s\u00e9quilibres \u00e9conomiques, sur la limite des ressources terrestres, sur le retour des nationalismes, sur les projets fous des transhumanistes, et les d\u00e9lires tout aussi terrifiants des extr\u00e9mistes religieux etc. Comment concilier tous ces avertissements avec ce constat&nbsp;optimiste ? \u00bb<br \/>\n<\/span><\/p>\n<p><span style=\"color: #777777; font-family: Arial;\">C&rsquo;est \u00e0 peu pr\u00e8s la question qu&rsquo;Alain Finkielkraut pose vers la fin de l&rsquo;\u00e9mission \u00e0 Michel Serres.<br \/>\n<\/span><\/p>\n<p><span style=\"color: #777777; font-family: Arial;\">Et ce dernier r\u00e9pond&nbsp;:<br \/>\n<\/span><\/p>\n<p style=\"margin-left: 28pt;\"><span style=\"color: #c00000; font-family: Arial;\">\u00ab&nbsp;Mais mon cher Alain, je vous dis qu&rsquo;aujourd&rsquo;hui est mieux que hier, mais je n&rsquo;ai jamais dit que demain serait mieux qu&rsquo;aujourd&rsquo;hui&nbsp;\u00bb<br \/>\n<\/span><\/p>\n<p><span style=\"color: #777777; font-family: Arial;\">En effet le philosophe optimiste avoue son incapacit\u00e9 de pr\u00e9voir de quoi demain sera fait.<br \/>\n<\/span><\/p>\n<p><span style=\"color: #777777; font-family: Arial;\">Demain sera ce que nous et nos enfants en feront.<br \/>\n<\/span><\/p>\n<p><span style=\"color: #0000ff; font-family: Arial;\"><a style=\"color: #0000ff;\" href=\"https:\/\/www.youtube.com\/watch?v=UUMl_Sp6eb0\">Michel Serres \u00e9tait aussi l&rsquo;invit\u00e9 de la Grande Librairie pour parler de son petit ouvrage de 98 pages<\/a><\/span><\/p>\n<p><span style=\"color: #777777; font-family: Arial;\"><span style=\"color: #800000;\">&lt;1002&gt;<\/span><br \/>\n<\/span><\/p>\n<p><span style=\"color: #777777; font-family: Arial;\"><br \/>\n<\/span><\/p>\n","protected":false},"excerpt":{"rendered":"<p>\u00ab&nbsp;C\u2019\u00e9tait mieux avant&nbsp;\u00bb Michel Serres Michel Serres vient de publier un nouveau livre \u00ab&nbsp;C&rsquo;\u00e9tait mieux avant&nbsp;\u00bb qui est pr\u00e9sent\u00e9 comme la suite de Petite poucette. J&rsquo;avais \u00e9voqu\u00e9 \u00ab&nbsp;Petite Poucette&nbsp;\u00bb lors d&rsquo;un tout premier mot du jour, il portait le num\u00e9ro<\/p>\n","protected":false},"author":1,"featured_media":0,"comment_status":"open","ping_status":"closed","sticky":false,"template":"","format":"standard","meta":{"footnotes":""},"categories":[1],"tags":[17,54,9],"class_list":["post-3990","post","type-post","status-publish","format-standard","hentry","category-motdujour","tag-histoire","tag-humanisme","tag-litterature"],"_links":{"self":[{"href":"https:\/\/lemotdujour.fr\/index.php?rest_route=\/wp\/v2\/posts\/3990","targetHints":{"allow":["GET"]}}],"collection":[{"href":"https:\/\/lemotdujour.fr\/index.php?rest_route=\/wp\/v2\/posts"}],"about":[{"href":"https:\/\/lemotdujour.fr\/index.php?rest_route=\/wp\/v2\/types\/post"}],"author":[{"embeddable":true,"href":"https:\/\/lemotdujour.fr\/index.php?rest_route=\/wp\/v2\/users\/1"}],"replies":[{"embeddable":true,"href":"https:\/\/lemotdujour.fr\/index.php?rest_route=%2Fwp%2Fv2%2Fcomments&post=3990"}],"version-history":[{"count":10,"href":"https:\/\/lemotdujour.fr\/index.php?rest_route=\/wp\/v2\/posts\/3990\/revisions"}],"predecessor-version":[{"id":12323,"href":"https:\/\/lemotdujour.fr\/index.php?rest_route=\/wp\/v2\/posts\/3990\/revisions\/12323"}],"wp:attachment":[{"href":"https:\/\/lemotdujour.fr\/index.php?rest_route=%2Fwp%2Fv2%2Fmedia&parent=3990"}],"wp:term":[{"taxonomy":"category","embeddable":true,"href":"https:\/\/lemotdujour.fr\/index.php?rest_route=%2Fwp%2Fv2%2Fcategories&post=3990"},{"taxonomy":"post_tag","embeddable":true,"href":"https:\/\/lemotdujour.fr\/index.php?rest_route=%2Fwp%2Fv2%2Ftags&post=3990"}],"curies":[{"name":"wp","href":"https:\/\/api.w.org\/{rel}","templated":true}]}}