{"id":399,"date":"2017-01-24T01:00:00","date_gmt":"2017-01-23T22:00:00","guid":{"rendered":"http:\/\/lemotdujour.fr\/?p=399"},"modified":"2024-01-29T12:49:15","modified_gmt":"2024-01-29T11:49:15","slug":"mardi-24012017","status":"publish","type":"post","link":"https:\/\/lemotdujour.fr\/?p=399","title":{"rendered":"Mardi 24 janvier 2017"},"content":{"rendered":"<div class=\"mdjDate\"><a id=\"_Toc482008754\"><\/a>Mardi 24\/01\/2017<\/div>\n<div class=\"mdjTexte\">\u00ab\u00a0Le contraire de la connaissance, ce n\u2019est pas l\u2019ignorance mais les certitudes.\u00bb<\/div>\n<div class=\"mdjAuteur\">Rachid Benzine, <span style=\"color: #0000ff;\"><a style=\"color: #0000ff;\" href=\"http:\/\/www.seuil.com\/ouvrage\/nour-pourquoi-n-ai-je-rien-vu-venir-rachid-benzine\/9782021340891\"><strong>&lt;<\/strong>Nour, pourquoi n\u2019ai-je rien vu venir ?&gt;<\/a><\/span>,<\/div>\n<div class=\"mdjComplements\">Rachid Benzine est n\u00e9 en 1971 au Maroc et il est arriv\u00e9 en France \u00e0 Trappes \u00e0 l\u2019\u00e2ge de 7 ans. En 1996, il devient champion de France de kickboxing.<\/div>\n<div class=\"mdjComplements\">Il est aussi un intellectuel form\u00e9 \u00e0 l&rsquo;\u00e9cole des sciences humaines, apr\u00e8s avoir fait des \u00e9tudes d\u2019\u00e9conomie et de sciences politiques, il se dirige vers des \u00e9tudes d&rsquo;histoire et de philosophie.<\/div>\n<div class=\"mdjComplements\">Selon <span style=\"color: #0000ff;\"><a style=\"color: #0000ff;\" href=\"https:\/\/fr.wikipedia.org\/wiki\/Rachid_Benzine\">Wikipedia<\/a><\/span> qui le pr\u00e9sente \u00abcomme une des figures de proue de l&rsquo;Islam lib\u00e9ral francophone\u00bb, il \u00abacc\u00e8de \u00e0 la notori\u00e9t\u00e9 en lan\u00e7ant avec le p\u00e8re Christian Delorme, le dialogue islamo-catholique aux Minguettes, dans la banlieue de Lyon, qui donne lieu \u00e0 un livre : <span style=\"color: #0000ff;\"><a style=\"color: #0000ff;\" href=\"http:\/\/www.decitre.fr\/ebooks\/nous-avons-tant-de-choses-a-nous-dire-pour-un-vrai-dialogue-entre-chretiens-et-musulmans-9782226291561_9782226291561_16.html\">Nous avons tant de choses \u00e0 nous dire<\/a><\/span>, paru en 1998.\u00a0 \u00bb<\/div>\n<div><img loading=\"lazy\" decoding=\"async\" class=\"wp-image-9278 alignleft\" src=\"https:\/\/lemotdujour.fr\/wp-content\/uploads\/2017\/01\/Pourquoi-nai-je-rien-vu-venir.jpg\" alt=\"\" width=\"248\" height=\"353\" srcset=\"https:\/\/lemotdujour.fr\/wp-content\/uploads\/2017\/01\/Pourquoi-nai-je-rien-vu-venir.jpg 421w, https:\/\/lemotdujour.fr\/wp-content\/uploads\/2017\/01\/Pourquoi-nai-je-rien-vu-venir-211x300.jpg 211w\" sizes=\"auto, (max-width: 248px) 100vw, 248px\" \/><\/div>\n<div class=\"mdjComplements\">En octobre 2016, il a \u00e9crit un roman \u00e9pistolaire <span style=\"color: #0000ff;\"><a style=\"color: #0000ff;\" href=\"http:\/\/www.seuil.com\/ouvrage\/nour-pourquoi-n-ai-je-rien-vu-venir-rachid-benzine\/9782021340891\"><strong>&lt;<\/strong>Nour, pourquoi n\u2019ai-je rien vu venir ?&gt;<\/a><\/span>, dans lequel un p\u00e8re \u00e9change des lettres avec sa fille partie faire le djihad en Irak.\u00a0 <span style=\"color: #0000ff;\"><a style=\"color: #0000ff;\" href=\"http:\/\/www.la-croix.com\/Culture\/Livres-et-idees\/Nour-pourquoi-rien-venir-Rachid-Benzine-djihad-plus-juste-2016-11-10-1200802227\">&lt;Vous trouverez ici un article de la Croix sur cet ouvrage&gt;<\/a><\/span><\/div>\n<div class=\"mdjComplements\">C\u2019est de ce livre que j\u2019ai tir\u00e9 l\u2019exergue du mot de ce jour. Cette phrase est extraite du paragraphe suivant\u00a0:<\/div>\n<p style=\"margin-left: 28pt;\"><span style=\"color: #c00000; font-family: Arial;\">\u00ab\u00a0Notre mission en tant qu\u2019humains n\u2019est pas de trouver des r\u00e9ponses, mais de chercher. Les musulmans sont appel\u00e9s \u00e0 \u00eatre d\u2019humbles chercheurs, et pas des \u00e2nes qui \u00e2nonneraient sans cesse des histoires abracadabrantes. Tu le sais bien, ma petite Nour\u00a0:\u00a0 Le contraire de la connaissance, ce n\u2019est pas l\u2019ignorance mais les certitudes. Ces certitudes qui vous m\u00e8nent aujourd\u2019hui tout droit en enfer.\u00a0\u00bb<\/span><\/p>\n<div class=\"mdjComplements\">\u00ab\u00a0<strong>Le contraire de la connaissance, ce n\u2019est pas l\u2019ignorance mais les certitudes.<\/strong>\u00bb Nous sommes au c\u0153ur de la sagesse, nous revenons \u00e0 Socrate. L&rsquo;ignorance n&rsquo;est pas le souci quand elle est comprise, assum\u00e9e : je sais que je ne sais pas. Ce qui est dramatique c&rsquo;est d&rsquo;avoir des certitudes et de ne pas les interroger, de ne pas les confronter \u00e0 ce que l&rsquo;on peut savoir, \u00e0 la perception de la r\u00e9alit\u00e9, \u00e0 l&rsquo;exp\u00e9rimentation du g\u00e9nie scientifique ou aux recherches historiques.<\/div>\n<div class=\"mdjComplements\">Cette sagesse est indispensable \u00e0 l\u2019heure<\/div>\n<ul>\n<li>De la d\u00e9rive islamiste mais aussi du renouveau des id\u00e9es th\u00e9ocratiques ou moralistes d\u2019activistes chr\u00e9tiens.<\/li>\n<li>De l\u2019arriv\u00e9e au pouvoir de Donald Trump\u00a0;<\/li>\n<li>Mais aussi des affirmations r\u00e9p\u00e9t\u00e9es et pourtant erron\u00e9es de cette pseudo science qui s\u2019appelle l\u2019\u00e9conomie et qui ass\u00e8ne des certitudes qui sont avant tout la d\u00e9fense des int\u00e9r\u00eats d\u2019un petit nombre (1)<\/li>\n<\/ul>\n<div class=\"mdjComplements\">A cet aveuglement des certitudes, j\u2019opposerai \u00ab\u00a0le germe f\u00e9cond du doute\u00a0\u00bb que j\u2019ai d\u00e9couvert chez Raymond Aron.<\/div>\n<p>(1)\u00a0 <em>Pour ma part je ne r\u00e9p\u00e9terai jamais assez que le monde est complexit\u00e9 et que le propos que je tiens ici sur l\u2019\u00e9conomie ne rejette pas l\u2019int\u00e9gralit\u00e9 de cette discipline mais critique certains d\u00e9veloppements qui sont pr\u00e9sent\u00e9s comme une d\u00e9monstration scientifique alors qu\u2019ils sont au mieux une croyance, au pire un mensonge visant \u00e0 d\u00e9fendre des int\u00e9r\u00eats priv\u00e9s. J\u2019en d\u00e9velopperai un demain.<\/em><\/p>\n<p><span style=\"color: #800000;\">&lt;822&gt;<\/span><\/p>\n","protected":false},"excerpt":{"rendered":"<p>Mardi 24\/01\/2017 \u00ab\u00a0Le contraire de la connaissance, ce n\u2019est pas l\u2019ignorance mais les certitudes.\u00bb Rachid Benzine, &lt;Nour, pourquoi n\u2019ai-je rien vu venir ?&gt;, Rachid Benzine est n\u00e9 en 1971 au Maroc et il est arriv\u00e9 en France \u00e0 Trappes \u00e0<\/p>\n","protected":false},"author":1,"featured_media":0,"comment_status":"closed","ping_status":"closed","sticky":false,"template":"","format":"standard","meta":{"footnotes":""},"categories":[1],"tags":[86,9,34,7],"class_list":["post-399","post","type-post","status-publish","format-standard","hentry","category-motdujour","tag-islam","tag-litterature","tag-religion","tag-societe"],"_links":{"self":[{"href":"https:\/\/lemotdujour.fr\/index.php?rest_route=\/wp\/v2\/posts\/399","targetHints":{"allow":["GET"]}}],"collection":[{"href":"https:\/\/lemotdujour.fr\/index.php?rest_route=\/wp\/v2\/posts"}],"about":[{"href":"https:\/\/lemotdujour.fr\/index.php?rest_route=\/wp\/v2\/types\/post"}],"author":[{"embeddable":true,"href":"https:\/\/lemotdujour.fr\/index.php?rest_route=\/wp\/v2\/users\/1"}],"replies":[{"embeddable":true,"href":"https:\/\/lemotdujour.fr\/index.php?rest_route=%2Fwp%2Fv2%2Fcomments&post=399"}],"version-history":[{"count":6,"href":"https:\/\/lemotdujour.fr\/index.php?rest_route=\/wp\/v2\/posts\/399\/revisions"}],"predecessor-version":[{"id":15295,"href":"https:\/\/lemotdujour.fr\/index.php?rest_route=\/wp\/v2\/posts\/399\/revisions\/15295"}],"wp:attachment":[{"href":"https:\/\/lemotdujour.fr\/index.php?rest_route=%2Fwp%2Fv2%2Fmedia&parent=399"}],"wp:term":[{"taxonomy":"category","embeddable":true,"href":"https:\/\/lemotdujour.fr\/index.php?rest_route=%2Fwp%2Fv2%2Fcategories&post=399"},{"taxonomy":"post_tag","embeddable":true,"href":"https:\/\/lemotdujour.fr\/index.php?rest_route=%2Fwp%2Fv2%2Ftags&post=399"}],"curies":[{"name":"wp","href":"https:\/\/api.w.org\/{rel}","templated":true}]}}