{"id":3975,"date":"2018-01-22T04:19:16","date_gmt":"2018-01-22T03:19:16","guid":{"rendered":"http:\/\/lemotdujour.fr\/?p=3975"},"modified":"2021-10-17T11:23:59","modified_gmt":"2021-10-17T09:23:59","slug":"lundi-22-janvier-2018","status":"publish","type":"post","link":"https:\/\/lemotdujour.fr\/?p=3975","title":{"rendered":"Lundi 22 janvier 2018"},"content":{"rendered":"<div class=\"mdjTexte\">\t\u00ab&nbsp;Le poly-gourouisme&nbsp;\u00bb<\/div>\n<div class=\"mdjAuteur\">\tConcept invent\u00e9 par Annie et moi pour signifier qu\u2019il faut savoir diversifier ses r\u00e9f\u00e9rents<\/div>\n<p><span style=\"color: #777777; font-family: Arial;\">Reprenons donc le cours des mots du jour, celui-ci \u00e9tant donc dans une num\u00e9rotation en base 10 (pour comprendre cette incise il faut aller <a href=\"https:\/\/lemotdujour.fr\/?p=3896\"><span style=\"color: #0000ff;\">lire le commentaire de Jean-Philippe<\/span><\/a>), le 1001<sup>\u00e8me<\/sup>.<br \/>\n<\/span><\/p>\n<p><span style=\"color: #777777; font-family: Arial;\">Il se peut que dans la suite de cette \u00ab&nbsp;aventure&nbsp;\u00bb, il m&rsquo;arrive de ne pas trouver l&rsquo;\u00e9nergie ou le temps de r\u00e9diger un article pour un jour, dans ce cas je suivrai le conseil de Daniel et je renverrai un simple lien vers un mot ancien, en expliquant qu&rsquo;en ce jour je ne suis pas arriv\u00e9 \u00e0 \u00e9crire un mot nouveau.<br \/>\n<\/span><\/p>\n<p><span style=\"color: #777777; font-family: Arial;\">Mais tel ne fut pas le cas la semaine derni\u00e8re, contrairement \u00e0 ce que certains d&rsquo;entre vous m&rsquo;ont fait remonter selon divers canaux.<br \/>\n<\/span><\/p>\n<p><span style=\"color: #777777; font-family: Arial;\">J&rsquo;ai voulu, en insistant, rappeler qu&rsquo;il y a 1000 mots du jour sur le blog et que probablement certains m\u00e9ritent relecture.<br \/>\n<\/span><\/p>\n<p><span style=\"color: #777777; font-family: Arial;\">D&rsquo;ailleurs, dans les semaines qui suivent, tout en \u00e9crivant des mots du jour nouveau, je continuerai \u00e0 puiser, \u00e0 rappeler et \u00e0 approfondir des articles d\u00e9j\u00e0 \u00e9crits.<br \/>\n<\/span><\/p>\n<p><span style=\"color: #777777; font-family: Arial;\">Je commence aujourd&rsquo;hui par un mot, certes peu \u00e9l\u00e9gant, mais qui a du sens&nbsp;: <strong>le polygourouisme<\/strong>.<br \/>\n<\/span><\/p>\n<p><span style=\"color: #777777; font-family: Arial;\">Wikipedia nous donne les d\u00e9finitions d&rsquo;un \u00ab&nbsp;<a href=\"https:\/\/fr.wikipedia.org\/wiki\/Gourou\"><span style=\"color: #0000ff;\">Gourou<\/span><\/a>&nbsp;\u00bb, mot qui vient du sanskrit guru qui signifie \u00ab enseignant \u00bb, \u00ab pr\u00e9cepteur \u00bb, \u00ab ma\u00eetre \u00bb.<br \/>\n<\/span><\/p>\n<p><span style=\"color: #777777; font-family: Arial;\">Ce terme peut prendre des d\u00e9finitions positives : ma\u00eetre spirituel qui se r\u00e9clame d&rsquo;une tradition religieuse orientale ou un expert dans un domaine particulier notamment en informatique ou en management.<br \/>\n<\/span><\/p>\n<p><span style=\"color: #777777; font-family: Arial;\">Il peut aussi avoir une connotation n\u00e9gative et d\u00e9signer un manipulateur ou le chef d&rsquo;un groupe religieux sectaire.<br \/>\n<\/span><\/p>\n<p><span style=\"color: #777777; font-family: Arial;\">Vous comprendrez que ce terme de polygourouisme s&rsquo;inspire de la dichotomie entre polyth\u00e9isme et monoth\u00e9isme. Les peuples polyth\u00e9istes adorent plusieurs dieux, cela ne leur posent donc pas de probl\u00e8me que d&rsquo;autres peuples adorent d&rsquo;autres dieux, ils peuvent m\u00eame les faire entrer dans leur propre panth\u00e9on s&rsquo;ils y trouvent un int\u00e9r\u00eat. Rien de tel pour les monoth\u00e9istes qui selon les termes de R\u00e9gis Debray, un de \u00ab&nbsp;mes gourous&nbsp;\u00bb, ont fait la confusion entre \u00ab&nbsp;la croyance&nbsp;\u00bb et \u00ab&nbsp;la v\u00e9rit\u00e9&nbsp;\u00bb et il ajoute et \u00ab&nbsp;cela c&rsquo;est de la dynamite&nbsp;!\u00bb.<br \/>\n<\/span><\/p>\n<p><span style=\"color: #777777; font-family: Arial;\">Annie et moi avons con\u00e7u ce concept dans le cadre de l&rsquo;\u00e9volution de nos habitudes alimentaires. Mes soucis de sant\u00e9, notre sant\u00e9 g\u00e9n\u00e9rale \u00e0 tous deux dans un corps de plus en plus exp\u00e9riment\u00e9 mais toutefois vieillissant&nbsp;; dans un contexte de suspicion par rapport aux aliments qu&rsquo;on nous propose, nous ont conduit \u00e0 consulter des m\u00e9decins, des sp\u00e9cialistes certains m\u00eame de culture non occidentale et aussi de lire des articles et des ouvrages. Nous n&rsquo;avons pas trouv\u00e9 de r\u00e9f\u00e9rent, mais des conseils tr\u00e8s diversifi\u00e9s voire contradictoires. Dans ce domaine nous cherchions un r\u00e9f\u00e9rent, un gourou donc. Nous y avons renonc\u00e9, toutefois nous suivons des conseils et des r\u00e9flexions de plusieurs dans une logique de polygourouisme.<br \/>\n<\/span><\/p>\n<p><span style=\"color: #777777; font-family: Arial;\">Revenons maintenant au monde de l&rsquo;esprit et de la r\u00e9flexion, tout en n&rsquo;oubliant pas l&rsquo;intelligence du c\u0153ur.<br \/>\n<\/span><\/p>\n<p><span style=\"color: #777777; font-family: Arial;\">R\u00e9cemment, le 12 janvier 2018, un historien des id\u00e9es, Daniel Lindenberg est mort. En 2002, il avait publi\u00e9 un essai intitul\u00e9 \u00ab&nbsp;<span style=\"color: #0000ff;\"><a style=\"color: #0000ff;\" href=\"http:\/\/www.seuil.com\/ouvrage\/le-rappel-a-l-ordre-nouvelle-edition-daniel-lindenberg\/9782021312140\">Le Rappel \u00e0 l&rsquo;ordre : Enqu\u00eate sur les nouveaux r\u00e9actionnaires<\/a><\/span>&nbsp;\u00bb. Dans cet ouvrage, il attaquait des personnalit\u00e9s intellectuelles qui venaient comme lui des milieux de gauche et qu&rsquo;il accusait d&rsquo;\u00eatre devenues r\u00e9actionnaires. Son propos conduisait \u00e0 vouloir ostraciser ces personnes, faire une sorte de liste noire d&rsquo;intellectuels \u00e0 qui il ne fallait plus accorder aucune confiance, ne plus lire, et m\u00eame s&rsquo;opposer qu&rsquo;il puisse disposer de tribunes pour s&rsquo;exprimer.<br \/>\n<\/span><\/p>\n<p><span style=\"color: #777777; font-family: Arial;\">Parmi ces intellectuels, il y avait Marcel Gauchet. Et vous pouvez lire par exemple <span style=\"color: #0000ff;\"><a style=\"color: #0000ff;\" href=\"http:\/\/www.slate.fr\/story\/93281\/affaire-gauchet-rendez-vous-blois\">dans cet article de slate<\/a><\/span>, comment certains ont tent\u00e9 d&#8217;emp\u00eacher Marcel Gauchet de s&rsquo;exprimer au Rendez-vous de l&rsquo;Histoire de Blois en 2014.<br \/>\n<\/span><\/p>\n<p><span style=\"color: #777777; font-family: Arial;\">Il faut bien comprendre ce que cela signifie.<br \/>\n<\/span><\/p>\n<p><span style=\"color: #777777; font-family: Arial;\">Ce n&rsquo;est pas un d\u00e9bat o\u00f9 on laisse Marcel Gauchet exprimer ses id\u00e9es et dans lequel on argumente pour critiquer ou nuancer celles avec lesquelles on n&rsquo;est pas d&rsquo;accord. On refuse le d\u00e9bat&nbsp;! On intime l&rsquo;ordre de ne pas laisser \u00ab&nbsp;ce ren\u00e9gat&nbsp;\u00bb s&rsquo;exprimer. Parce qu&rsquo;on est contre certaines de ses id\u00e9es, on rejette globalement la personne, on refuse de l&rsquo;\u00e9couter.<br \/>\n<\/span><\/p>\n<p><span style=\"color: #777777; font-family: Arial;\">Ceci m&rsquo;est absolument insupportable&nbsp;!<br \/>\n<\/span><\/p>\n<p><span style=\"color: #777777; font-family: Arial;\">En outre, je trouve que Marcel Gauchet est un homme d&rsquo;une tr\u00e8s grande consistance et tr\u00e8s int\u00e9ressant. Il a d&rsquo;ailleurs inspir\u00e9 plusieurs de mes mots du jour, par exemple celui du <a href=\"https:\/\/lemotdujour.fr\/?p=1362\"><span style=\"color: #0000ff;\">14 juin 2016<\/span>&nbsp;<\/a>:<br \/>\n<\/span><\/p>\n<p style=\"margin-left: 28pt;\"><span style=\"color: #c00000; font-family: Arial;\">\u00abEn haut on parle technique et en bas on ressent le changement du monde et on ressent l&rsquo;absence de perspective \u00e0 l&rsquo;\u00e9gard de ce changement.\u00bb<br \/>\n<\/span><\/p>\n<p><span style=\"color: #777777; font-family: Arial;\">Est-ce que je suis d&rsquo;accord avec toutes les r\u00e9flexions, toutes les propositions de Marcel Gauchet&nbsp;? Bien s\u00fbr que non. Mais je l&rsquo;\u00e9coute avec attention et cette \u00e9coute m&rsquo;apporte beaucoup de connaissances et, ce qui est plus important encore, de questionnements.<br \/>\n<\/span><\/p>\n<p><span style=\"color: #777777; font-family: Arial;\">Alain Finkielkraut fait aussi partie des intellectuels que Lindenberg voue aux g\u00e9monies. Je suis beaucoup plus r\u00e9ticent devant les id\u00e9es et les peurs d\u00e9velopp\u00e9es par Alain Finkielkraut que devant les r\u00e9flexions de Marcel Gauchet, mais cela signifie-t-il que l&rsquo;auteur de \u00ab&nbsp;la D\u00e9faite de la pens\u00e9e&nbsp;\u00bb ne dit que des choses inint\u00e9ressantes, qu&rsquo;il ne peut rien m&rsquo;apporter, qu&rsquo;il ne m\u00e9rite m\u00eame pas que je l&rsquo;\u00e9coute&nbsp;?<br \/>\n<\/span><\/p>\n<p><span style=\"color: #777777; font-family: Arial;\">Bien s\u00fbr que non. J&rsquo;irai plus loin, son \u00e9mission \u00ab&nbsp;<a href=\"https:\/\/www.franceculture.fr\/emissions\/repliques\"><span style=\"color: #0000ff;\">R\u00e9pliques<\/span><\/a>&nbsp;\u00bb constitue un exemple de lieu de d\u00e9bat sans concession dans l&rsquo;honneur et le respect des id\u00e9es. J&rsquo;y reviendrai d&rsquo;ailleurs.<br \/>\n<\/span><\/p>\n<p><span style=\"color: #777777; font-family: Arial;\">Emmanuel Todd est \u00e9galement un intellectuel qui m&rsquo;int\u00e9resse et m&rsquo;inspire, mais il n&rsquo;est pas question d&rsquo;\u00eatre d&rsquo;accord avec tout ce qu&rsquo;il dit, il est raisonnable de ne pas le suivre dans certains de ces exc\u00e8s, pour autant je continue \u00e0 l&rsquo;\u00e9couter.<br \/>\n<\/span><\/p>\n<p><span style=\"color: #777777; font-family: Arial;\">Ecouter les id\u00e9es avec lesquelles on est d&rsquo;accord, mais aussi les autres. Accepter d&rsquo;\u00eatre bouscul\u00e9, remis en question. Mais pour ce faire il faut \u00e9couter et lire des personnalit\u00e9s et des intellectuels qui ont des id\u00e9es diff\u00e9rentes, l&rsquo;essentiel \u00e9tant qu&rsquo;ils argumentent, qu&rsquo;ils fondent leurs r\u00e9flexions sur des sources, des faits, un raisonnement.<br \/>\n<\/span><\/p>\n<p><span style=\"color: #777777; font-family: Arial;\">Voici comment je d\u00e9finirai le polygourouisme.<br \/>\n<\/span><\/p>\n<p><span style=\"color: #777777; font-family: Arial;\">Mais faut-il parler de gourous&nbsp;?<br \/>\n<\/span><\/p>\n<p><span style=\"color: #777777; font-family: Arial;\">Cela peut se discuter, mais je trouve ce terme amusant et aussi pertinent.<br \/>\n<\/span><\/p>\n<p><span style=\"color: #777777; font-family: Arial;\">Souvent on l&rsquo;utilise plut\u00f4t pour le d\u00e9nigrement.<br \/>\n<\/span><\/p>\n<p><span style=\"color: #777777; font-family: Arial;\">Personne qui lit r\u00e9guli\u00e8rement ce mot du jour ne peut ignorer que Yuval Noah Harari l&rsquo;auteur de \u00ab&nbsp;<span style=\"color: #0000ff;\"><a style=\"color: #0000ff;\" href=\"https:\/\/lemotdujour.fr\/?page_id=2658\">Sapien<\/a>s<\/span>&nbsp;\u00bb et de \u00ab<span style=\"color: #0000ff;\">&nbsp;<a style=\"color: #0000ff;\" href=\"https:\/\/lemotdujour.fr\/?p=3100\">Homo Deus&nbsp;<\/a><\/span>\u00bb fait partie des intellectuels qui m&rsquo;inspirent et m&rsquo;aident \u00e0 poursuivre cette qu\u00eate d&rsquo;essayer de comprendre le monde.<br \/>\n<\/span><\/p>\n<p><span style=\"color: #777777; font-family: Arial;\">Or <a href=\"http:\/\/www.valeursactuelles.com\/societe\/transhumanisme-yuval-noah-harari-un-gourou-tres-discret-92540\">&lt;<span style=\"color: #0000ff;\">Valeurs actuelles traite explicitement Yuval Noah Harari de gourou<\/span>&gt;<\/a><br \/>\n<\/span><\/p>\n<p><span style=\"color: #777777; font-family: Arial;\">Et cela me va, il fait partie de mon panth\u00e9on polygourouiste, comme Edgar Morin, Michel Serres et bien d&rsquo;autres.<br \/>\n<\/span><\/p>\n<p><span style=\"color: #777777; font-family: Arial;\">La disposition d&rsquo;esprit d&rsquo;accepter d&rsquo;examiner et de se nourrir de r\u00e9flexions diff\u00e9renci\u00e9es voire antinomiques constitue d&rsquo;ailleurs le meilleur moyen d&rsquo;approcher la complexit\u00e9 du monde.<br \/>\n<\/span><\/p>\n<p><span style=\"color: #777777; font-family: Arial;\">Pour finir et donner un exemple, accepter la complexit\u00e9 de l&rsquo;union europ\u00e9enne, c&rsquo;est faire appel \u00e0 Jacques Delors&nbsp;:<br \/>\n<\/span><\/p>\n<p style=\"margin-left: 28pt;\"><span style=\"color: #c00000; font-family: Arial;\"> \u00ab&nbsp;Notre union repose, selon l&rsquo;inspiration de l&rsquo;Acte Unique, sur trois principes :<br \/>\nla comp\u00e9tition qui stimule,<br \/>\nla coop\u00e9ration qui renforce,<br \/>\nla solidarit\u00e9 qui unit.<br \/>\n<\/span><a href=\"https:\/\/lemotdujour.fr\/?p=1999\"><span style=\"font-family: Arial;\"><span style=\"color: #0000ff;\">11 f\u00e9vrier 2013<\/span> <\/span><\/a><span style=\"font-family: Arial;\"><br \/>\n<\/span><\/p>\n<p><span style=\"color: #777777; font-family: Arial;\">Mais aussi \u00e0 Philippe Seguin<br \/>\n<\/span><\/p>\n<p style=\"margin-left: 28pt;\"><span style=\"color: #c00000; font-family: Arial;\">\u00ab Pour qu&rsquo;il y ait une d\u00e9mocratie il faut qu&rsquo;existe<br \/>\nun sentiment d&rsquo;appartenance communautaire suffisamment puissant pour entra\u00eener la minorit\u00e9 \u00e0 accepter la loi de la majorit\u00e9 !&nbsp; \u00bb<br \/>\n<\/span><span style=\"color: #0000ff;\"><a style=\"color: #0000ff;\" href=\"https:\/\/lemotdujour.fr\/?p=1188\"><span style=\"font-family: Arial;\">8 juillet 2015 <\/span><\/a><\/span><span style=\"font-family: Arial;\"><br \/>\n<\/span><\/p>\n<p><span style=\"color: #777777; font-family: Arial;\">Et m\u00eame \u00e0 Philippe de Villiers,<br \/>\n<\/span><\/p>\n<p style=\"margin-left: 28pt;\"><span style=\"color: #c00000; font-family: Arial;\">\u00ab&nbsp;Avec le recul, je pense que nous [<em>les anti maastrichtiens de droite<\/em>] nous sommes tromp\u00e9s, tromp\u00e9s de cible et d&rsquo;argumentaire : nous combattions le \u00ab Super \u00c9tat \u00bb [Europ\u00e9en].<br \/>\nLa construction europ\u00e9enne n&rsquo;est qu&rsquo;un affichage.<br \/>\nEn r\u00e9alit\u00e9, elle est une d\u00e9construction. Le but n&rsquo;est pas de faire \u00e9merger une nouvelle entit\u00e9 politique, mais d&rsquo;en finir avec la politique.&nbsp;\u00bb<br \/>\n<\/span><a href=\"https:\/\/lemotdujour.fr\/?p=1670\"><span style=\"font-family: Arial;\"><span style=\"color: #0000ff;\">5 avril 2016 <\/span><\/span><\/a><span style=\"font-family: Arial;\"><br \/>\n<\/span><\/p>\n<p><span style=\"color: #777777; font-family: Arial;\">J&rsquo;avais cit\u00e9 le 4 septembre 2013, Georges Bidault qui parlant des r\u00e9sistants et des trotskystes d\u00e9crivait tr\u00e8s bien le comportement des Lindenberg et consorts<br \/>\n<\/span><\/p>\n<p style=\"margin-left: 28pt;\"><span style=\"color: #c00000; font-family: Arial;\">\u00ab&nbsp;Les r\u00e9sistants c&rsquo;est comme les trotskystes<br \/>\nAvec un, tu fais un Parti<br \/>\navec deux, tu fais un congr\u00e8s<br \/>\navec 3, tu fais une scission&nbsp;\u00bb<br \/>\n<\/span><\/p>\n<p><span style=\"color: #800000; font-family: Arial;\">&lt;1001&gt;<\/span><\/p>\n","protected":false},"excerpt":{"rendered":"<p>\u00ab&nbsp;Le poly-gourouisme&nbsp;\u00bb Concept invent\u00e9 par Annie et moi pour signifier qu\u2019il faut savoir diversifier ses r\u00e9f\u00e9rents Reprenons donc le cours des mots du jour, celui-ci \u00e9tant donc dans une num\u00e9rotation en base 10 (pour comprendre cette incise il faut aller<\/p>\n","protected":false},"author":1,"featured_media":0,"comment_status":"open","ping_status":"closed","sticky":false,"template":"","format":"standard","meta":{"footnotes":""},"categories":[1],"tags":[6,3,26],"class_list":["post-3975","post","type-post","status-publish","format-standard","hentry","category-motdujour","tag-philosophie","tag-politique","tag-retrospective"],"_links":{"self":[{"href":"https:\/\/lemotdujour.fr\/index.php?rest_route=\/wp\/v2\/posts\/3975","targetHints":{"allow":["GET"]}}],"collection":[{"href":"https:\/\/lemotdujour.fr\/index.php?rest_route=\/wp\/v2\/posts"}],"about":[{"href":"https:\/\/lemotdujour.fr\/index.php?rest_route=\/wp\/v2\/types\/post"}],"author":[{"embeddable":true,"href":"https:\/\/lemotdujour.fr\/index.php?rest_route=\/wp\/v2\/users\/1"}],"replies":[{"embeddable":true,"href":"https:\/\/lemotdujour.fr\/index.php?rest_route=%2Fwp%2Fv2%2Fcomments&post=3975"}],"version-history":[{"count":6,"href":"https:\/\/lemotdujour.fr\/index.php?rest_route=\/wp\/v2\/posts\/3975\/revisions"}],"predecessor-version":[{"id":12324,"href":"https:\/\/lemotdujour.fr\/index.php?rest_route=\/wp\/v2\/posts\/3975\/revisions\/12324"}],"wp:attachment":[{"href":"https:\/\/lemotdujour.fr\/index.php?rest_route=%2Fwp%2Fv2%2Fmedia&parent=3975"}],"wp:term":[{"taxonomy":"category","embeddable":true,"href":"https:\/\/lemotdujour.fr\/index.php?rest_route=%2Fwp%2Fv2%2Fcategories&post=3975"},{"taxonomy":"post_tag","embeddable":true,"href":"https:\/\/lemotdujour.fr\/index.php?rest_route=%2Fwp%2Fv2%2Ftags&post=3975"}],"curies":[{"name":"wp","href":"https:\/\/api.w.org\/{rel}","templated":true}]}}