{"id":3936,"date":"2018-01-19T03:55:33","date_gmt":"2018-01-19T02:55:33","guid":{"rendered":"http:\/\/lemotdujour.fr\/?p=3936"},"modified":"2021-09-29T22:18:27","modified_gmt":"2021-09-29T20:18:27","slug":"vendredi-19-janvier-2018","status":"publish","type":"post","link":"https:\/\/lemotdujour.fr\/?p=3936","title":{"rendered":"Vendredi 19 janvier 2018"},"content":{"rendered":"<div class=\"mdjTexte\">\t\u00ab&nbsp;Encore une fois pas de mot du jour aujourd\u2019hui, mais vous pouvez en lire 1000 d\u00e9j\u00e0 \u00e9crits&nbsp;\u00bb<\/div>\n<div class=\"mdjAuteur\">\tL\u2019apr\u00e8s mille 5<\/div>\n<p><span style=\"color: #777777; font-family: Arial;\">Les mille mots du jour \u00e9crits depuis octobre 2012 sont r\u00e9pertori\u00e9s (exergue et auteur) sur cette page&nbsp;: <a href=\"https:\/\/lemotdujour.fr\/?page_id=2283\"><span style=\"color: #0000ff;\">&lt;Liste des mots&gt;<\/span><\/a><span style=\"color: #0000ff;\">.<\/span><br \/>\n<\/span><\/p>\n<p><span style=\"color: #777777; font-family: Arial;\">Pour en signaler un dernier aujourd&rsquo;hui : hier j&rsquo;ai rappel\u00e9 l&rsquo;hommage au grand musicien classique Claudio Abbado, il m&rsquo;est aussi arriv\u00e9 de parler de musiciens qui n&rsquo;\u00e9taient pas classiques.<br \/>\n<\/span><\/p>\n<p><span style=\"color: #777777; font-family: Arial;\">Le <a href=\"https:\/\/lemotdujour.fr\/?p=556\"><span style=\"color: blue; text-decoration: underline;\">7 janvier 2014 <\/span><\/a>j&rsquo;ai cit\u00e9 John Lennon&nbsp;:<br \/>\n<\/span><\/p>\n<p style=\"margin-left: 28pt;\"><span style=\"color: #c00000; font-family: Arial;\"><strong>\u00ab&nbsp;Quand je suis all\u00e9 \u00e0 l&rsquo;\u00e9cole, ils m&rsquo;ont demand\u00e9 ce que je voulais \u00eatre quand je serais grand.<\/strong><br \/>\n<strong> J&rsquo;ai r\u00e9pondu \u00ab&nbsp;heureux&nbsp;\u00bb.<\/strong><br \/>\n<strong> Ils m&rsquo;ont dit que je n&rsquo;avais pas compris la question,<\/strong><br \/>\n<strong> j&rsquo;ai r\u00e9pondu qu&rsquo;ils n&rsquo;avaient pas compris la vie.&nbsp;\u00bb<\/strong><br \/>\n<\/span><\/p>\n<p><span style=\"color: #777777; font-family: Arial;\">Evidemment, Jean-Philippe a raison, c&rsquo;est une convention que de marquer un point particulier au niveau de 1000. Mais nous avons l&rsquo;habitude de calculer en base 10 et de ce fait 1000 parait appropri\u00e9. Il a fallu 5 ans pour arriver \u00e0 mille, un quinquennat.<br \/>\n<\/span><\/p>\n<p><span style=\"color: #777777; font-family: Arial;\">Alors cette premi\u00e8re semaine, j&rsquo;ai voulu faire un simple retour vers ces 5 ans, en reprenant des mots qui illustrent le 1000\u00e8me mot : venu du c\u0153ur&#8230;et rappeler qu&rsquo;il existe une page qui les regroupe tous. J&rsquo;avais particip\u00e9 \u00e0 un stage de lecture rapide o\u00f9 on m&rsquo;avait expliqu\u00e9 comment aborder un livre qui n&rsquo;est pas un roman, mais un essai, un livre technique ou peut \u00eatre un livre d&rsquo;articles.&nbsp; Il ne faut pas commencer \u00e0 la premi\u00e8re page et finir \u00e0 la derni\u00e8re. Il faut commencer par la table des mati\u00e8res, puis lire le d\u00e9but, puis la fin et quelques pages du milieu. Ensuite si ce test a \u00e9t\u00e9 concluant on peut tout lire.<\/span><\/p>\n<p><span style=\"color: #777777; font-family: Arial;\">La page internet vers laquelle je vous incite \u00e0 aller depuis le d\u00e9but de cette semaine ressemble \u00e0 une table des mati\u00e8res&#8230;<\/span><\/p>\n<p><span style=\"color: #c00000; font-family: Arial;\">&lt;Article sans num\u00e9ro&gt;<\/span><\/p>\n","protected":false},"excerpt":{"rendered":"<p>\u00ab&nbsp;Encore une fois pas de mot du jour aujourd\u2019hui, mais vous pouvez en lire 1000 d\u00e9j\u00e0 \u00e9crits&nbsp;\u00bb L\u2019apr\u00e8s mille 5 Les mille mots du jour \u00e9crits depuis octobre 2012 sont r\u00e9pertori\u00e9s (exergue et auteur) sur cette page&nbsp;: &lt;Liste des mots&gt;.<\/p>\n","protected":false},"author":1,"featured_media":0,"comment_status":"open","ping_status":"closed","sticky":false,"template":"","format":"standard","meta":{"footnotes":""},"categories":[1],"tags":[54,26],"class_list":["post-3936","post","type-post","status-publish","format-standard","hentry","category-motdujour","tag-humanisme","tag-retrospective"],"_links":{"self":[{"href":"https:\/\/lemotdujour.fr\/index.php?rest_route=\/wp\/v2\/posts\/3936","targetHints":{"allow":["GET"]}}],"collection":[{"href":"https:\/\/lemotdujour.fr\/index.php?rest_route=\/wp\/v2\/posts"}],"about":[{"href":"https:\/\/lemotdujour.fr\/index.php?rest_route=\/wp\/v2\/types\/post"}],"author":[{"embeddable":true,"href":"https:\/\/lemotdujour.fr\/index.php?rest_route=\/wp\/v2\/users\/1"}],"replies":[{"embeddable":true,"href":"https:\/\/lemotdujour.fr\/index.php?rest_route=%2Fwp%2Fv2%2Fcomments&post=3936"}],"version-history":[{"count":6,"href":"https:\/\/lemotdujour.fr\/index.php?rest_route=\/wp\/v2\/posts\/3936\/revisions"}],"predecessor-version":[{"id":12312,"href":"https:\/\/lemotdujour.fr\/index.php?rest_route=\/wp\/v2\/posts\/3936\/revisions\/12312"}],"wp:attachment":[{"href":"https:\/\/lemotdujour.fr\/index.php?rest_route=%2Fwp%2Fv2%2Fmedia&parent=3936"}],"wp:term":[{"taxonomy":"category","embeddable":true,"href":"https:\/\/lemotdujour.fr\/index.php?rest_route=%2Fwp%2Fv2%2Fcategories&post=3936"},{"taxonomy":"post_tag","embeddable":true,"href":"https:\/\/lemotdujour.fr\/index.php?rest_route=%2Fwp%2Fv2%2Ftags&post=3936"}],"curies":[{"name":"wp","href":"https:\/\/api.w.org\/{rel}","templated":true}]}}