{"id":3923,"date":"2014-02-03T21:23:22","date_gmt":"2014-02-03T20:23:22","guid":{"rendered":"http:\/\/lemotdujour.fr\/?p=3923"},"modified":"2020-11-15T16:56:16","modified_gmt":"2020-11-15T15:56:16","slug":"lundi-3-fevrier-2014","status":"publish","type":"post","link":"https:\/\/lemotdujour.fr\/?p=3923","title":{"rendered":"Lundi 3 f\u00e9vrier 2014"},"content":{"rendered":"<div class=\"mdjTexte\">\t\u00ab&nbsp;La culture c\u2019est la vie et la vie est belle&nbsp;\u00bb<\/div>\n<div class=\"mdjAuteur\">\tClaudio Abbado<\/div>\n<p><span style=\"color: #777777; font-family: Arial;\">Claudio Abbado est mort Lundi 20 janvier 2014<br \/>\n<\/span><\/p>\n<p><img decoding=\"async\" class=\"alignleft\" src=\"https:\/\/lemotdujour.fr\/wp-content\/uploads\/2018\/01\/011418_2223_Lundi3fvrie1.jpg\" alt=\"\" align=\"left\"><span style=\"color: #777777; font-family: Arial;\">Tr\u00e8s jeune Claudio Abbado a \u00e9t\u00e9 un chef d&rsquo;orchestre remarquable et brillant.<br \/>\n<\/span><\/p>\n<p><span style=\"color: #777777; font-family: Arial;\">Il a dirig\u00e9 les plus grandes institutions musicales.<br \/>\n<\/span><\/p>\n<p><span style=\"color: #777777; font-family: Arial;\">A 35 ans, il devint Directeur de la Scala de Milan, il le restera pendant 18 ans.<br \/>\n<\/span><\/p>\n<p><span style=\"color: #777777; font-family: Arial;\">Apr\u00e8s, il dirigera l&rsquo;Op\u00e9ra de Vienne et lorsqu&rsquo;il fallut trouver un successeur \u00e0 Herbert von Karajan, les musiciens de l&rsquo;Orchestre Philharmonique de Berlin le d\u00e9sign\u00e8rent \u00e0 l&rsquo;unanimit\u00e9 en 1989.<br \/>\n<\/span><\/p>\n<p><span style=\"color: #777777; font-family: Arial;\">Et puis&#8230;<br \/>\n<\/span><\/p>\n<p><span style=\"color: #777777; font-family: Arial;\">En 2000, un terrible cancer l&rsquo;assaillit, un cancer de l&rsquo;estomac.<br \/>\n<\/span><\/p>\n<p><span style=\"color: #777777; font-family: Arial;\">Il revint au bout de quelques mois, \u00e9maci\u00e9 et transfigur\u00e9.<br \/>\n<\/span><\/p>\n<p><span style=\"color: #777777; font-family: Arial;\">Il dit alors : <span style=\"color: #c00000; font-family: Arial;\"> \u00ab&nbsp;J&rsquo;ai souffert et j&rsquo;ai lutt\u00e9 de toutes mes forces. Mais comme toujours, du mal peut na\u00eetre quelque chose de bon&nbsp;\u00bb.<br \/>\n<\/span><\/span><\/p>\n<p><span style=\"color: #777777; font-family: Arial;\">Il devint alors un chef g\u00e9nial et unique.<br \/>\n<\/span><\/p>\n<p><img decoding=\"async\" class=\"alignright\" src=\"https:\/\/lemotdujour.fr\/wp-content\/uploads\/2018\/01\/011418_2223_Lundi3fvrie2.jpg\" alt=\"\" align=\"left\"><span style=\"color: #777777; font-family: Arial;\">Il quitta l&rsquo;institution de la Philharmonie de Berlin et recr\u00e9a avec des musiciens venant de tous les horizons et notamment beaucoup de jeunes, l&rsquo;Orchestre du Festival de Lucerne, qu&rsquo;il dirigea tous les \u00e9t\u00e9s jusqu&rsquo;en 2013.<br \/>\n<\/span><\/p>\n<p><span style=\"color: #777777; font-family: Arial;\">Celui qui n&rsquo;a pas vu des vid\u00e9os de ces concerts, ne connait pas l&rsquo;\u00e9motion que la musique peut d\u00e9clencher.<br \/>\n<\/span><\/p>\n<p><span style=\"color: #777777; font-family: Arial;\">Claudio Abbado a alors construit une relation unique avec ces musiciens.<br \/>\n<\/span><\/p>\n<p><span style=\"color: #777777; font-family: Arial;\">Arte a diffus\u00e9 le Requiem de Mozart par Abbado et Lucerne interpr\u00e9t\u00e9 en ao\u00fbt 2012 et que vous trouvez sur Youtube :<br \/>\n<\/span><\/p>\n<p><a href=\"https:\/\/www.youtube.com\/watch?v=bprXJkOko7w\"><span style=\"color: blue; font-family: Arial; text-decoration: underline;\">Requiem de Mozart par Abbado Festival de Lucerne 2012<\/span><\/a><span style=\"color: #777777; font-family: Arial;\"><br \/>\n<\/span><\/p>\n<p><span style=\"color: #777777; font-family: Arial;\">A la fin de cette interpr\u00e9tation bouleversante, le public est rest\u00e9 silencieux pendant presque une minute avant d&rsquo;applaudir.<br \/>\n<\/span><\/p>\n<p><span style=\"color: #777777; font-family: Arial;\">Le silence \u00e9tait si intense qu&rsquo;il \u00e9tait encore musique.<br \/>\n<\/span><\/p>\n<p><span style=\"color: #777777; font-family: Arial;\">Nos mots sont trop pauvres pour d\u00e9crire l&rsquo;indicible et le sublime.<br \/>\n<\/span><\/p>\n<p><a href=\"http:\/\/www.auditoire.ch\/old\/?p=10169\"><span style=\"font-family: Arial;\"><span style=\"color: #0000ff;\">&lt;Ce journal suisse lui rend hommage&gt; <\/span><\/span><\/a><span style=\"color: #777777; font-family: Arial;\"> et pr\u00e9sente sa carri\u00e8re. L&rsquo;article se termine par cette conclusion&nbsp;:<br \/>\n<\/span><\/p>\n<p style=\"margin-left: 28pt;\"><span style=\"color: #c00000; font-family: Arial;\">[Claudio Abbado] disait que \u00ab&nbsp;la culture est un bien commun et primaire comme l&rsquo;eau&nbsp;\u00bb et que<strong> \u00ab&nbsp;La culture c&rsquo;est la vie et la vie est belle&nbsp;\u00bb.<\/strong> Place au silence.<br \/>\n<\/span><\/p>\n<p><span style=\"color: #800000; font-family: Arial;\">&lt;230&gt;<\/span><\/p>\n","protected":false},"excerpt":{"rendered":"<p>\u00ab&nbsp;La culture c\u2019est la vie et la vie est belle&nbsp;\u00bb Claudio Abbado Claudio Abbado est mort Lundi 20 janvier 2014 Tr\u00e8s jeune Claudio Abbado a \u00e9t\u00e9 un chef d&rsquo;orchestre remarquable et brillant. Il a dirig\u00e9 les plus grandes institutions musicales.<\/p>\n","protected":false},"author":1,"featured_media":0,"comment_status":"open","ping_status":"closed","sticky":false,"template":"","format":"standard","meta":{"footnotes":""},"categories":[1],"tags":[46,29,20],"class_list":["post-3923","post","type-post","status-publish","format-standard","hentry","category-motdujour","tag-art","tag-hommage","tag-musique"],"_links":{"self":[{"href":"https:\/\/lemotdujour.fr\/index.php?rest_route=\/wp\/v2\/posts\/3923","targetHints":{"allow":["GET"]}}],"collection":[{"href":"https:\/\/lemotdujour.fr\/index.php?rest_route=\/wp\/v2\/posts"}],"about":[{"href":"https:\/\/lemotdujour.fr\/index.php?rest_route=\/wp\/v2\/types\/post"}],"author":[{"embeddable":true,"href":"https:\/\/lemotdujour.fr\/index.php?rest_route=\/wp\/v2\/users\/1"}],"replies":[{"embeddable":true,"href":"https:\/\/lemotdujour.fr\/index.php?rest_route=%2Fwp%2Fv2%2Fcomments&post=3923"}],"version-history":[{"count":6,"href":"https:\/\/lemotdujour.fr\/index.php?rest_route=\/wp\/v2\/posts\/3923\/revisions"}],"predecessor-version":[{"id":10112,"href":"https:\/\/lemotdujour.fr\/index.php?rest_route=\/wp\/v2\/posts\/3923\/revisions\/10112"}],"wp:attachment":[{"href":"https:\/\/lemotdujour.fr\/index.php?rest_route=%2Fwp%2Fv2%2Fmedia&parent=3923"}],"wp:term":[{"taxonomy":"category","embeddable":true,"href":"https:\/\/lemotdujour.fr\/index.php?rest_route=%2Fwp%2Fv2%2Fcategories&post=3923"},{"taxonomy":"post_tag","embeddable":true,"href":"https:\/\/lemotdujour.fr\/index.php?rest_route=%2Fwp%2Fv2%2Ftags&post=3923"}],"curies":[{"name":"wp","href":"https:\/\/api.w.org\/{rel}","templated":true}]}}