{"id":3914,"date":"2018-01-17T03:58:26","date_gmt":"2018-01-17T02:58:26","guid":{"rendered":"http:\/\/lemotdujour.fr\/?p=3914"},"modified":"2021-10-17T11:24:38","modified_gmt":"2021-10-17T09:24:38","slug":"mercredi-17-janvier-2018","status":"publish","type":"post","link":"https:\/\/lemotdujour.fr\/?p=3914","title":{"rendered":"Mercredi 17 janvier 2018"},"content":{"rendered":"<div class=\"mdjTexte\">\t\u00ab&nbsp;Toujours pas de mot du jour aujourd\u2019hui, mais vous pouvez en lire 1000 d\u00e9j\u00e0 \u00e9crits Exemple&nbsp;: Ne renoncez \u00e0 rien ! surtout pas aux amis, surtout pas \u00e0 la vie.\u00bb<\/div>\n<div class=\"mdjAuteur\">\tL\u2019apr\u00e8s mille 3<\/div>\n<p><span style=\"color: #777777; font-family: Arial;\">Les mille mots du jour \u00e9crits depuis octobre 2012 sont r\u00e9pertori\u00e9s (exergue et auteur) sur cette page&nbsp;: <span style=\"color: #0000ff;\"><a style=\"color: #0000ff;\" href=\"https:\/\/lemotdujour.fr\/?page_id=2283\">&lt;Liste des mots&gt;<\/a><\/span><br \/>\n<\/span><\/p>\n<p><span style=\"color: #777777; font-family: Arial;\">Parmi ces mille, je voudrai revenir sur celui <a href=\"https:\/\/lemotdujour.fr\/?p=3909\"><span style=\"color: #0000ff;\">du 23 novembre 2015<\/span><\/a>, il portait le num\u00e9ro <strong>601<\/strong>.<br \/>\n<\/span><\/p>\n<p><span style=\"color: #777777; font-family: Arial;\">Le 13 novembre 2015, de terribles actes terroristes commis par des fous de Dieu se r\u00e9clamant de l&rsquo;Islam ont tu\u00e9 130 personnes et ont en bless\u00e9 413 (dont 99 gri\u00e8vements). Des fran\u00e7ais et des \u00e9trangers pr\u00e9sents \u00e0 Paris, dans la salle de spectacle du Bataclan ou assis \u00e0 des terrasses de caf\u00e9 ou se trouvant au stade de France ont \u00e9t\u00e9 la cible des obscurantistes qui veulent lutter contre la musique, la joie de vivre, la mixit\u00e9, la libert\u00e9 de penser, de croire ou non.<br \/>\n<\/span><\/p>\n<p><span style=\"color: #777777; font-family: Arial;\">Le vendredi 20 novembre 2015, une semaine plus tard, \u00e0 8:58, sur France Inter, \u00e0 la fin du 7-9, Patrick Cohen donne la parole \u00e0 Fran\u00e7ois Morel, sous les regards pleins d&rsquo;\u00e9motions de Bernard Pivot, Pierre Arditi et J\u00e9r\u00f4me Garcin.<br \/>\n<\/span><\/p>\n<p><span style=\"color: #777777; font-family: Arial;\">La musique de<span style=\"color: blue;\"> <span style=\"color: #777777;\">la romance sans parole opus 67 N\u00b0 4, appel\u00e9e \u00ab&nbsp;la fileuse&nbsp;\u00bb, de Mendelssohn d\u00e9marre.<br \/>\n<\/span><\/span><\/span><\/p>\n<p><span style=\"color: #777777; font-family: Arial;\">Et Fran\u00e7ois Morel se lance dans une harangue, prononc\u00e9e d&rsquo;une seule traite, presque sans reprendre son souffle&nbsp;:<br \/>\n<\/span><\/p>\n<p style=\"margin-left: 28pt;\"><span style=\"color: #c00000; font-family: Arial;\">\u00abNe renoncez \u00e0 rien !<br \/>\n<\/span><\/p>\n<p style=\"margin-left: 28pt;\"><span style=\"color: #c00000; font-family: Arial;\">Surtout pas au th\u00e9\u00e2tre, aux terrasses de caf\u00e9, \u00e0 la musique, \u00e0 l&rsquo;amiti\u00e9, au vin rouge, aux feuilles de menthe et aux citrons verts dans les mojitos, aux promenades dans Paris, aux boutiques, aux illuminations de No\u00ebl, aux marronniers du boulevard Arago, aux librairies, aux cin\u00e9mas, aux g\u00e2teaux d&rsquo;anniversaire.<br \/>\n<\/span><\/p>\n<p style=\"margin-left: 28pt;\"><span style=\"color: #c00000; font-family: Arial;\">Ne renoncez \u00e0 rien !<br \/>\n<\/span><\/p>\n<p style=\"margin-left: 28pt;\"><span style=\"color: #c00000; font-family: Arial;\">Surtout pas au Chablis, surtout pas au Reuilly, surtout pas \u00e0 l&rsquo;esprit. Ne renoncez \u00e0 rien ! Ni aux ponts de Paris, ni \u00e0 la Tour Eiffel, ni Place de la R\u00e9publique \u00e0 la statue de Marianne [\u2026].<br \/>\n<\/span><\/p>\n<p style=\"margin-left: 28pt;\"><span style=\"color: #c00000; font-family: Arial;\">Ne renoncez \u00e0 rien !<br \/>\n<\/span><\/p>\n<p style=\"margin-left: 28pt;\"><span style=\"color: #c00000; font-family: Arial;\">Surtout pas \u00e0 Paris, surtout pas aux titis, surtout pas \u00e0 Bercy.<br \/>\n<\/span><\/p>\n<p style=\"margin-left: 28pt;\"><span style=\"color: #c00000; font-family: Arial;\">Ne renoncez \u00e0 rien !<br \/>\n<\/span><\/p>\n<p style=\"margin-left: 28pt;\"><span style=\"color: #c00000; font-family: Arial;\">Ni \u00e0 Gavroche, ni \u00e0 Voltaire, ni \u00e0 Rousseau, ni aux oiseaux, ni aux ruisseaux, ni \u00e0 Nanterre, ni \u00e0 Hugo.<br \/>\n<\/span><\/p>\n<p style=\"margin-left: 28pt;\"><span style=\"color: #c00000; font-family: Arial;\">Ne renoncez \u00e0 rien !<br \/>\n<\/span><\/p>\n<p style=\"margin-left: 28pt;\"><span style=\"color: #c00000; font-family: Arial;\">Ni aux soleils couchants, ni aux collines d\u00e9sertes, ni aux for\u00eats profondes, ni aux chansons de Barbara, ni \u00e0 la foule des grands jours, ni \u00e0 l&rsquo;affluence des jours de f\u00eate, au Baiser de l&rsquo;H\u00f4tel de Ville, aux \u00e9treintes sous les portes coch\u00e8res, ni aux enfants qui jouent sur les trottoirs, ni aux cyclistes, ni aux cavistes, ni aux pianistes.<br \/>\n<\/span><\/p>\n<p style=\"margin-left: 28pt;\"><span style=\"color: #c00000; font-family: Arial;\">Ne renoncez \u00e0 rien !<br \/>\n<\/span><\/p>\n<p style=\"margin-left: 28pt;\"><span style=\"color: #c00000; font-family: Arial;\">Surtout pas aux envies, surtout pas aux lubies, surtout pas aux folies, ni aux masques, ni aux plumes, ni aux frasques, ni aux prunes, ni aux fiasques, ni aux brunes, ni aux \u00e9crivains, ni aux \u00e9clats de voix, ni aux \u00e9clats de rires, ni aux engueulades, ni aux files d&rsquo;attente, ni aux salles clairsem\u00e9es, ni aux filles d\u00e9v\u00eatues, ni aux gar\u00e7ons poilus, ni \u00e0 la r\u00e9volte, ni \u00e0 la joie d&rsquo;\u00eatre ensemble, ni au bonheur de partager, au plaisir d&rsquo;aimer, ni \u00e0 la l\u00e9g\u00e8ret\u00e9, ni \u00e0 l&rsquo;insouciance, ni \u00e0 la jeunesse, ni \u00e0 la libert\u00e9.<br \/>\n<\/span><\/p>\n<p style=\"margin-left: 28pt;\"><strong><span style=\"color: #c00000; font-family: Arial;\">Ne renoncez \u00e0 rien ! Ne renoncez \u00e0 rien ! Ne renoncez \u00e0 rien ! Ne renoncez \u00e0 rien !<br \/>\n<\/span><\/strong><span style=\"color: #c00000; font-family: Arial;\"><strong>Surtout pas \u00e0 Paris, surtout pas aux amis, surtout pas \u00e0 la vie.\u00bb<\/strong><br \/>\n<\/span><\/p>\n<p><span style=\"color: #777777; font-family: Arial;\">Dans ce cas lire est bien mais \u00e9couter Fran\u00e7ois Morel est encore mieux : <a href=\"http:\/\/www.franceinter.fr\/emission-le-billet-de-francois-morel-ne-renoncer-a-rien\"><span style=\"color: blue; text-decoration: underline;\">http:\/\/www.franceinter.fr\/emission-le-billet-de-francois-morel-ne-renoncer-a-rien<\/span><\/a><br \/>\n<\/span><\/p>\n<p><span style=\"color: #777777; font-family: Arial;\">Si vous voulez retrouver le mot du jour initial&nbsp;<a href=\"https:\/\/lemotdujour.fr\/?p=3909\">: <span style=\"color: #0000ff;\">le mot du jour du 23 novembre 2015<\/span><\/a><br \/>\n<\/span><\/p>\n<p><img decoding=\"async\" src=\"https:\/\/lemotdujour.fr\/wp-content\/uploads\/2018\/01\/011418_2152_Mercredi17j1.png\" alt=\"\"><span style=\"color: #777777; font-family: Arial;\"><br \/>\n<\/span><\/p>\n<p><span style=\"color: #800000; font-family: Arial;\">&lt;Article sans num\u00e9ro&gt;<\/span><\/p>\n","protected":false},"excerpt":{"rendered":"<p>\u00ab&nbsp;Toujours pas de mot du jour aujourd\u2019hui, mais vous pouvez en lire 1000 d\u00e9j\u00e0 \u00e9crits Exemple&nbsp;: Ne renoncez \u00e0 rien ! surtout pas aux amis, surtout pas \u00e0 la vie.\u00bb L\u2019apr\u00e8s mille 3 Les mille mots du jour \u00e9crits depuis<\/p>\n","protected":false},"author":1,"featured_media":0,"comment_status":"open","ping_status":"closed","sticky":false,"template":"","format":"standard","meta":{"footnotes":""},"categories":[1],"tags":[15,54,26],"class_list":["post-3914","post","type-post","status-publish","format-standard","hentry","category-motdujour","tag-france","tag-humanisme","tag-retrospective"],"_links":{"self":[{"href":"https:\/\/lemotdujour.fr\/index.php?rest_route=\/wp\/v2\/posts\/3914","targetHints":{"allow":["GET"]}}],"collection":[{"href":"https:\/\/lemotdujour.fr\/index.php?rest_route=\/wp\/v2\/posts"}],"about":[{"href":"https:\/\/lemotdujour.fr\/index.php?rest_route=\/wp\/v2\/types\/post"}],"author":[{"embeddable":true,"href":"https:\/\/lemotdujour.fr\/index.php?rest_route=\/wp\/v2\/users\/1"}],"replies":[{"embeddable":true,"href":"https:\/\/lemotdujour.fr\/index.php?rest_route=%2Fwp%2Fv2%2Fcomments&post=3914"}],"version-history":[{"count":7,"href":"https:\/\/lemotdujour.fr\/index.php?rest_route=\/wp\/v2\/posts\/3914\/revisions"}],"predecessor-version":[{"id":12325,"href":"https:\/\/lemotdujour.fr\/index.php?rest_route=\/wp\/v2\/posts\/3914\/revisions\/12325"}],"wp:attachment":[{"href":"https:\/\/lemotdujour.fr\/index.php?rest_route=%2Fwp%2Fv2%2Fmedia&parent=3914"}],"wp:term":[{"taxonomy":"category","embeddable":true,"href":"https:\/\/lemotdujour.fr\/index.php?rest_route=%2Fwp%2Fv2%2Fcategories&post=3914"},{"taxonomy":"post_tag","embeddable":true,"href":"https:\/\/lemotdujour.fr\/index.php?rest_route=%2Fwp%2Fv2%2Ftags&post=3914"}],"curies":[{"name":"wp","href":"https:\/\/api.w.org\/{rel}","templated":true}]}}