{"id":3909,"date":"2015-11-23T03:55:30","date_gmt":"2015-11-23T02:55:30","guid":{"rendered":"http:\/\/lemotdujour.fr\/?p=3909"},"modified":"2021-09-26T19:58:04","modified_gmt":"2021-09-26T17:58:04","slug":"lundi-23-novembre-2015-2","status":"publish","type":"post","link":"https:\/\/lemotdujour.fr\/?p=3909","title":{"rendered":"Lundi 23 novembre 2015"},"content":{"rendered":"<div class=\"mdjTexte\">\t\u00abNe renoncez \u00e0 rien ! Ne renoncez \u00e0 rien ! Ne renoncez \u00e0 rien ! Ne renoncez \u00e0 rien ! Surtout pas \u00e0 Paris, surtout pas aux amis, surtout pas \u00e0 la vie.\u00bb<\/div>\n<div class=\"mdjAuteur\">\tFran\u00e7ois Morel<\/div>\n<p><span style=\"color: #777777; font-family: Arial;\">Le mot du jour d&rsquo;aujourd&rsquo;hui est la conclusion de l&rsquo;appel, du cri, de la harangue que Fran\u00e7ois Morel a lanc\u00e9 lors de son billet hebdomadaire du vendredi, le 20 novembre :<br \/>\n<\/span><\/p>\n<p style=\"margin-left: 28pt;\"><span style=\"color: #c00000; font-family: Arial;\">\u00abNe renoncez \u00e0 rien !<br \/>\n<\/span><\/p>\n<p style=\"margin-left: 28pt;\"><span style=\"color: #c00000; font-family: Arial;\">Surtout pas au th\u00e9\u00e2tre, aux terrasses de caf\u00e9, \u00e0 la musique, \u00e0 l&rsquo;amiti\u00e9, au vin rouge, aux feuilles de menthe et aux citrons verts dans les mojitos, aux promenades dans Paris, aux boutiques, aux illuminations de No\u00ebl, aux marronniers du boulevard Arago, aux librairies, aux cin\u00e9mas, aux g\u00e2teaux d&rsquo;anniversaire.<br \/>\n<\/span><\/p>\n<p style=\"margin-left: 28pt;\"><span style=\"color: #c00000; font-family: Arial;\">Ne renoncez \u00e0 rien !<br \/>\n<\/span><\/p>\n<p style=\"margin-left: 28pt;\"><span style=\"color: #c00000; font-family: Arial;\">Surtout pas au Chablis, surtout pas au Reuilly, surtout pas \u00e0 l&rsquo;esprit. Ne renoncez \u00e0 rien ! Ni aux ponts de Paris, ni \u00e0 la Tour Eiffel, ni Place de la R\u00e9publique \u00e0 la statue de Marianne [\u2026].<br \/>\n<\/span><\/p>\n<p style=\"margin-left: 28pt;\"><span style=\"color: #c00000; font-family: Arial;\">Ne renoncez \u00e0 rien !<br \/>\n<\/span><\/p>\n<p style=\"margin-left: 28pt;\"><span style=\"color: #c00000; font-family: Arial;\">Surtout pas \u00e0 Paris, surtout pas aux titis, surtout pas \u00e0 Bercy.<br \/>\n<\/span><\/p>\n<p style=\"margin-left: 28pt;\"><span style=\"color: #c00000; font-family: Arial;\">Ne renoncez \u00e0 rien !<br \/>\n<\/span><\/p>\n<p style=\"margin-left: 28pt;\"><span style=\"color: #c00000; font-family: Arial;\">Ni \u00e0 Gavroche, ni \u00e0 Voltaire, ni \u00e0 Rousseau, ni aux oiseaux, ni aux ruisseaux, ni \u00e0 Nanterre, ni \u00e0 Hugo.<br \/>\n<\/span><\/p>\n<p style=\"margin-left: 28pt;\"><span style=\"color: #c00000; font-family: Arial;\">Ne renoncez \u00e0 rien !<br \/>\n<\/span><\/p>\n<p style=\"margin-left: 28pt;\"><span style=\"color: #c00000; font-family: Arial;\">Ni aux soleils couchants, ni aux collines d\u00e9sertes, ni aux for\u00eats profondes, ni aux chansons de Barbara, ni \u00e0 la foule des grands jours, ni \u00e0 l&rsquo;affluence des jours de f\u00eate, au Baiser de l&rsquo;H\u00f4tel de Ville, aux \u00e9treintes sous les portes coch\u00e8res, ni aux enfants qui jouent sur les trottoirs, ni aux cyclistes, ni aux cavistes, ni aux pianistes.<br \/>\n<\/span><\/p>\n<p style=\"margin-left: 28pt;\"><span style=\"color: #c00000; font-family: Arial;\">Ne renoncez \u00e0 rien !<br \/>\n<\/span><\/p>\n<p style=\"margin-left: 28pt;\"><img decoding=\"async\" class=\"alignleft\" src=\"https:\/\/lemotdujour.fr\/wp-content\/uploads\/2018\/01\/011418_2121_Lundi23nove1.png\" alt=\"\" align=\"left\"><span style=\"color: #c00000; font-family: Arial;\">Surtout pas aux envies, surtout pas aux lubies, surtout pas aux folies, ni aux masques, ni aux plumes, ni aux frasques, ni aux prunes, ni aux fiasques, ni aux brunes, ni aux \u00e9crivains, ni aux \u00e9clats de voix, ni aux \u00e9clats de rires, ni aux engueulades, ni aux files d&rsquo;attente, ni aux salles clairsem\u00e9es, ni aux filles d\u00e9v\u00eatues, ni aux gar\u00e7ons poilus, ni \u00e0 la r\u00e9volte, ni \u00e0 la joie d&rsquo;\u00eatre ensemble, ni au bonheur de partager, au plaisir d&rsquo;aimer, ni \u00e0 la l\u00e9g\u00e8ret\u00e9, ni \u00e0 l&rsquo;insouciance, ni \u00e0 la jeunesse, ni \u00e0 la libert\u00e9.<br \/>\n<\/span><\/p>\n<p style=\"margin-left: 28pt;\"><span style=\"color: #c00000; font-family: Arial;\">Ne renoncez \u00e0 rien ! Ne renoncez \u00e0 rien ! Ne renoncez \u00e0 rien ! Ne renoncez \u00e0 rien !<br \/>\n<\/span><\/p>\n<p style=\"margin-left: 28pt;\"><span style=\"color: #c00000; font-family: Arial;\">Surtout pas \u00e0 Paris, surtout pas aux amis, surtout pas \u00e0 la vie.\u00bb<br \/>\n<\/span><\/p>\n<p><span style=\"color: #777777; font-family: Arial;\">On peut le lire, mais il faut surtout l&rsquo;\u00e9couter : <a href=\"http:\/\/www.franceinter.fr\/emission-le-billet-de-francois-morel-ne-renoncer-a-rien\"><span style=\"color: blue; text-decoration: underline;\">http:\/\/www.franceinter.fr\/emission-le-billet-de-francois-morel-ne-renoncer-a-rien<\/span><\/a><br \/>\n<\/span><\/p>\n<p><span style=\"color: #777777; font-family: Arial;\">En fond sonore du billet de Fran\u00e7ois Morel vous entendez<a href=\"https:\/\/www.youtube.com\/watch?v=xSHBAzj3wC4\"><span style=\"color: blue; text-decoration: underline;\"> la romance sans parole opus 67 N\u00b0 4 appel\u00e9e \u00ab&nbsp;la fileuse&nbsp;\u00bb <\/span><\/a>de Mendelssohn<br \/>\n<\/span><\/p>\n<p><span style=\"color: #777777; font-family: Arial;\">Oui ne renon\u00e7ons \u00e0 rien !<br \/>\n<\/span><\/p>\n<p><span style=\"color: #777777; font-family: Arial;\">Certes il faut se d\u00e9fendre avec tous les moyens dont dispose l&rsquo;Etat de droit et avec les services de s\u00e9curit\u00e9 et de renseignement.<br \/>\n<\/span><\/p>\n<p><span style=\"color: #777777; font-family: Arial;\">Certes, chacun de nous peut \u00eatre atteint par un attentat de ces criminels aimant la mort, autant que nous la vie.<br \/>\n<\/span><\/p>\n<p><span style=\"color: #777777; font-family: Arial;\">Mais en ayant conscience que le risque pour chacun est d&rsquo;une probabilit\u00e9 tr\u00e8s faible. En comparaison, nous prenons un risque beaucoup plus \u00e9lev\u00e9 en montant dans une voiture et pourtant nous le faisons.<br \/>\n<\/span><\/p>\n<p><span style=\"color: #777777; font-family: Arial;\"><strong>Donc, oui ne renon\u00e7ons \u00e0 rien ! C&rsquo;est leur d\u00e9faite et notre victoire !<br \/>\n<\/strong><\/span><\/p>\n<p><span style=\"color: #c00000; font-family: Arial;\">&lt;601&gt;<\/span><\/p>\n","protected":false},"excerpt":{"rendered":"<p>\u00abNe renoncez \u00e0 rien ! Ne renoncez \u00e0 rien ! Ne renoncez \u00e0 rien ! Ne renoncez \u00e0 rien ! Surtout pas \u00e0 Paris, surtout pas aux amis, surtout pas \u00e0 la vie.\u00bb Fran\u00e7ois Morel Le mot du jour d&rsquo;aujourd&rsquo;hui<\/p>\n","protected":false},"author":1,"featured_media":0,"comment_status":"open","ping_status":"closed","sticky":false,"template":"","format":"standard","meta":{"footnotes":""},"categories":[1],"tags":[15,54,72],"class_list":["post-3909","post","type-post","status-publish","format-standard","hentry","category-motdujour","tag-france","tag-humanisme","tag-terrorisme"],"_links":{"self":[{"href":"https:\/\/lemotdujour.fr\/index.php?rest_route=\/wp\/v2\/posts\/3909","targetHints":{"allow":["GET"]}}],"collection":[{"href":"https:\/\/lemotdujour.fr\/index.php?rest_route=\/wp\/v2\/posts"}],"about":[{"href":"https:\/\/lemotdujour.fr\/index.php?rest_route=\/wp\/v2\/types\/post"}],"author":[{"embeddable":true,"href":"https:\/\/lemotdujour.fr\/index.php?rest_route=\/wp\/v2\/users\/1"}],"replies":[{"embeddable":true,"href":"https:\/\/lemotdujour.fr\/index.php?rest_route=%2Fwp%2Fv2%2Fcomments&post=3909"}],"version-history":[{"count":4,"href":"https:\/\/lemotdujour.fr\/index.php?rest_route=\/wp\/v2\/posts\/3909\/revisions"}],"predecessor-version":[{"id":12141,"href":"https:\/\/lemotdujour.fr\/index.php?rest_route=\/wp\/v2\/posts\/3909\/revisions\/12141"}],"wp:attachment":[{"href":"https:\/\/lemotdujour.fr\/index.php?rest_route=%2Fwp%2Fv2%2Fmedia&parent=3909"}],"wp:term":[{"taxonomy":"category","embeddable":true,"href":"https:\/\/lemotdujour.fr\/index.php?rest_route=%2Fwp%2Fv2%2Fcategories&post=3909"},{"taxonomy":"post_tag","embeddable":true,"href":"https:\/\/lemotdujour.fr\/index.php?rest_route=%2Fwp%2Fv2%2Ftags&post=3909"}],"curies":[{"name":"wp","href":"https:\/\/api.w.org\/{rel}","templated":true}]}}