{"id":3894,"date":"2018-01-16T03:47:25","date_gmt":"2018-01-16T02:47:25","guid":{"rendered":"http:\/\/lemotdujour.fr\/?p=3894"},"modified":"2021-10-17T11:26:28","modified_gmt":"2021-10-17T09:26:28","slug":"mardi-16-janvier-2018","status":"publish","type":"post","link":"https:\/\/lemotdujour.fr\/?p=3894","title":{"rendered":"Mardi 16 janvier 2018"},"content":{"rendered":"<div class=\"mdjTexte\">\u00ab Encore pas de mot du jour aujourd\u2019hui, mais vous pouvez en lire 1000 d\u00e9j\u00e0 \u00e9crits<\/div>\n<div class=\"mdjTexte\">Exemple\u00a0: Je me suis concentr\u00e9 sur la vie, sur continuer \u00e0 croitre, \u00e0 grandir\u00a0\u00bb<\/div>\n<div class=\"mdjAuteur\">L\u2019apr\u00e8s mille 2<\/div>\n<p><span style=\"color: #777777; font-family: Arial;\">Les mille mots du jour \u00e9crits depuis octobre 2012 sont r\u00e9pertori\u00e9s (exergue et auteur) sur cette page\u00a0: <span style=\"color: #0000ff;\"><a style=\"color: #0000ff;\" href=\"https:\/\/lemotdujour.fr\/?page_id=2283\">&lt;Liste des mots&gt;<\/a><\/span><br \/>\n<\/span><\/p>\n<p><span style=\"color: #777777; font-family: Arial;\">Je vous invite \u00e0 d\u00e9rouler rapidement cette page et de vous arr\u00eater sur un ou deux mots qui vous interpellent et de cliquer sur la date de ce mot. Ce qui vous renverra vers l&rsquo;article.<br \/>\n<\/span><\/p>\n<p><span style=\"color: #777777; font-family: Arial;\">Et n&rsquo;h\u00e9sitez pas \u00e0 laisser un commentaire pour approfondir, nuancer, critiquer bref enrichir l&rsquo;article.<br \/>\n<\/span><\/p>\n<p><span style=\"color: #777777; font-family: Arial;\">Aujourd&rsquo;hui cependant je souhaite rappeler <a href=\"https:\/\/lemotdujour.fr\/?p=3890\"><span style=\"color: #0000ff;\">le mot du jour du 7 mai 2014<\/span><\/a> , il portait le num\u00e9ro <strong>282<\/strong>.<br \/>\n<\/span><\/p>\n<p><span style=\"color: #777777; font-family: Arial;\">J&rsquo;avais entendu une \u00e9mission sur France Inter qui avait invit\u00e9 un homme Damien Echols.<br \/>\n<\/span><\/p>\n<p><span style=\"color: #777777; font-family: Arial;\">Il avait \u00e9t\u00e9 accus\u00e9 par erreur du meurtre de trois enfants aux Etats-Unis, alors qu&rsquo;il avait 18 ans.<br \/>\n<\/span><\/p>\n<p><span style=\"color: #777777; font-family: Arial;\">Il avait \u00e9t\u00e9 condamn\u00e9 \u00e0 mort et avait pass\u00e9 18 ans dans le couloir de la mort.<br \/>\n<\/span><\/p>\n<p><span style=\"color: #777777; font-family: Arial;\">Les faits remontaient \u00e0 1993\u00a0: Trois enfants de huit ans avaient \u00e9t\u00e9 retrouv\u00e9s sauvagement assassin\u00e9s \u00e0 West Memphis, dans l&rsquo;Etat de l&rsquo;Arkansas. Tr\u00e8s vite, trois jeunes marginaux sont soup\u00e7onn\u00e9s : Jessie Misskelley Jr, Jason Baldwin et Damien Echols.<br \/>\n<\/span><\/p>\n<p><span style=\"color: #777777; font-family: Arial;\">Au terme d&rsquo;un proc\u00e8s arbitraire qui accumule faux t\u00e9moignages et preuves falsifi\u00e9es, ces trois jeunes sont lourdement condamn\u00e9s : Misskelley et Baldwin \u00e0 la prison \u00e0 perp\u00e9tuit\u00e9, Echols \u00e0 la peine capitale.<br \/>\n<\/span><\/p>\n<p><span style=\"color: #777777; font-family: Arial;\">Finalement, en 2011, \u00e0 la faveur d&rsquo;une longue campagne de soutien (des personnalit\u00e9s comme Johnny Depp y ont particip\u00e9), la justice accepte de rouvrir le dossier et examine de nouvelles preuves scientifiques. Les trois hommes obtiennent leur lib\u00e9ration mais ne sont pas totalement innocent\u00e9s. Ils restent coupables aux yeux de la justice.<br \/>\n<\/span><\/p>\n<p><span style=\"color: #777777; font-family: Arial;\">Pour \u00eatre lib\u00e9r\u00e9, il fallait qu&rsquo;ils ne puissent attaquer l&rsquo;Etat qui les avait condamn\u00e9 parce que sinon il pouvait r\u00e9clamer 60 000 000 de dollars de dommages-int\u00e9r\u00eats. Alors ils ont d\u00fb conclure un accord avec la justice qui acceptait de les lib\u00e9rer mais sans reconna\u00eetre leur innocence. S&rsquo;ils avaient voulu faire reconna\u00eetre leur innocence ils auraient d\u00fb se lancer dans une longue proc\u00e9dure contre l&rsquo;Etat et continuer \u00e0 rester en prison pendant ce temps.<br \/>\n<\/span><\/p>\n<p><span style=\"color: #777777; font-family: Arial;\">Damien Echols a racont\u00e9 son cauchemar dans un livre, \u00ab\u00a0<a href=\"https:\/\/www.chez-mon-libraire.fr\/listeliv.php?base=allbooks&amp;mots_recherche=Damien%20Echols%20-%20La%20vie%20apr%E8s%20la%20mort\"><span style=\"color: #0000ff;\">La vie apr\u00e8s la mort<\/span>\u00a0<\/a>\u00bb (\u00e9ditions Ring), traduit en fran\u00e7ais.<br \/>\n<\/span><\/p>\n<p><span style=\"color: #777777; font-family: Arial;\">La journaliste avait pos\u00e9 cette question\u00a0:<br \/>\n<\/span><\/p>\n<p style=\"margin-left: 28pt;\"><span style=\"color: #c00000; font-family: Arial;\"> \u00ab\u00a0Quand on est condamn\u00e9 \u00e0 mort, est ce qu&rsquo;on vit chaque jour comme le dernier ?\u00a0\u00bb<br \/>\n<\/span><\/p>\n<p><span style=\"color: #777777; font-family: Arial;\">Et Damien Echols avait r\u00e9pondu\u00a0:<br \/>\n<\/span><\/p>\n<p style=\"margin-left: 28pt;\"><span style=\"color: #c00000; font-family: Arial;\">\u00ab\u00a0<strong>Je me suis concentr\u00e9 sur la vie, sur continuer \u00e0 croitre, \u00e0 grandir, intellectuellement, \u00e9motionnellement, spirituellement, j&rsquo;ai essay\u00e9 de continuer \u00e0 aller de l&rsquo;avant, l\u00e0 o\u00f9 je pouvais.\u00a0\u00bb<br \/>\n<\/strong><\/span><\/p>\n<p><span style=\"color: #777777; font-family: Arial;\">Qu&rsquo;un homme injustement condamn\u00e9, risquant l\u2019ex\u00e9cution capitale, puisse exprimer une telle force positive et humaniste me semble admirable.<\/span><\/p>\n<p><span style=\"color: #777777; font-family: Arial;\">Depuis j&rsquo;ai trouv\u00e9 un autre entretien, vid\u00e9o cette fois, sur TV5MONDE o\u00f9 <span style=\"color: #0000ff;\"><a style=\"color: #0000ff;\" href=\"https:\/\/www.youtube.com\/watch?v=NY72XuDzcc8\">Damien Echols s&rsquo;entretient avec Patrick Simonin<\/a><\/span><br \/>\n<\/span><\/p>\n<p><span style=\"color: #777777; font-family: Arial;\">Si vous voulez retrouver le mot du jour initial\u00a0:<span style=\"color: #0000ff;\"> <a style=\"color: #0000ff;\" href=\"https:\/\/lemotdujour.fr\/?p=3890\">le mot du jour du 7 mai 2014<\/a><\/span><br \/>\n<\/span><\/p>\n<p><img decoding=\"async\" src=\"https:\/\/lemotdujour.fr\/wp-content\/uploads\/2018\/01\/011418_1843_Mardi16janv1.png\" alt=\"\" \/><span style=\"color: #777777; font-family: Arial;\"><br \/>\n<\/span><\/p>\n<p><span style=\"color: #c00000; font-family: Arial;\"><span style=\"color: #800000;\">&lt;Article sans num\u00e9ro&gt;<\/span><br \/>\n<\/span><\/p>\n","protected":false},"excerpt":{"rendered":"<p>\u00ab Encore pas de mot du jour aujourd\u2019hui, mais vous pouvez en lire 1000 d\u00e9j\u00e0 \u00e9crits Exemple\u00a0: Je me suis concentr\u00e9 sur la vie, sur continuer \u00e0 croitre, \u00e0 grandir\u00a0\u00bb L\u2019apr\u00e8s mille 2 Les mille mots du jour \u00e9crits depuis<\/p>\n","protected":false},"author":1,"featured_media":0,"comment_status":"open","ping_status":"closed","sticky":false,"template":"","format":"standard","meta":{"footnotes":""},"categories":[1],"tags":[65,51,26],"class_list":["post-3894","post","type-post","status-publish","format-standard","hentry","category-motdujour","tag-etats-unis","tag-justice","tag-retrospective"],"_links":{"self":[{"href":"https:\/\/lemotdujour.fr\/index.php?rest_route=\/wp\/v2\/posts\/3894","targetHints":{"allow":["GET"]}}],"collection":[{"href":"https:\/\/lemotdujour.fr\/index.php?rest_route=\/wp\/v2\/posts"}],"about":[{"href":"https:\/\/lemotdujour.fr\/index.php?rest_route=\/wp\/v2\/types\/post"}],"author":[{"embeddable":true,"href":"https:\/\/lemotdujour.fr\/index.php?rest_route=\/wp\/v2\/users\/1"}],"replies":[{"embeddable":true,"href":"https:\/\/lemotdujour.fr\/index.php?rest_route=%2Fwp%2Fv2%2Fcomments&post=3894"}],"version-history":[{"count":6,"href":"https:\/\/lemotdujour.fr\/index.php?rest_route=\/wp\/v2\/posts\/3894\/revisions"}],"predecessor-version":[{"id":12327,"href":"https:\/\/lemotdujour.fr\/index.php?rest_route=\/wp\/v2\/posts\/3894\/revisions\/12327"}],"wp:attachment":[{"href":"https:\/\/lemotdujour.fr\/index.php?rest_route=%2Fwp%2Fv2%2Fmedia&parent=3894"}],"wp:term":[{"taxonomy":"category","embeddable":true,"href":"https:\/\/lemotdujour.fr\/index.php?rest_route=%2Fwp%2Fv2%2Fcategories&post=3894"},{"taxonomy":"post_tag","embeddable":true,"href":"https:\/\/lemotdujour.fr\/index.php?rest_route=%2Fwp%2Fv2%2Ftags&post=3894"}],"curies":[{"name":"wp","href":"https:\/\/api.w.org\/{rel}","templated":true}]}}