{"id":3873,"date":"2014-07-09T22:40:46","date_gmt":"2014-07-09T20:40:46","guid":{"rendered":"http:\/\/lemotdujour.fr\/?p=3873"},"modified":"2020-11-15T18:11:33","modified_gmt":"2020-11-15T17:11:33","slug":"mercredi-9-juillet-2014","status":"publish","type":"post","link":"https:\/\/lemotdujour.fr\/?p=3873","title":{"rendered":"Mercredi 9 juillet 2014"},"content":{"rendered":"<div class=\"mdjTexte\">\t\u00ab&nbsp;Pour la jeunesse et la paix&nbsp;\u00bb<\/div>\n<div class=\"mdjAuteur\">\tLatifa Ibn Ziaten<\/div>\n<p><span style=\"color: #777777; font-family: Arial;\">Latifa Ibn Ziaten est la m\u00e8re d&rsquo;Imad, le premier soldat tu\u00e9 \u00e0 Toulouse en mars 2012, l&rsquo;une des sept victimes de Mohamed Merah.<br \/>\n<\/span><\/p>\n<p><span style=\"color: #777777; font-family: Arial;\">Le mot du jour est le nom de l&rsquo;association qu&rsquo;elle a cr\u00e9\u00e9e et dont le nom complet est <a href=\"http:\/\/association-imad.fr\/v2\/\"><span style=\"color: #0000ff;\">\u00ab&nbsp;l&rsquo;association Imad Ibn Ziaten pour la jeunesse et la paix&nbsp;<\/span><\/a><span style=\"color: #0000ff;\">\u00bb<\/span><br \/>\n<\/span><\/p>\n<p><a href=\"http:\/\/www.franceinter.fr\/emission-ils-changent-le-monde-latifa-ibn-ziaten\"><span style=\"color: blue; font-family: Arial; text-decoration: underline;\"><span style=\"color: #0000ff; text-decoration: underline;\">\u00ab<\/span><span style=\"color: #0000ff; text-decoration: underline;\">&nbsp;J&rsquo;ai d\u00e9couvert cette femme lumineuse par l&rsquo;\u00e9mission de France Inter \u2013 ils changent le monde \u2013 du 30 juin&nbsp;\u00bb<\/span><\/span><\/a><span style=\"color: #777777; font-family: Arial;\"><br \/>\n<\/span><\/p>\n<p><img decoding=\"async\" class=\"alignleft\" src=\"https:\/\/lemotdujour.fr\/wp-content\/uploads\/2018\/01\/011018_2139_Mercredi9ju1.jpg\" alt=\"\" align=\"left\"><span style=\"color: #777777; font-family: Arial;\">Je dois m\u00eame dire que j&rsquo;ai \u00e9t\u00e9 submerg\u00e9 par l&rsquo;\u00e9motion, d&rsquo;entendre cette femme simple, musulmane voil\u00e9e, parler avec une langue limit\u00e9e mais avec une intelligence du c\u0153ur incroyable de l&rsquo;\u00e9ducation, de la r\u00e9publique, de la paix entre les religions, du respect que m\u00e9rite chacun. J&rsquo;ai \u00e9t\u00e9 impressionn\u00e9 par sa dignit\u00e9 et son humanit\u00e9.<br \/>\n<\/span><\/p>\n<p><span style=\"color: #777777; font-family: Arial;\">Dans cette \u00e9mission elle raconte d&rsquo;abord le d\u00e9but de l&rsquo;histoire pour elle : Un coup de fil en Turquie, o\u00f9 elle s\u00e9journe en vacances avec son mari, Ahmed, cheminot \u00e0 la retraite, leur apprend la mort d&rsquo;Imad, abattu d&rsquo;une balle dans la t\u00eate, pr\u00e8s d&rsquo;un gymnase. Le couple arrive \u00e0 l&rsquo;aube \u00e0 Toulouse. Latifa veut voir son fils \u00e0 la morgue.<br \/>\n<\/span><\/p>\n<p><span style=\"color: #777777; font-family: Arial;\">Mais la police l&rsquo;en emp\u00eache et la soumet toute la journ\u00e9e \u00e0 un interrogatoire d&rsquo;o\u00f9 il ressort que la police soup\u00e7onne son fils d&rsquo;\u00eatre m\u00eal\u00e9 \u00e0 de sombres trafics et d&rsquo;avoir \u00e9t\u00e9 victime d&rsquo;un r\u00e8glement de compte.<br \/>\n<\/span><\/p>\n<p><span style=\"color: #777777; font-family: Arial;\">\u00abUn policier m&rsquo;a dit : \u00ab&nbsp;Madame, vous ne connaissez pas toute la vie de votre fils.&nbsp;\u00bb Parce qu&rsquo;il s&rsquo;appelait Imad et qu&rsquo;il \u00e9tait arabe, la police a pens\u00e9 qu&rsquo;il \u00e9tait d\u00e9linquant, s&rsquo;indigne-t-elle. Mes enfants, je les ai les \u00e9lev\u00e9s dans le respect de l&rsquo;autre, de la R\u00e9publique. A la fin de l&rsquo;interrogatoire, il est trop tard, la morgue est ferm\u00e9e et Latifa ne peut plus voir son fils.<br \/>\n<\/span><\/p>\n<p><span style=\"color: #777777; font-family: Arial;\">Et elle raconte aussi comment, apr\u00e8s la mort de son fils, elle a pris un taxi pour retourner \u00e0 Toulouse dans le quartier des Izards, o\u00f9 a grandi l&rsquo;assassin de son fils. Elle a approch\u00e9 des jeunes en train de fumer un joint, leur a demand\u00e9 qui \u00e9tait Mohamed Merah : \u00abVous le connaissez pas, madame ? C&rsquo;est un martyr, un h\u00e9ros !\u00bb. Cette r\u00e9ponse l&rsquo;a tu\u00e9e \u00abune seconde fois\u00bb, dit-elle.<br \/>\n<\/span><\/p>\n<p><span style=\"color: #777777; font-family: Arial;\">Mais elle, la musulmane voil\u00e9e, va faire face, elle va leur dire qui elle est et ces jeunes d&rsquo;abord m\u00e9fiant, vont \u00eatre \u00e9branl\u00e9s puis vont s&rsquo;excuser et \u00e9couter cette femme leur dire qu&rsquo;ils sont dans l&rsquo;erreur et que l&rsquo;Islam ne leur dit pas d&rsquo;\u00eatre violent, de faire du mal.<br \/>\n<\/span><\/p>\n<p><span style=\"color: #777777; font-family: Arial;\">Puis elle cr\u00e9\u00e9e l&rsquo;association, pour faire de la p\u00e9dagogie aller \u00e0 la rencontre des parents et des enfants en train de se perdre. Elle sillonne les coll\u00e8ges, les lyc\u00e9es, les prisons, \u00e0 la rencontre des jeunes.<br \/>\n<\/span><\/p>\n<p style=\"margin-left: 28pt;\"><span style=\"color: #c00000; font-family: Arial;\">\u00abSi je peux \u00e9viter qu&rsquo;une m\u00e8re souffre comme je souffre, dit-elle, si je peux \u00e9viter un autre Merah, c&rsquo;est un bon combat.\u00bb<br \/>\n<\/span><\/p>\n<p><a href=\"http:\/\/www.marianne.net\/Le-combat-de-Latifa-Ibn-Ziaten-pour-eviter-un-autre-Merah_a226808.html\"><span style=\"color: blue; font-family: Arial; text-decoration: underline;\"><span style=\"color: #0000ff; text-decoration: underline;\">Marie Huret \u00e9crit dans Marianne :<\/span><\/span><\/a><span style=\"color: #777777; font-family: Arial;\"><br \/>\n<\/span><\/p>\n<p style=\"margin-left: 28pt;\"><span style=\"color: #c00000; font-family: Arial;\">\u00ab&nbsp;On se dit qu&rsquo;elle n&rsquo;\u00e9tait pas pr\u00e9par\u00e9e \u00e0 \u00e7a, Latifa, la jeune Marocaine de T\u00e9touan arriv\u00e9e \u00e0 18 ans en France pour rejoindre son homme. C&rsquo;est mal la conna\u00eetre. Elle s&rsquo;est toujours battue, a appris le fran\u00e7ais au centre social, pris le bus, fait du Solex. \u00abIl fallait que je trouve ma libert\u00e9\u00bb, dit-elle. Ses enfants grandissent dans une cit\u00e9, des tours de 10 \u00e9tages \u00e0 Sotteville-l\u00e8s-Rouen. Le couple ach\u00e8te un pavillon, ici, pas au Maroc. Chez les Ibn Ziaten, on ne dort pas jusqu&rsquo;\u00e0 midi, on range sa chambre, on partage le m\u00e9nage, on fait ses devoirs. Mais on dialogue, on choisit son sport, ses petits amis, ses \u00e9tudes. Ses cinq enfants ont re\u00e7u une double culture, tous ont un m\u00e9tier, standardiste, prof de sport, charg\u00e9 de com\u2026 Imad \u00e9tait le second. \u00abMon fils, il faisait mieux les g\u00e2teaux que moi, confie Latifa. L&rsquo;\u00e9ducation, c&rsquo;est la base. Ce n&rsquo;est pas \u00e0 l&rsquo;\u00e9cole d&rsquo;\u00e9duquer nos enfants. Le repas se prend en famille. \u00ab&nbsp;L&rsquo;\u00e9cole, \u00e7a va ? Les devoirs, \u00e7a va ?&nbsp;\u00bb C&rsquo;est \u00e7a, le dialogue. J&rsquo;ai cadr\u00e9 mes enfants, quand j&rsquo;ai senti qu&rsquo;ils \u00e9taient capables, je les ai laiss\u00e9s trouver leur chemin.\u00bb<br \/>\n<\/span><\/p>\n<p><a href=\"http:\/\/www.lexpress.fr\/actualite\/affaire-merah-latifa-ibn-ziaten-au-nom-du-fils_1225790.html\"><span style=\"color: blue; font-family: Arial; text-decoration: underline;\"><span style=\"color: #0000ff; text-decoration: underline;\">\u00ab&nbsp;Un autre article, dans l&rsquo;Express qui lui est consacr\u00e9e se finit par cette r\u00e9flexion :<\/span><\/span><\/a><span style=\"color: #777777; font-family: Arial;\"> \u00abA 52 ans, Latifa qui cherchait \u00ab&nbsp;un peu de lumi\u00e8re&nbsp;\u00bb a trouv\u00e9 sa voie: tenter d&rsquo;oublier ses souffrances, les cantines et le mus\u00e9e de Rouen pour pr\u00f4ner la r\u00e9conciliation universelle. Avec juste cette hantise: \u00ab&nbsp;Qu&rsquo;on se serve de ma douleur comme un label et que je finisse par faire commerce avec ma souffrance&nbsp;\u00bb. Lucide jusqu&rsquo;au bout.<br \/>\n<\/span><\/p>\n<p><span style=\"color: #777777; font-family: Arial;\">Le monde reste beau, tant qu&rsquo;il existera des femmes comme Latifa Ibn Ziaten<br \/>\n<\/span><\/p>\n<p><span style=\"color: #800000; font-family: Arial;\">&lt;322&gt;<\/span><\/p>\n","protected":false},"excerpt":{"rendered":"<p>\u00ab&nbsp;Pour la jeunesse et la paix&nbsp;\u00bb Latifa Ibn Ziaten Latifa Ibn Ziaten est la m\u00e8re d&rsquo;Imad, le premier soldat tu\u00e9 \u00e0 Toulouse en mars 2012, l&rsquo;une des sept victimes de Mohamed Merah. Le mot du jour est le nom de<\/p>\n","protected":false},"author":1,"featured_media":0,"comment_status":"open","ping_status":"closed","sticky":false,"template":"","format":"standard","meta":{"footnotes":""},"categories":[1],"tags":[38,15,54],"class_list":["post-3873","post","type-post","status-publish","format-standard","hentry","category-motdujour","tag-education","tag-france","tag-humanisme"],"_links":{"self":[{"href":"https:\/\/lemotdujour.fr\/index.php?rest_route=\/wp\/v2\/posts\/3873","targetHints":{"allow":["GET"]}}],"collection":[{"href":"https:\/\/lemotdujour.fr\/index.php?rest_route=\/wp\/v2\/posts"}],"about":[{"href":"https:\/\/lemotdujour.fr\/index.php?rest_route=\/wp\/v2\/types\/post"}],"author":[{"embeddable":true,"href":"https:\/\/lemotdujour.fr\/index.php?rest_route=\/wp\/v2\/users\/1"}],"replies":[{"embeddable":true,"href":"https:\/\/lemotdujour.fr\/index.php?rest_route=%2Fwp%2Fv2%2Fcomments&post=3873"}],"version-history":[{"count":5,"href":"https:\/\/lemotdujour.fr\/index.php?rest_route=\/wp\/v2\/posts\/3873\/revisions"}],"predecessor-version":[{"id":10126,"href":"https:\/\/lemotdujour.fr\/index.php?rest_route=\/wp\/v2\/posts\/3873\/revisions\/10126"}],"wp:attachment":[{"href":"https:\/\/lemotdujour.fr\/index.php?rest_route=%2Fwp%2Fv2%2Fmedia&parent=3873"}],"wp:term":[{"taxonomy":"category","embeddable":true,"href":"https:\/\/lemotdujour.fr\/index.php?rest_route=%2Fwp%2Fv2%2Fcategories&post=3873"},{"taxonomy":"post_tag","embeddable":true,"href":"https:\/\/lemotdujour.fr\/index.php?rest_route=%2Fwp%2Fv2%2Ftags&post=3873"}],"curies":[{"name":"wp","href":"https:\/\/api.w.org\/{rel}","templated":true}]}}