{"id":3849,"date":"2018-01-12T01:55:33","date_gmt":"2018-01-12T00:55:33","guid":{"rendered":"http:\/\/lemotdujour.fr\/?p=3849"},"modified":"2021-10-17T11:28:41","modified_gmt":"2021-10-17T09:28:41","slug":"vendredi-12-janvier-2018","status":"publish","type":"post","link":"https:\/\/lemotdujour.fr\/?p=3849","title":{"rendered":"Vendredi 12 janvier 2018"},"content":{"rendered":"<div class=\"mdjTexte\">\t\u00ab Von Herzen \u2013 m\u00f6ge es wieder zu Herzen gehen<br \/>\nVenue du c\u0153ur puisse t\u2019elle retrouver le chemin du c\u0153ur&nbsp;\u00bb<\/div>\n<div class=\"mdjAuteur\">\tLudwig van Beethoven, phrase mise en exergue de sa \u00ab&nbsp;Missa Solemnis&nbsp;\u00bb<\/div>\n<p><span style=\"color: #777777; font-family: Arial;\">A plusieurs reprises des coll\u00e8gues et amis, que j&rsquo;avais connus lors de mon passage dans l&rsquo;administration centrale de la direction g\u00e9n\u00e9rale des imp\u00f4ts \u00e0 Bercy entre 1987 et 2002, m&rsquo;ont \u00e9crit pour exprimer un avis positif sur la qualit\u00e9 globale des mots du jour. Mais ils ajoutaient imm\u00e9diatement une nuance en la justifiant par la crainte que \u00ab&nbsp;je prenne la grosse t\u00eate&nbsp;\u00bb.<br \/>\n<\/span><\/p>\n<p><span style=\"color: #777777; font-family: Arial;\">Il me semble que cette crainte est injustifi\u00e9e&nbsp;: tous mes butinages, mes lectures, mes d\u00e9couvertes que je tente de pr\u00e9senter et d&rsquo;expliquer ne me montre qu&rsquo;une chose : l&rsquo;incommensurabilit\u00e9 de mon ignorance \u00e0 laquelle j&rsquo;ajouterai la vanit\u00e9 d&rsquo;essayer de comprendre la complexit\u00e9 du monde et de l&rsquo;humain. Ce constat ne peut que me pousser \u00e0 une tr\u00e8s grande humilit\u00e9.<br \/>\n<\/span><\/p>\n<p><span style=\"color: #777777; font-family: Arial;\">J&rsquo;aime pourtant l&rsquo;image que donne Michel Serres pour d\u00e9finir le verbe vieillir : monter un escalier chaque jour pour aller vers un plus d&rsquo;intelligence, de sagesse, de simplicit\u00e9 et de mod\u00e9ration.<br \/>\n<\/span><\/p>\n<p><span style=\"color: #777777; font-family: Arial;\">Un des mots du jour le plus porteur de sens pour moi est celui qu&rsquo;a \u00e9crit Rachid Benzine&nbsp;: \u00ab&nbsp;<a href=\"https:\/\/lemotdujour.fr\/?p=399\"><span style=\"color: #0000ff;\">Le contraire de la connaissance, ce n&rsquo;est pas l&rsquo;ignorance mais les certitudes<\/span><\/a>.\u00bb<br \/>\n<\/span><\/p>\n<p><span style=\"color: #777777; font-family: Arial;\">Je n&rsquo;aime plus beaucoup mon m\u00e9tier. Je suppose n&rsquo;\u00eatre pas seul dans ce cas. J&rsquo;essaye pourtant de l&rsquo;accomplir au mieux par devoir et par \u00e9thique. Il puise beaucoup de mon \u00e9nergie et me donne assez peu en retour. Je suis injuste, il me donne un revenu confortable qui me permet de vivre mat\u00e9riellement sans peur du lendemain et m&rsquo;autorise ainsi \u00e0 \u00eatre libre, libre de m&rsquo;int\u00e9resser \u00e0 bien des choses qui d\u00e9passent les contingences mat\u00e9rielles.<br \/>\n<\/span><\/p>\n<p><span style=\"color: #777777; font-family: Arial;\">Mais du point de vue intellectuel le m\u00e9tier que j&rsquo;exerce occupe ma journ\u00e9e mais ne la remplit pas.<br \/>\n<\/span><\/p>\n<p><span style=\"color: #777777; font-family: Arial;\">Ma qu\u00eate de mots du jour la remplit.<br \/>\n<\/span><\/p>\n<p><span style=\"color: #777777; font-family: Arial;\">Depuis que jeune, il m&rsquo;arrivait de comprendre les math\u00e9matiques un peu plus vite que certains camarades, j&rsquo;ai appris que dans l&rsquo;acte d&rsquo;explication celui qui en profitait le plus \u00e9tait celui qui expliquait. Confucius aurait dit : \u00abCe qu&rsquo;on me dit je l&rsquo;oublie, ce que je vois je m&rsquo;en souviens, ce que je fais je le sais.\u00bb<br \/>\n<\/span><\/p>\n<p><span style=\"color: #777777; font-family: Arial;\">Lire, \u00e9couter, regarder permet d&rsquo;approcher une connaissance, mais ce qui permet de l&rsquo;approfondir est l&rsquo;acte de vouloir l&rsquo;expliquer donc \u00e9crire. Car \u00e9crire demande d&rsquo;interroger, de poser questions, d&rsquo;\u00e9clairer des points obscurs ou d&rsquo;avouer qu&rsquo;on ne comprend pas. Mais s&rsquo;avouer \u00e0 soi-m\u00eame qu&rsquo;on ne comprend pas accroit paradoxalement la connaissance contrairement aux certitudes pour revenir \u00e0 cette lumineuse phrase de Rachid Benzine.<br \/>\n<\/span><\/p>\n<p><span style=\"color: #777777; font-family: Arial;\">R\u00e9cemment j&rsquo;ai entendu Hubert Reeves d\u00e9velopper le raisonnement suivant&nbsp;: Nous pouvons rationnellement penser qu&rsquo;un chat comprend moins de choses qu&rsquo;un humain et qu&rsquo;il existe donc une limite \u00e0 sa compr\u00e9hension. Cet exemple doit nous pousser, nous autres humains de l&rsquo;esp\u00e8ce homo sapiens, d&rsquo;admettre qu&rsquo;il existe des choses que nous ne pouvons pas comprendre et que notre intelligence conna\u00eet des limites.<br \/>\n<\/span><\/p>\n<p><span style=\"color: #777777; font-family: Arial;\">L&rsquo;homme augment\u00e9 cher aux transhumanistes, s&rsquo;il existe un jour, aura aussi ses limites, peut-\u00eatre pas les m\u00eames.<br \/>\n<\/span><\/p>\n<p><span style=\"color: #777777; font-family: Arial;\">Mais il fallait trouver <strong>un exergue<\/strong> \u00e0 ce <strong>1000<sup>\u00e8me<\/sup><\/strong> mot du jour.<br \/>\n<\/span><\/p>\n<p><span style=\"color: #777777; font-family: Arial;\">Dans notre vie nous rencontrons des personnes, des lieux, des \u0153uvres de l&rsquo;esprit et aussi des mots.<br \/>\n<\/span><\/p>\n<p><span style=\"color: #777777; font-family: Arial;\">Parfois, on se souvient de la premi\u00e8re rencontre avec un mot. C&rsquo;est le cas pour moi avec le mot \u00ab&nbsp;exergue&nbsp;\u00bb qui rappelons le, signifie selon Le Larousse&nbsp;: \u00ab&nbsp;Inscription plac\u00e9e en t\u00eate d&rsquo;un ouvrage&nbsp;\u00bb mais le CNRS dans son outil lexical en ligne donne une d\u00e9finition plus pr\u00e9cise&nbsp;: \u00ab&nbsp;<strong>Formule, pens\u00e9e, citation plac\u00e9e en t\u00eate d&rsquo;un \u00e9crit pour en r\u00e9sumer le sens, l&rsquo;esprit, la port\u00e9e, ou inscription plac\u00e9e sur un objet quelconque \u00e0 titre de devise ou de l\u00e9gende<\/strong>&nbsp;\u00bb.<br \/>\n<\/span><\/p>\n<p><img loading=\"lazy\" decoding=\"async\" class=\"alignleft\" src=\"https:\/\/lemotdujour.fr\/wp-content\/uploads\/2018\/01\/010818_1054_Vendredi12j1.jpg\" alt=\"\" width=\"526\" height=\"787\" align=\"left\"><span style=\"color: #777777; font-family: Arial;\">Ma premi\u00e8re rencontre avec ce mot a eu lieu lors de la lecture d&rsquo;un livret d&rsquo;un coffret microsillon et je peux encore citer de m\u00e9moire cette rencontre qui a eu lieu il y a environ 45 ans&nbsp;:<br \/>\n<\/span><\/p>\n<p style=\"margin-left: 28pt;\"><span style=\"color: #c00000; font-family: Arial;\">\u00ab&nbsp;Venue du c\u0153ur, puisse t&rsquo;elle retrouver le chemin du c\u0153ur&nbsp;\u00bb c&rsquo;est l&rsquo;exergue que Ludwig van Beethoven a mis en marge de sa partition de sa Missa Solemnis dont il disait qu&rsquo;elle \u00e9tait son \u0153uvre la plus accomplie.<br \/>\n<\/span><\/p>\n<p><span style=\"color: #777777; font-family: Arial;\">Sur internet, j&rsquo;ai d&rsquo;ailleurs pu trouver une reproduction de la page de la partition annot\u00e9e de la main de Beethoven. En haut de la page, comme il s&rsquo;agit du Kyrie, c&rsquo;est le tout d\u00e9but de la partition. Sur cette reproduction, j&rsquo;ai r\u00e9\u00e9crit en rouge lisible en renvoyant vers l&rsquo;\u00e9criture de Beethoven.<br \/>\n<\/span><\/p>\n<p><span style=\"color: #777777; font-family: Arial;\">C&rsquo;est donc un juste retour des choses que de mettre en exergue, la phrase qui m&rsquo;a appris ce qu&rsquo;\u00e9tait un exergue.<br \/>\n<\/span><\/p>\n<p><span style=\"color: #777777; font-family: Arial;\">Mais il y a une deuxi\u00e8me raison.<br \/>\n<\/span><\/p>\n<p><span style=\"color: #777777; font-family: Arial;\">J&rsquo;ai plac\u00e9 ce milli\u00e8me mot du jour dans l&rsquo;univers de la pens\u00e9e complexe, de l&rsquo;effort de comprendre, du travail de l&rsquo;intelligence et de l&rsquo;approfondissement.<br \/>\n<\/span><\/p>\n<p><span style=\"color: #777777; font-family: Arial;\">Or, si en effet, la Missa Solemnis est une des \u0153uvres les plus achev\u00e9es de Beethoven et de la musique occidentale, c&rsquo;est une \u0153uvre difficile d&rsquo;acc\u00e8s.<br \/>\n<\/span><\/p>\n<p><span style=\"color: #777777; font-family: Arial;\">Si vous avez du mal avec la musique classique, ce n&rsquo;est certainement avec la Missa Solemnis qu&rsquo;il faut commencer.<br \/>\n<\/span><\/p>\n<p><span style=\"color: #777777; font-family: Arial;\">Commencez avec les quatre saisons de Vivaldi qui est un authentique chef d&rsquo;\u0153uvre, la flute enchant\u00e9e de Mozart, le concerto de violon de Beethoven, pas avec la Missa Solemnis.<br \/>\n<\/span><\/p>\n<p><span style=\"color: #777777; font-family: Arial;\">La Missa Solemnis est exigeante, il faut \u00eatre pr\u00eat \u00e0 affronter la complexit\u00e9 et l&rsquo;\u00e2pret\u00e9 de son \u00e9criture pour en tirer la beaut\u00e9 immat\u00e9rielle et extatique qu&rsquo;elle r\u00e9v\u00e8le.<br \/>\n<\/span><\/p>\n<p><span style=\"color: #777777; font-family: Arial;\">Et il y a une troisi\u00e8me raison.<br \/>\n<\/span><\/p>\n<p><span style=\"color: #777777; font-family: Arial;\">Un des mots du jour r\u00e9cent nous apprenait que nous poss\u00e9dions en r\u00e9alit\u00e9 trois cerveaux&nbsp;: l&rsquo;organe qui porte ce nom, les intestins et le c\u0153ur.<br \/>\n<\/span><\/p>\n<p><span style=\"color: #777777; font-family: Arial;\">J&rsquo;\u00e9crivais que pour le c\u0153ur, la question restait ouverte. Mais acceptons cette hypoth\u00e8se que nous agissons aussi par ce que le c\u0153ur nous ordonne.<br \/>\n<\/span><\/p>\n<p><span style=\"color: #777777; font-family: Arial;\">Notre intuition, notre exp\u00e9rience nous pousse \u00e0 croire que le c\u0153ur l&#8217;emporte parfois sur la raison.<br \/>\n<\/span><\/p>\n<p><span style=\"color: #777777; font-family: Arial;\">Alors dans un monde o\u00f9 l&rsquo;intelligence artificielle a vocation \u00e0 devenir de plus en plus omniscient, certains pr\u00e9disent m\u00eame qu&rsquo;elle va supplanter l&rsquo;intelligence humaine, nous gardons, nous autre homo sapiens non augment\u00e9, ce privil\u00e8ge sur la machine de savoir penser avec le c\u0153ur.<br \/>\n<\/span><\/p>\n<p><span style=\"color: #777777; font-family: Arial;\">Je pense qu&rsquo;il n&rsquo;est pas difficile de trouver dans les 999 mots du jour pr\u00e9c\u00e9dents, un certain nombre qui sont le fruit de l&rsquo;intelligence du c\u0153ur.<br \/>\n<\/span><\/p>\n<p><span style=\"color: #777777; font-family: Arial;\">Et je crois plus g\u00e9n\u00e9ralement que quasi dans chacun d&rsquo;entre eux, il y a une part plus ou moins importante de l&rsquo;intelligence du c\u0153ur.<br \/>\n<\/span><\/p>\n<p><span style=\"color: #777777; font-family: Arial;\">C&rsquo;est pourquoi, \u00e9crire pour ce milli\u00e8me mot du jour&nbsp;: \u00ab&nbsp;Venu du c\u0153ur, puisse t&rsquo;il retrouver le chemin du c\u0153ur&nbsp;\u00bb me semble une expression adapt\u00e9e \u00e0 cette circonstance.<br \/>\n<\/span><\/p>\n<p><span style=\"color: #777777; font-family: Arial;\">J&rsquo;avais \u00e9crit un mot du jour qui avait fait r\u00e9agir&nbsp;: \u00ab&nbsp;L&rsquo;homme m\u00e9diocre parle des personnes, l&rsquo;homme moyen parle des faits, l&rsquo;homme de culture parle des id\u00e9es&nbsp;\u00bb. Mais j&rsquo;avais reconnu les limites et l&rsquo;incompl\u00e9tude de cette affirmation lors du <a href=\"https:\/\/lemotdujour.fr\/?p=3540\"><span style=\"color: #0000ff;\">mot du jour hommage \u00e0 Barbara<\/span>&nbsp;<\/a>: en \u00e9crivant&nbsp;: Barbara me rappelle que j&rsquo;ai oubli\u00e9 le plus l&rsquo;important&nbsp;: \u00ab&nbsp;L&rsquo;homme de c\u0153ur et en l&rsquo;occurrence la femme de c\u0153ur parle de la vie et de l&rsquo;amour.&nbsp;\u00bb<br \/>\n<\/span><\/p>\n<p>&nbsp;<\/p>\n<p><span style=\"color: #777777; font-family: Arial;\">Il est d&rsquo;usage quand je parle d&rsquo;une \u0153uvre musicale de donner des liens ou des indications discographiques. Si je ne le fais pas, je suis d&rsquo;ailleurs rappel\u00e9 \u00e0 l&rsquo;ordre pour que je m&rsquo;ex\u00e9cute.<br \/>\n<\/span><\/p>\n<p><span style=\"color: #777777; font-family: Arial;\">Peut-\u00eatre que le meilleur moyen d&rsquo;entrer dans cette \u0153uvre se trouve dans l&rsquo;Agnus Dei dont Beethoven a confi\u00e9 l&rsquo;introduction \u00e0 la voix de basse dans une atmosph\u00e8re de grande profondeur. Vous trouverez <span style=\"color: #0000ff;\"><a style=\"color: #0000ff;\" href=\"https:\/\/www.youtube.com\/watch?v=URMtKDr7Gww\">&lt;ICI&gt;<\/a><\/span> cette partie de la messe chant\u00e9e par G\u00e9rald Finley, en 2012, au Concertgebouw d&rsquo;Amsterdam sous la direction inspir\u00e9e de Nikolaus Harnoncourt.<br \/>\n<\/span><\/p>\n<p><span style=\"color: #777777; font-family: Arial;\">Pour une interpr\u00e9tation compl\u00e8te de l&rsquo;\u0153uvre, vous trouverez <a href=\"https:\/\/www.youtube.com\/watch?v=VUUElRVrTeY&amp;t=34s\"><span style=\"color: #0000ff;\">&lt;ICI&gt;<\/span><\/a> dans un autre haut lieu de la musique classique europ\u00e9enne, \u00e0 Dresde, avec l&rsquo;orchestre de la Staatskapelle de Dresde une interpr\u00e9tation dirig\u00e9e par Christian Thielemann.<br \/>\n<\/span><\/p>\n<p><span style=\"color: #777777; font-family: Arial;\">Si votre curiosit\u00e9 vous pousse plus loin, je peux vous donner la version audio qui depuis sa sortie fait l&rsquo;unanimit\u00e9&nbsp;:<br \/>\n<\/span><\/p>\n<p><span style=\"color: #777777; font-family: Arial;\">La version d&rsquo;Otto Klemperer enregistr\u00e9e en 1966<br \/>\n<\/span><\/p>\n<p><a href=\"https:\/\/musique.fnac.com\/a7405154\/Otto-Klemperer-Beethoven-missa-solemnis-rema-CD-album?omnsearchpos=2\"><img decoding=\"async\" src=\"https:\/\/lemotdujour.fr\/wp-content\/uploads\/2018\/01\/010818_1054_Vendredi12j2.jpg\" alt=\"\" border=\"0\"><\/a><span style=\"color: #777777; font-family: Arial;\"><br \/>\n<\/span><\/p>\n<p><span style=\"color: #777777; font-family: Arial;\">Mais j&rsquo;ai un faible pour une version plus r\u00e9cente de Philippe Herreweghe paru en 2012<br \/>\n<\/span><\/p>\n<p><a href=\"https:\/\/musique.fnac.com\/a4827947\/Ludwig-van-Beethoven-Missa-solemnis-CD-album#st=MISSA%20SOLEMNIS%20&amp;ct=Rayons&amp;t=p\"><img loading=\"lazy\" decoding=\"async\" class=\"\" src=\"https:\/\/lemotdujour.fr\/wp-content\/uploads\/2018\/01\/010818_1054_Vendredi12j3.jpg\" alt=\"\" width=\"326\" height=\"290\"><\/a><span style=\"color: #777777; font-family: Arial;\"><br \/>\n<\/span><\/p>\n<p><span style=\"color: #777777; font-family: Arial;\">.<br \/>\n<\/span><\/p>\n<p><span style=\"color: #c00000; font-family: Arial; font-size: 14pt;\"><strong>&lt;1000&gt;<\/strong><\/span><\/p>\n","protected":false},"excerpt":{"rendered":"<p>\u00ab Von Herzen \u2013 m\u00f6ge es wieder zu Herzen gehen Venue du c\u0153ur puisse t\u2019elle retrouver le chemin du c\u0153ur&nbsp;\u00bb Ludwig van Beethoven, phrase mise en exergue de sa \u00ab&nbsp;Missa Solemnis&nbsp;\u00bb A plusieurs reprises des coll\u00e8gues et amis, que j&rsquo;avais<\/p>\n","protected":false},"author":1,"featured_media":0,"comment_status":"open","ping_status":"closed","sticky":false,"template":"","format":"standard","meta":{"footnotes":""},"categories":[1],"tags":[53,20,6],"class_list":["post-3849","post","type-post","status-publish","format-standard","hentry","category-motdujour","tag-affect","tag-musique","tag-philosophie"],"_links":{"self":[{"href":"https:\/\/lemotdujour.fr\/index.php?rest_route=\/wp\/v2\/posts\/3849","targetHints":{"allow":["GET"]}}],"collection":[{"href":"https:\/\/lemotdujour.fr\/index.php?rest_route=\/wp\/v2\/posts"}],"about":[{"href":"https:\/\/lemotdujour.fr\/index.php?rest_route=\/wp\/v2\/types\/post"}],"author":[{"embeddable":true,"href":"https:\/\/lemotdujour.fr\/index.php?rest_route=\/wp\/v2\/users\/1"}],"replies":[{"embeddable":true,"href":"https:\/\/lemotdujour.fr\/index.php?rest_route=%2Fwp%2Fv2%2Fcomments&post=3849"}],"version-history":[{"count":10,"href":"https:\/\/lemotdujour.fr\/index.php?rest_route=\/wp\/v2\/posts\/3849\/revisions"}],"predecessor-version":[{"id":12330,"href":"https:\/\/lemotdujour.fr\/index.php?rest_route=\/wp\/v2\/posts\/3849\/revisions\/12330"}],"wp:attachment":[{"href":"https:\/\/lemotdujour.fr\/index.php?rest_route=%2Fwp%2Fv2%2Fmedia&parent=3849"}],"wp:term":[{"taxonomy":"category","embeddable":true,"href":"https:\/\/lemotdujour.fr\/index.php?rest_route=%2Fwp%2Fv2%2Fcategories&post=3849"},{"taxonomy":"post_tag","embeddable":true,"href":"https:\/\/lemotdujour.fr\/index.php?rest_route=%2Fwp%2Fv2%2Ftags&post=3849"}],"curies":[{"name":"wp","href":"https:\/\/api.w.org\/{rel}","templated":true}]}}