{"id":3838,"date":"2018-01-09T03:59:53","date_gmt":"2018-01-09T02:59:53","guid":{"rendered":"http:\/\/lemotdujour.fr\/?p=3838"},"modified":"2021-10-17T11:31:20","modified_gmt":"2021-10-17T09:31:20","slug":"mardi-9-janvier-2018","status":"publish","type":"post","link":"https:\/\/lemotdujour.fr\/?p=3838","title":{"rendered":"Mardi 9 janvier 2018"},"content":{"rendered":"<div class=\"mdjTexte\">\t\u00ab&nbsp;Pour la premi\u00e8re fois de l\u2019histoire de l\u2019aviation&nbsp;: le transport a\u00e9rien commercial de passagers n\u2019enregistre aucun d\u00e9c\u00e8s \u00e0 bord des avions de plus de&nbsp;20&nbsp;si\u00e8ges en 2017.&nbsp;\u00bb<\/div>\n<div class=\"mdjAuteur\">\tAviation Safety Network, agence qui recense les accidents d\u2019avion<\/div>\n<p><span style=\"color: #777777; font-family: Arial;\">Vous savez qu&rsquo;il faut se m\u00e9fier des chiffres, les interroger et surtout se demander s&rsquo;il s&rsquo;agit d&rsquo;un chiffre dur ou d&rsquo;un chiffre mou comme je l&rsquo;avais d\u00e9velopp\u00e9 lors du mot \u00ab&nbsp;<span style=\"color: #0000ff;\"><a style=\"color: #0000ff;\" href=\"https:\/\/lemotdujour.fr\/?p=407\">des chiffres et des hommes<\/a><\/span>&nbsp;\u00bb.<br \/>\n<\/span><\/p>\n<p><span style=\"color: #777777; font-family: Arial;\">Cette fois nous sommes dans un chiffre dur, qui a du sens, qui est indiscutable et qui est positif.<br \/>\n<\/span><\/p>\n<p><span style=\"color: #777777; font-family: Arial;\">C&rsquo;est un chiffre r\u00e9v\u00e9l\u00e9 par <a href=\"http:\/\/www.quotidiendutourisme.com\/transport\/2017-lannee-la-plus-sure-pour-le-transport-aerien\/159480\"><span style=\"color: #0000ff;\">Aviation Safety Network<\/span><\/a>, l&rsquo;ann\u00e9e&nbsp; 2017 a \u00e9t\u00e9 la plus s\u00fbre pour le transport a\u00e9rien depuis 1946 et l&rsquo;\u00e9tablissement de statistiques sur les accidents d&rsquo;avions.<br \/>\n<\/span><\/p>\n<p><span style=\"color: #777777; font-family: Arial;\">Un article du Point du 1<sup>er<\/sup> janvier 2018 d\u00e9taille un peu cette statistique.<br \/>\n<\/span><\/p>\n<p style=\"margin-left: 28pt;\"><span style=\"color: #c00000; font-family: Arial;\">Quatre milliards de passagers ont voyag\u00e9 en 2017.<br \/>\n<\/span><\/p>\n<p style=\"margin-left: 28pt;\"><span style=\"color: #c00000; font-family: Arial;\">Si des bless\u00e9s sont \u00e0 d\u00e9plorer lors d&rsquo;une centaine d&rsquo;accidents en 2017, le transport a\u00e9rien commercial de passagers n&rsquo;enregistre aucun d\u00e9c\u00e8s l&rsquo;ann\u00e9e pass\u00e9e \u00e0 bord des avions de plus de vingt si\u00e8ges. Une premi\u00e8re dans l&rsquo;histoire de l&rsquo;aviation. [\u2026] Le premier accident avec des morts impliquant des avions assurant le transport de passagers \u00e0 titre commercial et payant s&rsquo;\u00e9tait produit le&nbsp;7&nbsp;avril&nbsp;1922&nbsp;avec la collision en vol de deux appareils assurant des liaisons entre Londres et Paris.<br \/>\n<\/span><\/p>\n<p style=\"margin-left: 28pt;\"><span style=\"color: #c00000; font-family: Arial;\">Depuis, la s\u00e9curit\u00e9 du transport a\u00e9rien n&rsquo;a cess\u00e9 de progresser. En 2016, les statistiques montraient d\u00e9j\u00e0 qu&rsquo;aucun accident n&rsquo;avait touch\u00e9 les passagers des compagnies occidentales. Ce qui met en valeur l&rsquo;efficacit\u00e9 des mesures de s\u00e9curit\u00e9 des vols concernant la formation des \u00e9quipages, la maintenance et les op\u00e9rations a\u00e9riennes mises en place notamment par la Federal Aviation Administration (agence f\u00e9d\u00e9rale am\u00e9ricaine) et l&rsquo;Agence europ\u00e9enne de la s\u00e9curit\u00e9 a\u00e9rienne.<br \/>\n<\/span><\/p>\n<p style=\"margin-left: 28pt;\"><span style=\"color: #c00000; font-family: Arial;\">[\u2026] La moyenne annuelle de ces dix derni\u00e8res ann\u00e9es est de&nbsp;32&nbsp;accidents avec&nbsp;676&nbsp;morts, faisant du transport a\u00e9rien le moyen de d\u00e9placement le plus s\u00fbr. Quatre milliards de passagers ont pris l&rsquo;avion l&rsquo;an dernier, et ce chiffre devrait doubler d&rsquo;ici \u00e0 2036. En 2017, les accidents mortels ne concernent que des vols cargo ou des avions de moins de vingt si\u00e8ges, comme hier encore avec le crash d&rsquo;un hydravion en <a href=\"http:\/\/www.lepoint.fr\/tags\/australie\"><span style=\"color: blue; text-decoration: underline;\">Australie<\/span><\/a> et aussi d&rsquo;un vol touristique au <a href=\"http:\/\/www.lepoint.fr\/tags\/costa-rica\"><span style=\"color: blue; text-decoration: underline;\">Costa Rica<\/span><\/a>.<br \/>\n<\/span><\/p>\n<p><span style=\"color: #777777; font-family: Arial;\">Comme commentaires de cet article on peut lire&nbsp;:<br \/>\n<\/span><\/p>\n<p style=\"margin-left: 28pt;\"><span style=\"color: #c00000; font-family: Arial;\">\u00ab&nbsp;Ne parlez pas de malheur !<br \/>\n<\/span><\/p>\n<p style=\"margin-left: 28pt;\"><span style=\"color: #c00000; font-family: Arial;\">Ce n&rsquo;\u00e9tait pas la peine de communiquer sur ce statistique.<br \/>\nVous allez nous porter la poisse pour les mois \u00e0 venir. &nbsp;\u00bb<br \/>\n<\/span><\/p>\n<p><span style=\"color: #777777; font-family: Arial;\">Ou encore<br \/>\n<\/span><\/p>\n<p style=\"margin-left: 28pt;\"><span style=\"color: #c00000; font-family: Arial;\">\u00ab&nbsp;Stupidit\u00e9 de journaliste<br \/>\nPourquoi annoncer une telle chose, vous voulez porter la guigne et nous annoncer un crash demain ? &nbsp;\u00bb<br \/>\n<\/span><\/p>\n<p><span style=\"color: #777777; font-family: Arial;\">Que dire de tels propos&nbsp;?<br \/>\n<\/span><\/p>\n<p><span style=\"color: #777777; font-family: Arial;\">Que ces gens ne savent ce qu&rsquo;est un chiffre dur&nbsp;?<br \/>\n<\/span><\/p>\n<p><span style=\"color: #777777; font-family: Arial;\">Qu&rsquo;ils sont superstitieux et peu rationnels.<br \/>\n<\/span><\/p>\n<p><span style=\"color: #777777; font-family: Arial;\">Et que m\u00eame s&rsquo;il y avait des morts, par malheur, dans des avions commerciaux en 2018, l&rsquo;aviation commerciale reste le moyen de transport le plus s\u00fbr qui existe.<br \/>\n<\/span><\/p>\n<p><span style=\"color: #777777; font-family: Arial;\">Et cela parce qu&rsquo;il y a beaucoup de r\u00e9gulation, de r\u00e8gles et de contr\u00f4les de s\u00e9curit\u00e9.<br \/>\n<\/span><\/p>\n<p><span style=\"color: #777777; font-family: Arial;\">Cela pourrait donner des id\u00e9es \u00e0 d&rsquo;autres domaines de l&rsquo;\u00e9conomie\u2026<br \/>\n<\/span><\/p>\n<p><span style=\"color: #800000; font-family: Arial;\">&lt;997&gt;<\/span><\/p>\n","protected":false},"excerpt":{"rendered":"<p>\u00ab&nbsp;Pour la premi\u00e8re fois de l\u2019histoire de l\u2019aviation&nbsp;: le transport a\u00e9rien commercial de passagers n\u2019enregistre aucun d\u00e9c\u00e8s \u00e0 bord des avions de plus de&nbsp;20&nbsp;si\u00e8ges en 2017.&nbsp;\u00bb Aviation Safety Network, agence qui recense les accidents d\u2019avion Vous savez qu&rsquo;il faut se<\/p>\n","protected":false},"author":1,"featured_media":0,"comment_status":"open","ping_status":"closed","sticky":false,"template":"","format":"standard","meta":{"footnotes":""},"categories":[1],"tags":[24,33,68],"class_list":["post-3838","post","type-post","status-publish","format-standard","hentry","category-motdujour","tag-actualite","tag-quantophrenie","tag-transport"],"_links":{"self":[{"href":"https:\/\/lemotdujour.fr\/index.php?rest_route=\/wp\/v2\/posts\/3838","targetHints":{"allow":["GET"]}}],"collection":[{"href":"https:\/\/lemotdujour.fr\/index.php?rest_route=\/wp\/v2\/posts"}],"about":[{"href":"https:\/\/lemotdujour.fr\/index.php?rest_route=\/wp\/v2\/types\/post"}],"author":[{"embeddable":true,"href":"https:\/\/lemotdujour.fr\/index.php?rest_route=\/wp\/v2\/users\/1"}],"replies":[{"embeddable":true,"href":"https:\/\/lemotdujour.fr\/index.php?rest_route=%2Fwp%2Fv2%2Fcomments&post=3838"}],"version-history":[{"count":3,"href":"https:\/\/lemotdujour.fr\/index.php?rest_route=\/wp\/v2\/posts\/3838\/revisions"}],"predecessor-version":[{"id":12333,"href":"https:\/\/lemotdujour.fr\/index.php?rest_route=\/wp\/v2\/posts\/3838\/revisions\/12333"}],"wp:attachment":[{"href":"https:\/\/lemotdujour.fr\/index.php?rest_route=%2Fwp%2Fv2%2Fmedia&parent=3838"}],"wp:term":[{"taxonomy":"category","embeddable":true,"href":"https:\/\/lemotdujour.fr\/index.php?rest_route=%2Fwp%2Fv2%2Fcategories&post=3838"},{"taxonomy":"post_tag","embeddable":true,"href":"https:\/\/lemotdujour.fr\/index.php?rest_route=%2Fwp%2Fv2%2Ftags&post=3838"}],"curies":[{"name":"wp","href":"https:\/\/api.w.org\/{rel}","templated":true}]}}