{"id":3829,"date":"2018-01-08T04:04:03","date_gmt":"2018-01-08T03:04:03","guid":{"rendered":"http:\/\/lemotdujour.fr\/?p=3829"},"modified":"2021-10-17T11:32:00","modified_gmt":"2021-10-17T09:32:00","slug":"lundi-8-janvier-2018","status":"publish","type":"post","link":"https:\/\/lemotdujour.fr\/?p=3829","title":{"rendered":"Lundi 8 janvier 2018"},"content":{"rendered":"<div class=\"mdjTexte\">\t\u00ab&nbsp;Soyez heureux&nbsp;!&nbsp;\u00bb<\/div>\n<div class=\"mdjAuteur\">\tLe p\u00e8re d\u2019Ivan Jablonka \u00e0 ses enfants<\/div>\n<p><span style=\"color: #777777; font-family: Arial;\">C&rsquo;est une tradition. Un acte incontournable&nbsp;: en d\u00e9but d&rsquo;ann\u00e9e, il faut souhaiter les v\u0153ux.<br \/>\n<\/span><\/p>\n<p><span style=\"color: #777777; font-family: Arial;\">Mais que dire&nbsp;?<br \/>\n<\/span><\/p>\n<p><span style=\"color: #777777; font-family: Arial;\">Comment ne pas tomber dans l&rsquo;ennui, la routine&nbsp;?<br \/>\n<\/span><\/p>\n<p><a href=\"https:\/\/www.franceinter.fr\/emissions\/l-invite-d-ali-baddou\/l-invite-d-ali-baddou-05-janvier-2018\"><span style=\"font-family: Arial;\"><span style=\"color: #0000ff;\">Vendredi, 5 janvier \u00e0 7h50, j&rsquo;\u00e9coutais France Inter<\/span><\/span><\/a><span style=\"color: #777777; font-family: Arial;\"> et Ivan Jablonka \u00e9tait l&rsquo;invit\u00e9 d&rsquo;Ali Baddou pour pr\u00e9senter son dernier livre&nbsp;: \u00ab&nbsp;<span style=\"color: #0000ff;\"><a style=\"color: #0000ff;\" href=\"http:\/\/www.seuil.com\/ouvrage\/en-camping-car-ivan-jablonka\/9782021361612\">En camping car&nbsp;<\/a><\/span>\u00bb<br \/>\n<\/span><\/p>\n<p><span style=\"color: #777777; font-family: Arial;\">Dans ce livre, il raconte ses vacances familiales avec ses parents en combi Volkswagen :<br \/>\n<\/span><\/p>\n<p style=\"margin-left: 28pt;\"><span style=\"color: #c00000; font-family: Arial;\">\u00ab&nbsp;Sans doute le moment de mon enfance o\u00f9 j&rsquo;ai \u00e9t\u00e9 le plus heureux, le plus libre&nbsp;\u00bb.<br \/>\n<\/span><\/p>\n<p><span style=\"color: #777777; font-family: Arial;\">Quelquefois bien s\u00fbr, il y avait des disputes entre les enfants, alors&nbsp;:<br \/>\n<\/span><\/p>\n<p style=\"margin-left: 28pt;\"><span style=\"color: #c00000; font-family: Arial;\">\u00ab&nbsp;Notre p\u00e8re nous engueulait en disant&nbsp;: Soyez heureux !&nbsp;\u00bb<br \/>\n<\/span><\/p>\n<p><span style=\"color: #777777; font-family: Arial;\"><strong>\u00ab&nbsp;Soyez heureux&nbsp;!&nbsp;\u00bb<br \/>\n<\/strong><\/span><\/p>\n<p><span style=\"color: #777777; font-family: Arial;\">Pr\u00e9sent\u00e9 comme cela, cela semble un peu banal, presque niais. Mais pour comprendre la force de cette injonction paternelle il faut aller un peu plus loin. Ivan Jablonka, n\u00e9 en 1973, est un historien. Il est professeur d&rsquo;histoire contemporaine \u00e0 l&rsquo;universit\u00e9 Paris-XIII-Nord. Il est aussi \u00e9crivain et il a eu le Prix M\u00e9dicis en 2016 pour \u00ab&nbsp;<a href=\"https:\/\/www.chez-mon-libraire.fr\/livre\/9782021291209-laetitia-ou-la-fin-des-hommes-ivan-jablonka\/\"><span style=\"color: #0000ff;\">La\u00ebtitia ou la fin des hommes&nbsp;<\/span><\/a>\u00bb.<br \/>\n<\/span><\/p>\n<p><span style=\"color: #777777; font-family: Arial;\">Mais, c&rsquo;est avant tout un historien, apr\u00e8s des \u00e9tudes en kh\u00e2gne au lyc\u00e9e Henri-IV, il int\u00e8gre l&rsquo;\u00c9cole normale sup\u00e9rieure et est re\u00e7u \u00e0 l&rsquo;agr\u00e9gation d&rsquo;histoire en \u00e9l\u00e8ve d&rsquo;Alain Corbin, l&rsquo;historien de toutes les sensibilit\u00e9s qui avait fait l&rsquo;objet du mot du jour du <span style=\"color: #0000ff;\"><a style=\"color: #0000ff;\" title=\"Jeudi 30 Juin 2016\" href=\"https:\/\/lemotdujour.fr\/?p=1386\">30 Juin 2016<\/a><\/span> pour son livre&nbsp;: \u00ab&nbsp;Histoire du silence&nbsp;\u00bb<br \/>\n<\/span><\/p>\n<p><span style=\"color: #777777; font-family: Arial;\">En 2012, il avait \u00e9crit un livre sur sa famille&nbsp;: \u00ab&nbsp;<a href=\"http:\/\/www.seuil.com\/ouvrage\/histoire-des-grands-parents-que-je-n-ai-pas-eus-ivan-jablonka\/9782020991018\"><span style=\"color: #0000ff;\">histoire des grands parents que je n&rsquo;ai pas eus<\/span><\/a>&nbsp;\u00bb.<br \/>\n<\/span><\/p>\n<p><a href=\"http:\/\/www.telerama.fr\/livres\/histoire-des-grands-parents-que-je-nai-pas-eus,77676.php\"><span style=\"font-family: Arial;\"><span style=\"color: #0000ff;\">T\u00e9l\u00e9rama<\/span><\/span><\/a><span style=\"color: #777777; font-family: Arial;\"> r\u00e9sume cette histoire&nbsp;:<br \/>\n<\/span><\/p>\n<p style=\"margin-left: 28pt;\"><span style=\"color: #c00000; font-family: Arial;\">\u00ab&nbsp;Mat\u00e8s Jablonka, son grand-p\u00e8re, n\u00e9 en 1909, habita dans le shtetl de Parczew. Une bourgade de Pologne o\u00f9 les Juifs, isol\u00e9s par l&rsquo;antis\u00e9mitisme, vivent, travaillent, prient. [\u2026] Mat\u00e8s, artisan du cuir, homme joyeux et obstin\u00e9, cherche \u00e0 s&rsquo;\u00e9chapper des superstitions religieuses comme des pers\u00e9cutions en devenant communiste. Militant clandestin, il fera de la prison. Sa femme, la belle Idesa, n\u00e9e en 1914, sera \u00e9galement militante. Chacun de leur c\u00f4t\u00e9, en 1937 et en 1938, ils gagnent la France, le pays de la libert\u00e9 pour tant d&rsquo;immigr\u00e9s politiques. Mais l\u00e0, ils seront vite les victimes d&rsquo;une l\u00e9gislation suspicieuse. Fich\u00e9s comme \u00e9trangers ill\u00e9gaux, ils se r\u00e9fugient entre Belleville et M\u00e9nilmontant, travaillent \u00e0 domicile, esquivant les contr\u00f4les d&rsquo;identit\u00e9 et bataillant pour nourrir leurs deux enfants.<br \/>\n<\/span><\/p>\n<p style=\"margin-left: 28pt;\"><span style=\"color: #c00000; font-family: Arial;\">A la d\u00e9claration de guerre, une nouvelle fois humili\u00e9 par la hi\u00e9rarchie militaire, Mat\u00e8s s&rsquo;engagera dans la L\u00e9gion \u00e9trang\u00e8re. Puis, le 25 f\u00e9vrier 1943, Mat\u00e8s et Idesa seront pris lors d&rsquo;une rafle, exp\u00e9di\u00e9s \u00e0 Drancy par la police fran\u00e7aise et d\u00e9port\u00e9s \u00e0 Auschwitz II-Birkenau. Ce sont des faits av\u00e9r\u00e9s. Mais les rapports de police sur papier carbone suffisent-ils \u00e0 r\u00e9sumer la vie de Mat\u00e8s, 1,62 m, et d&rsquo;Idesa, 1,56 m ? Quels sont les pens\u00e9es et les espoirs d&rsquo;Idesa quand elle gagne la France ? Mat\u00e8s reste-t-il communiste ? Impossible de le savoir. \u00ab Faire de l&rsquo;histoire, c&rsquo;est pr\u00eater l&rsquo;oreille \u00e0 la palpitation du silence \u00bb, \u00e9crit Ivan Jablonka. C&rsquo;est tisser la grande Histoire avec les histoires humaines, identifier tous les leviers qui infl\u00e9chissent les itin\u00e9raires personnels.&nbsp;\u00bb<br \/>\n<\/span><\/p>\n<p><span style=\"color: #777777; font-family: Arial;\">Les grands-parents Mat\u00e9s et Idesa, seront assassin\u00e9s \u00e0 Auschwitz. Leur fils, le p\u00e8re d&rsquo;Ivan Jablonka, celui qui quelques ann\u00e9es plus tard engueule ses enfants p<\/span><img decoding=\"async\" class=\"alignleft\" src=\"https:\/\/lemotdujour.fr\/wp-content\/uploads\/2018\/01\/010618_2304_Lundi8janvi1.jpg\" alt=\"\"><span style=\"color: #777777; font-family: Arial;\">ar ces mots&nbsp;: \u00ab&nbsp;Soyez heureux&nbsp;!&nbsp;\u00bb, a grandi dans les institutions r\u00e9serv\u00e9es aux orphelins de la Shoah, dirig\u00e9es par la Commission centrale de l&rsquo;enfance, une organisation juive communiste.<br \/>\n<\/span><\/p>\n<p><span style=\"color: #777777; font-family: Arial;\">Ivan Jablonka explique&nbsp;:<br \/>\n<\/span><\/p>\n<p style=\"margin-left: 28pt;\"><span style=\"color: #c00000; font-family: Arial;\">\u00ab&nbsp;Pour mes parents, le bonheur \u00e9tait une question de vie ou de mort [\u2026] Il fallait \u00eatre heureux parce que nos anc\u00eatres ne l&rsquo;avaient pas \u00e9t\u00e9. [\u2026] ce <\/span><span style=\"color: #c00000; font-family: Arial;\">bonheur qu&rsquo;il n&rsquo;ont pas eu, ils nous l&rsquo;on donn\u00e9, comme leur mani\u00e8re de r\u00e9sister, \u00abun extraordinaire cadeau\u00bb, poursuit l&rsquo;\u00e9crivain, qui a racont\u00e9 l&rsquo;histoire de ses grands-parents juifs lors de la Seconde Guerre Mondiale.&nbsp;\u00bb<br \/>\n<\/span><\/p>\n<p><span style=\"color: #777777; font-family: Arial;\">C&rsquo;est donc \u00e0 l&rsquo;issue d&rsquo;une histoire tragique et terrible que ce p\u00e8re a donn\u00e9 \u00e0 ses enfants cette cl\u00e9&nbsp;: \u00ab&nbsp;Soyez heureux&nbsp;!&nbsp;\u00bb<br \/>\n<\/span><\/p>\n<p><span style=\"color: #777777; font-family: Arial;\">Existe-il un v\u0153u finalement plus exaltant pour l&rsquo;ann\u00e9e nouvelle&nbsp;?&nbsp;: <strong>\u00ab&nbsp;Soyez heureux&nbsp;!&nbsp;\u00bb<\/strong><br \/>\n<\/span><\/p>\n<p><span style=\"color: #800000; font-family: Arial;\">&lt;996&gt;<\/span><\/p>\n","protected":false},"excerpt":{"rendered":"<p>\u00ab&nbsp;Soyez heureux&nbsp;!&nbsp;\u00bb Le p\u00e8re d\u2019Ivan Jablonka \u00e0 ses enfants C&rsquo;est une tradition. Un acte incontournable&nbsp;: en d\u00e9but d&rsquo;ann\u00e9e, il faut souhaiter les v\u0153ux. Mais que dire&nbsp;? Comment ne pas tomber dans l&rsquo;ennui, la routine&nbsp;? Vendredi, 5 janvier \u00e0 7h50, j&rsquo;\u00e9coutais<\/p>\n","protected":false},"author":1,"featured_media":0,"comment_status":"open","ping_status":"closed","sticky":false,"template":"","format":"standard","meta":{"footnotes":""},"categories":[1],"tags":[17,9,67],"class_list":["post-3829","post","type-post","status-publish","format-standard","hentry","category-motdujour","tag-histoire","tag-litterature","tag-voeux"],"_links":{"self":[{"href":"https:\/\/lemotdujour.fr\/index.php?rest_route=\/wp\/v2\/posts\/3829","targetHints":{"allow":["GET"]}}],"collection":[{"href":"https:\/\/lemotdujour.fr\/index.php?rest_route=\/wp\/v2\/posts"}],"about":[{"href":"https:\/\/lemotdujour.fr\/index.php?rest_route=\/wp\/v2\/types\/post"}],"author":[{"embeddable":true,"href":"https:\/\/lemotdujour.fr\/index.php?rest_route=\/wp\/v2\/users\/1"}],"replies":[{"embeddable":true,"href":"https:\/\/lemotdujour.fr\/index.php?rest_route=%2Fwp%2Fv2%2Fcomments&post=3829"}],"version-history":[{"count":8,"href":"https:\/\/lemotdujour.fr\/index.php?rest_route=\/wp\/v2\/posts\/3829\/revisions"}],"predecessor-version":[{"id":12334,"href":"https:\/\/lemotdujour.fr\/index.php?rest_route=\/wp\/v2\/posts\/3829\/revisions\/12334"}],"wp:attachment":[{"href":"https:\/\/lemotdujour.fr\/index.php?rest_route=%2Fwp%2Fv2%2Fmedia&parent=3829"}],"wp:term":[{"taxonomy":"category","embeddable":true,"href":"https:\/\/lemotdujour.fr\/index.php?rest_route=%2Fwp%2Fv2%2Fcategories&post=3829"},{"taxonomy":"post_tag","embeddable":true,"href":"https:\/\/lemotdujour.fr\/index.php?rest_route=%2Fwp%2Fv2%2Ftags&post=3829"}],"curies":[{"name":"wp","href":"https:\/\/api.w.org\/{rel}","templated":true}]}}