{"id":3808,"date":"2017-12-25T01:00:25","date_gmt":"2017-12-25T00:00:25","guid":{"rendered":"http:\/\/lemotdujour.fr\/?p=3808"},"modified":"2021-09-29T10:52:12","modified_gmt":"2021-09-29T08:52:12","slug":"lundi-25-decembre-2017","status":"publish","type":"post","link":"https:\/\/lemotdujour.fr\/?p=3808","title":{"rendered":"Lundi 25 d\u00e9cembre 2017"},"content":{"rendered":"<div class=\"mdjTexte\">\t\u00ab&nbsp;L\u2019\u0153uf alsacien p\u00e8se 50 grammes&nbsp;!&nbsp;\u00bb<\/div>\n<div class=\"mdjAuteur\">\tSolution donn\u00e9e par une vieille alsacienne \u00e0 un lorrain qui loupait les g\u00e2teaux de no\u00ebl alsaciens<\/div>\n<p><span style=\"color: #777777; font-family: Arial;\">No\u00ebl est une f\u00eate chr\u00e9tienne, puisqu&rsquo;elle c\u00e9l\u00e8bre la naissance de leur Messie.<br \/>\n<\/span><\/p>\n<p><span style=\"color: #777777; font-family: Arial;\">Nous savons que la date qui a \u00e9t\u00e9 choisie permettait de remplacer une f\u00eate pa\u00efenne situ\u00e9e autour du solstice d&rsquo;hiver, moment particulier de l&rsquo;ann\u00e9e solaire o\u00f9 les jours recommencent \u00e0 croitre. C&rsquo;est le recul de la nuit&nbsp;!<br \/>\n<\/span><\/p>\n<p><span style=\"color: #777777; font-family: Arial;\">Notre civilisation occidentale, avec son consum\u00e9risme exacerb\u00e9, en a fait une immense f\u00eate commerciale, jusqu&rsquo;\u00e0 la naus\u00e9e.<br \/>\n<\/span><\/p>\n<p><span style=\"color: #777777; font-family: Arial;\">C&rsquo;est pourquoi certains, dont je fais partie sont tr\u00e8s mal \u00e0 l&rsquo;aise avec cette f\u00eate.<br \/>\n<\/span><\/p>\n<p><span style=\"color: #777777; font-family: Arial;\">Ce malaise est d&rsquo;ailleurs plus g\u00e9n\u00e9ral, dans la mesure o\u00f9 toutes forces politiques qui gouvernent et les forces \u00e9conomiques qui dominent n&rsquo;ont qu&rsquo;une solution \u00e0 proposer&nbsp;: la croissance. La croissance, cela signifie l&rsquo;extension sans fin de la marchandisation du monde et une consommation de plus en plus \u00e9tendue.<br \/>\n<\/span><\/p>\n<p><span style=\"color: #777777; font-family: Arial;\">J&rsquo;entends bien, de ci del\u00e0 quelques proph\u00e8tes de la d\u00e9croissance s&rsquo;exprimer ou d&rsquo;autres c\u00e9l\u00e9brer la sobri\u00e9t\u00e9 heureuse. Mais ils ne d\u00e9crivent pas un monde cr\u00e9dible sans une intervention d&rsquo;une administration mondiale r\u00e9gulatrice et contraignante. Sans compter que pour l&rsquo;instant, dans l&rsquo;histoire de l&rsquo;humanit\u00e9, de telles bureaucraties ont toujours d\u00e9riv\u00e9 vers des r\u00e9gimes d&rsquo;oppression et encore plus corrompus que nos r\u00e9gimes lib\u00e9raux, la division du monde ne permet pas de croire \u00e0 \u00e9chelle humaine \u00e0 une telle gouvernance mondiale.<br \/>\n<\/span><\/p>\n<p><span style=\"color: #777777; font-family: Arial;\">Et puis, tout dans le comportement des masses mondiales et fran\u00e7aises ne va pas dans ce sens, je veux dire d&rsquo;une moindre addiction \u00e0 la consommation fr\u00e9n\u00e9tique.<br \/>\n<\/span><\/p>\n<p><span style=\"color: #777777; font-family: Arial;\">No\u00ebl est aussi une f\u00eate o\u00f9, dans nos contr\u00e9es, les familles se r\u00e9unissent. Cet aspect de No\u00ebl est positif et bienveillant. Ce fondement de la f\u00eate est dur \u00e0 vivre pour celles et ceux qui sont priv\u00e9s de famille ou dont la famille est d\u00e9sunie et non accueillante.<br \/>\n<\/span><\/p>\n<p><img loading=\"lazy\" decoding=\"async\" class=\"size-large wp-image-3814 alignleft\" src=\"https:\/\/lemotdujour.fr\/wp-content\/uploads\/2017\/12\/Gateaux-alasaciens-1024x489.jpg\" alt=\"\" width=\"720\" height=\"344\" srcset=\"https:\/\/lemotdujour.fr\/wp-content\/uploads\/2017\/12\/Gateaux-alasaciens-1024x489.jpg 1024w, https:\/\/lemotdujour.fr\/wp-content\/uploads\/2017\/12\/Gateaux-alasaciens-300x143.jpg 300w, https:\/\/lemotdujour.fr\/wp-content\/uploads\/2017\/12\/Gateaux-alasaciens-768x367.jpg 768w, https:\/\/lemotdujour.fr\/wp-content\/uploads\/2017\/12\/Gateaux-alasaciens.jpg 1351w\" sizes=\"auto, (max-width: 720px) 100vw, 720px\" \/><span style=\"color: #777777; font-family: Arial;\">Pour le lorrain que je suis, il y a encore une autre joie de no\u00ebl, c&rsquo;est la p\u00e9riode o\u00f9 on fait et on mange des g\u00e2teaux de No\u00ebl. G\u00e2teaux de No\u00ebl dont beaucoup rel\u00e8vent de la tradition de la r\u00e9gion voisine et rivale&nbsp;: l&rsquo;Alsace.<br \/>\n<\/span><\/p>\n<p><span style=\"color: #777777; font-family: Arial;\">Munis de recettes j&rsquo;essayais vainement de r\u00e9ussir les g\u00e2teaux \u00e0 l&rsquo;anis et les macarons comme les faisaient ma m\u00e8re.<br \/>\n<\/span><\/p>\n<p><span style=\"color: #777777; font-family: Arial;\">Le plus souvent j&rsquo;\u00e9chouais.<br \/>\n<\/span><\/p>\n<p><span style=\"color: #777777; font-family: Arial;\">Jusqu&rsquo;\u00e0 avoir entendu, via notre amie Fran\u00e7oise, l&rsquo;avis d&rsquo;une vieille cuisini\u00e8re alsacienne.<br \/>\n<\/span><\/p>\n<p><span style=\"color: #777777; font-family: Arial;\">Les recettes traditionnelles alsaciennes n\u00e9cessitent un savant \u00e9quilibre entre la farine, le sucre, le beurre, les noisettes, les amandes etc\u2026 ET LES \u0152UFS.<br \/>\n<\/span><\/p>\n<p><span style=\"color: #777777; font-family: Arial;\">Quand on vous \u00e9crit qu&rsquo;il faut 600 grammes de farine et 500 grammes de sucre et 6 \u0153ufs entiers. Les 6 \u0153ufs p\u00e8sent chacun 50 g, et donc les 6,&nbsp;300g. Si vos \u0153ufs p\u00e8sent 400 g ou 220 g, l&rsquo;\u00e9quilibre de la recette est rompu. Dans ces cas vos g\u00e2teaux s&rsquo;effondrent lamentablement ou sont trop secs, en tout cas pr\u00e9sentent un aspect d\u00e9grad\u00e9.<br \/>\n<\/span><\/p>\n<p><span style=\"color: #777777; font-family: Arial;\">Les alsaciens sont des gens rigoureux et norm\u00e9s, c&rsquo;est pour cela que nous autres lorrains avons parfois du mal avec eux.<br \/>\n<\/span><\/p>\n<p><span style=\"color: #777777; font-family: Arial;\">En tout cas, dans les recettes alsaciennes&nbsp;: un \u0153uf p\u00e8se 50g, le blanc 30g et le jaune 20.<br \/>\n<\/span><\/p>\n<p><span style=\"color: #777777; font-family: Arial;\">C&rsquo;est ainsi, cela ne se discute pas.<br \/>\n<\/span><\/p>\n<p><span style=\"color: #777777; font-family: Arial;\">Pour \u00eatre complet, dans certains g\u00e2teaux les \u0153ufs n&rsquo;ont pas la m\u00eame importance et dans ces cas-l\u00e0 l&rsquo;approximation n&rsquo;est pas dirimante.<br \/>\n<\/span><\/p>\n<p><span style=\"color: #777777; font-family: Arial;\">Mais pour les macarons aux amandes ou les g\u00e2teaux \u00e0 l&rsquo;anis aucune d\u00e9rive n&rsquo;est accept\u00e9e&nbsp;!<br \/>\n<\/span><\/p>\n<p><span style=\"color: #777777; font-family: Arial;\">Avec les g\u00e2teaux de No\u00ebl, la f\u00eate de No\u00ebl redevient un enchantement. <\/span><\/p>\n<p><span style=\"color: #800000;\">&lt;995&gt;<\/span><\/p>\n","protected":false},"excerpt":{"rendered":"<p>\u00ab&nbsp;L\u2019\u0153uf alsacien p\u00e8se 50 grammes&nbsp;!&nbsp;\u00bb Solution donn\u00e9e par une vieille alsacienne \u00e0 un lorrain qui loupait les g\u00e2teaux de no\u00ebl alsaciens No\u00ebl est une f\u00eate chr\u00e9tienne, puisqu&rsquo;elle c\u00e9l\u00e8bre la naissance de leur Messie. Nous savons que la date qui a<\/p>\n","protected":false},"author":1,"featured_media":0,"comment_status":"open","ping_status":"closed","sticky":false,"template":"","format":"standard","meta":{"footnotes":""},"categories":[1],"tags":[10,19,66],"class_list":["post-3808","post","type-post","status-publish","format-standard","hentry","category-motdujour","tag-economie","tag-personnel","tag-recettes"],"_links":{"self":[{"href":"https:\/\/lemotdujour.fr\/index.php?rest_route=\/wp\/v2\/posts\/3808","targetHints":{"allow":["GET"]}}],"collection":[{"href":"https:\/\/lemotdujour.fr\/index.php?rest_route=\/wp\/v2\/posts"}],"about":[{"href":"https:\/\/lemotdujour.fr\/index.php?rest_route=\/wp\/v2\/types\/post"}],"author":[{"embeddable":true,"href":"https:\/\/lemotdujour.fr\/index.php?rest_route=\/wp\/v2\/users\/1"}],"replies":[{"embeddable":true,"href":"https:\/\/lemotdujour.fr\/index.php?rest_route=%2Fwp%2Fv2%2Fcomments&post=3808"}],"version-history":[{"count":6,"href":"https:\/\/lemotdujour.fr\/index.php?rest_route=\/wp\/v2\/posts\/3808\/revisions"}],"predecessor-version":[{"id":12225,"href":"https:\/\/lemotdujour.fr\/index.php?rest_route=\/wp\/v2\/posts\/3808\/revisions\/12225"}],"wp:attachment":[{"href":"https:\/\/lemotdujour.fr\/index.php?rest_route=%2Fwp%2Fv2%2Fmedia&parent=3808"}],"wp:term":[{"taxonomy":"category","embeddable":true,"href":"https:\/\/lemotdujour.fr\/index.php?rest_route=%2Fwp%2Fv2%2Fcategories&post=3808"},{"taxonomy":"post_tag","embeddable":true,"href":"https:\/\/lemotdujour.fr\/index.php?rest_route=%2Fwp%2Fv2%2Ftags&post=3808"}],"curies":[{"name":"wp","href":"https:\/\/api.w.org\/{rel}","templated":true}]}}