{"id":3796,"date":"2017-12-21T03:58:16","date_gmt":"2017-12-21T02:58:16","guid":{"rendered":"http:\/\/lemotdujour.fr\/?p=3796"},"modified":"2021-09-29T11:02:00","modified_gmt":"2021-09-29T09:02:00","slug":"jeudi-21-decembre-2017","status":"publish","type":"post","link":"https:\/\/lemotdujour.fr\/?p=3796","title":{"rendered":"Jeudi 21 d\u00e9cembre 2017"},"content":{"rendered":"<div class=\"mdjTexte\">\t\u00ab&nbsp;Donald Trump est toujours pr\u00e9sident des Etats-Unis&nbsp;\u00bb<\/div>\n<div class=\"mdjAuteur\">\tConstatation de la r\u00e9alit\u00e9 alors que son biographe nous avait donn\u00e9 l\u2019espoir qu\u2019il d\u00e9missionnerait \u00e0 l\u2019automne.<\/div>\n<p><span style=\"color: #777777; font-family: Arial;\">Aujourd&rsquo;hui j&rsquo;exerce un droit de suite.<br \/>\n<\/span><\/p>\n<p><span style=\"color: #777777; font-family: Arial;\">Le mot du jour du <a href=\"https:\/\/lemotdujour.fr\/?p=2912\"><span style=\"color: #0000ff;\">28 ao\u00fbt 2017<\/span><\/a> donnait cette pr\u00e9diction&nbsp;:<br \/>\n<\/span><\/p>\n<p><span style=\"color: #777777; font-family: Arial;\">\u00ab&nbsp;Mais si on peut croire le biographe de Trump, nous serons bient\u00f4t d\u00e9barrass\u00e9s de cet <a href=\"http:\/\/www.larousse.fr\/dictionnaires\/francais\/histrion\/40098\"><span style=\"color: blue; text-decoration: underline;\">&lt;histrion&gt;<\/span><\/a>, car comme <a href=\"http:\/\/www.lepoint.fr\/monde\/etats-unis-trump-demissionnera-des-l-automne-predit-son-biographe-18-08-2017-2150816_24.php\"><span style=\"color: blue; text-decoration: underline;\">&lt;Le Point&gt;<\/span><\/a> le relate l&rsquo;\u00e9crivain am\u00e9ricain Tony Schwartz qui est l&rsquo;auteur des m\u00e9moires du milliardaire, The Art of the Deal (1987) est persuad\u00e9 que l&rsquo;affaire russe aura raison de la pr\u00e9sidence du 45e pr\u00e9sident des \u00c9tats-Unis et que ce dernier d\u00e9missionnera d\u00e8s l&rsquo;automne. Le 21 d\u00e9cembre, nous serons \u00e0 la fin de l&rsquo;automne et nous examinerons si cette pr\u00e9diction hardie s&rsquo;est r\u00e9v\u00e9l\u00e9e exacte.&nbsp;\u00bb<br \/>\n<\/span><\/p>\n<p><span style=\"color: #777777; font-family: Arial;\">Nous sommes le 21 d\u00e9cembre, jour du solstice d&rsquo;hiver, donc fin de l&rsquo;automne. Force est de constater que Donald Trump est toujours pr\u00e9sident des Etats-Unis. C&rsquo;\u00e9tait donc encore une fake news&nbsp;!<br \/>\n<\/span><\/p>\n<p><span style=\"color: #777777; font-family: Arial;\">Donald Trump, r\u00e9cemment, pour garder le soutien des \u00e9vang\u00e9listes, a accept\u00e9 que l&rsquo;ambassade des Etats-Unis soit transf\u00e9r\u00e9e de Tel-Aviv \u00e0 J\u00e9rusalem.<br \/>\n<\/span><\/p>\n<p><span style=\"color: #777777; font-family: Arial;\">Mais ce n&rsquo;est que l&rsquo;\u00e9cume des choses.<br \/>\n<\/span><\/p>\n<p><span style=\"color: #777777; font-family: Arial;\">En profondeur et en plein accord avec la majorit\u00e9 r\u00e9publicaine, il a fait passer une baisse \u00e9norme des imp\u00f4ts.<br \/>\n<\/span><\/p>\n<p><span style=\"color: #777777; font-family: Arial;\">Vous pouvez lire cet article de \u00ab<span style=\"color: #0000ff;\">&nbsp;<\/span><a href=\"https:\/\/www.lesechos.fr\/idees-debats\/cercle\/030844257648-les-baisses-dimpot-de-trump-du-sur-mesure-pour-les-plus-riches-2128763.php\"><span style=\"color: #0000ff;\">Nouriel Roubini&nbsp;<\/span><\/a>\u00bb<br \/>\n<\/span><\/p>\n<p><span style=\"color: #777777; font-family: Arial;\">Parall\u00e8lement un groupe d&rsquo;\u00e9conomistes dont Thomas Picketty ont publi\u00e9 un nouveau rapport sur les in\u00e9galit\u00e9s mondiales, dont vous trouverez une synth\u00e8se&nbsp;: <a href=\"http:\/\/wir2018.wid.world\/files\/download\/wir2018-summary-french.pdf\"><span style=\"color: #0000ff;\">&lt;ICI&gt;<\/span>.<\/a><br \/>\n<\/span><\/p>\n<p><span style=\"color: #777777; font-family: Arial;\">Les in\u00e9galit\u00e9s croissent au niveau des revenus, comme au niveau des patrimoines.<br \/>\n<\/span><\/p>\n<p><span style=\"color: #777777; font-family: Arial;\">Elles ne croissent pas dans les m\u00eames proportions dans toutes les r\u00e9gions du monde, elles croissent davantage aux Etats-Unis qu&rsquo;en France et en Europe.<br \/>\n<\/span><\/p>\n<p><span style=\"color: #777777; font-family: Arial;\">R\u00e9sumons la situation en quelques mots&nbsp;:<br \/>\n<\/span><\/p>\n<p><span style=\"color: #777777; font-family: Arial;\">Trump a \u00e9t\u00e9 \u00e9lu par les blancs et m\u00eame les blanches qui ont oubli\u00e9 le machisme de cet homme. C&rsquo;\u00e9taient les blancs de la classe moyenne qui ont constat\u00e9 que leurs revenus stagnaient depuis 30 ans.<br \/>\n<\/span><\/p>\n<p><span style=\"color: #777777; font-family: Arial;\">Dans le rapport sur les in\u00e9galit\u00e9s on comprend que les Etats-Unis sont toujours en croissance mais que cette croissance profite \u00e0 un tr\u00e8s petit nombre d&rsquo;individus.<br \/>\n<\/span><\/p>\n<p><span style=\"color: #777777; font-family: Arial;\">Les Etats-Unis, par les brevets, la recherche et le d\u00e9veloppement, la cr\u00e9ativit\u00e9 continuent \u00e0 dominer largement le monde. Mais des entrepreneurs avis\u00e9s ont compris que pour faire davantage de profits il faut d\u00e9localiser la partie mat\u00e9rielle et industrieuse de l&rsquo;activit\u00e9.<br \/>\n<\/span><\/p>\n<p><span style=\"color: #777777; font-family: Arial;\">Le probl\u00e8me essentiel est donc, pour les classes moyennes blanches am\u00e9ricaines, un probl\u00e8me de r\u00e9partition des richesses entre am\u00e9ricains, en amont sur les revenus, en aval de redistribution par les imp\u00f4ts.<br \/>\n<\/span><\/p>\n<p><span style=\"color: #777777; font-family: Arial;\">Non seulement Donald Trump ne r\u00e8gle pas le probl\u00e8me, mais il l&rsquo;aggrave. Mais je rappelle qu&rsquo;il n&rsquo;est pas seul, sur ce point le Parti R\u00e9publicain le soutient pleinement.<br \/>\n<\/span><\/p>\n<p><span style=\"color: #777777; font-family: Arial;\">Le pire c&rsquo;est que je suis persuad\u00e9 qu&rsquo;\u00e0 terme ce processus est aussi d\u00e9l\u00e9t\u00e8re pour les plus riches.<br \/>\n<\/span><\/p>\n<p><span style=\"color: #800000;\">&lt;993&gt;<\/span><\/p>\n","protected":false},"excerpt":{"rendered":"<p>\u00ab&nbsp;Donald Trump est toujours pr\u00e9sident des Etats-Unis&nbsp;\u00bb Constatation de la r\u00e9alit\u00e9 alors que son biographe nous avait donn\u00e9 l\u2019espoir qu\u2019il d\u00e9missionnerait \u00e0 l\u2019automne. Aujourd&rsquo;hui j&rsquo;exerce un droit de suite. Le mot du jour du 28 ao\u00fbt 2017 donnait cette pr\u00e9diction&nbsp;:<\/p>\n","protected":false},"author":1,"featured_media":0,"comment_status":"open","ping_status":"closed","sticky":false,"template":"","format":"standard","meta":{"footnotes":""},"categories":[1],"tags":[65,18,3],"class_list":["post-3796","post","type-post","status-publish","format-standard","hentry","category-motdujour","tag-etats-unis","tag-international","tag-politique"],"_links":{"self":[{"href":"https:\/\/lemotdujour.fr\/index.php?rest_route=\/wp\/v2\/posts\/3796","targetHints":{"allow":["GET"]}}],"collection":[{"href":"https:\/\/lemotdujour.fr\/index.php?rest_route=\/wp\/v2\/posts"}],"about":[{"href":"https:\/\/lemotdujour.fr\/index.php?rest_route=\/wp\/v2\/types\/post"}],"author":[{"embeddable":true,"href":"https:\/\/lemotdujour.fr\/index.php?rest_route=\/wp\/v2\/users\/1"}],"replies":[{"embeddable":true,"href":"https:\/\/lemotdujour.fr\/index.php?rest_route=%2Fwp%2Fv2%2Fcomments&post=3796"}],"version-history":[{"count":8,"href":"https:\/\/lemotdujour.fr\/index.php?rest_route=\/wp\/v2\/posts\/3796\/revisions"}],"predecessor-version":[{"id":12236,"href":"https:\/\/lemotdujour.fr\/index.php?rest_route=\/wp\/v2\/posts\/3796\/revisions\/12236"}],"wp:attachment":[{"href":"https:\/\/lemotdujour.fr\/index.php?rest_route=%2Fwp%2Fv2%2Fmedia&parent=3796"}],"wp:term":[{"taxonomy":"category","embeddable":true,"href":"https:\/\/lemotdujour.fr\/index.php?rest_route=%2Fwp%2Fv2%2Fcategories&post=3796"},{"taxonomy":"post_tag","embeddable":true,"href":"https:\/\/lemotdujour.fr\/index.php?rest_route=%2Fwp%2Fv2%2Ftags&post=3796"}],"curies":[{"name":"wp","href":"https:\/\/api.w.org\/{rel}","templated":true}]}}