{"id":379,"date":"2017-01-10T01:00:00","date_gmt":"2017-01-09T22:00:00","guid":{"rendered":"http:\/\/lemotdujour.fr\/?p=379"},"modified":"2023-03-27T00:04:35","modified_gmt":"2023-03-26T22:04:35","slug":"mardi-10-janvier-2017","status":"publish","type":"post","link":"https:\/\/lemotdujour.fr\/?p=379","title":{"rendered":"Mardi 10 janvier 2017"},"content":{"rendered":"<div class=\"mdjTexte\">\u00ab\u00a0La paix \u00e7a s&rsquo;apprend\u00a0\u00bb<\/div>\n<div class=\"mdjAuteur\">David Van Reybrouck<\/div>\n<p><span style=\"color: #777777; font-family: Arial;\">J&rsquo;\u00e9voquais, hier, le second invit\u00e9 de l&rsquo;\u00e9mission &lt;<a href=\"https:\/\/www.franceculture.fr\/emissions\/du-grain-moudre\/pourquoi-naimons-nous-pas-la-paix\"><span style=\"color: blue; text-decoration: underline;\">du grain \u00e0 moudre\u00a0: pourquoi n&rsquo;aimons-nous pas la paix<\/span><\/a>\u00a0? &gt;\u00a0: <strong>David Van Reybrouck<\/strong>.<br \/>\n<\/span><\/p>\n<p><img loading=\"lazy\" decoding=\"async\" class=\"alignleft\" src=\"https:\/\/lemotdujour.fr\/wp-content\/uploads\/2023\/03\/032623_2152_Lundixxfvri1.jpg\" alt=\"\" width=\"321\" height=\"437\" align=\"left\" \/><span style=\"color: #777777; font-family: Arial;\">David Van Reybrouck est un auteur belge arch\u00e9ologue et philosophe qui s&rsquo;est associ\u00e9 \u00e0 un psychoth\u00e9rapeute sp\u00e9cialis\u00e9 dans la communication non-violente\u00a0: <strong>Thomas d&rsquo;Ansembourg<\/strong> pour \u00e9crire un petit ouvrage de 96 pages\u00a0: <a href=\"http:\/\/www.actes-sud.fr\/catalogue\/societe\/la-paix\"><span style=\"color: blue; text-decoration: underline;\">\u00ab\u00a0<\/span><\/a><a href=\"http:\/\/www.actes-sud.fr\/node\/57230\"><span style=\"color: blue; text-decoration: underline;\">La paix \u00e7a s&rsquo;apprend : comment gu\u00e9rir de la violence et du terrorisme<\/span><\/a>\u00a0\u00bb paru \u00e0 Actes Sud, en novembre 2016.<br \/>\n<\/span><\/p>\n<p><span style=\"color: #777777; font-family: Arial;\">David Van Reybrouck compare la paix avec la sant\u00e9 en disant que celui qui est en bonne sant\u00e9 l&rsquo;exprime rarement.<br \/>\n<\/span><\/p>\n<p><span style=\"color: #777777; font-family: Arial;\">On parle de sant\u00e9 quand on est malade et il a cette expression\u00a0: \u00ab\u00a0la sant\u00e9 c&rsquo;est le souvenir d&rsquo;un malade\u00a0\u00bb et il exprime la m\u00eame chose pour la paix\u00a0:\u00a0 \u00ab\u00a0on ne se rend pas compte quand on est en paix, c&rsquo;est banal presque un peu trivial, la paix c&rsquo;est le souvenir de quelqu&rsquo;un qui est en guerre\u00a0\u00bb<br \/>\n<\/span><\/p>\n<p><span style=\"color: #777777; font-family: Arial;\">Et il a ce constat qu&rsquo;il existe des \u00e9coles de guerre o\u00f9 on apprend \u00e0 faire la guerre, \u00e0 tuer.<br \/>\n<\/span><\/p>\n<p><span style=\"color: #777777; font-family: Arial;\">Ces \u00e9coles sont subventionn\u00e9es par l&rsquo;Etat et pay\u00e9es par nos imp\u00f4ts.<br \/>\n<\/span><\/p>\n<p><span style=\"color: #777777; font-family: Arial;\">Mais il n&rsquo;existe pas d&rsquo;\u00e9coles de la paix, o\u00f9 on enseignerait la paix, l&#8217;empathie, la pleine conscience. Car selon lui avant de vouloir cr\u00e9er la paix \u00e0 l&rsquo;ext\u00e9rieur, il faut d&rsquo;abord pacifier l&rsquo;individu, la paix commence \u00e0 l&rsquo;int\u00e9rieur de l&rsquo;individu.<br \/>\n<\/span><\/p>\n<p><span style=\"color: #777777; font-family: Arial;\">Or, selon lui, on peut enseigner la paix et il exprime ce curieux parall\u00e8le avec l&rsquo;hygi\u00e8ne.<br \/>\n<\/span><\/p>\n<p><span style=\"color: #777777; font-family: Arial;\">Au d\u00e9but, quand les premiers esprits \u00e9clair\u00e9s ont voulu enseigner l&rsquo;hygi\u00e8ne, on les a pris au mieux pour des r\u00eaveurs, au pire pour des fous.<br \/>\n<\/span><\/p>\n<p><span style=\"color: #777777; font-family: Arial;\">Mais peu \u00e0 peu, on a enseign\u00e9 l&rsquo;hygi\u00e8ne puis on l&rsquo;a impos\u00e9.<br \/>\n<\/span><\/p>\n<p><span style=\"color: #777777; font-family: Arial;\">Et l&rsquo;Humanit\u00e9 gr\u00e2ce \u00e0 cette prise de conscience et \u00e0 l&rsquo;enseignement de cette exigence a fait un remarquable bond en avant. En dehors de tout d\u00e9lire quantophr\u00e9nique, la r\u00e9alit\u00e9 lourde de la d\u00e9mographie nous le r\u00e9v\u00e8le\u00a0: l&rsquo;esp\u00e9rance de vie a explos\u00e9 et l&rsquo;hygi\u00e8ne plus que les progr\u00e8s de la m\u00e9decine a jou\u00e9 le r\u00f4le premier.<br \/>\n<\/span><\/p>\n<p><span style=\"color: #777777; font-family: Arial;\">Et j&rsquo;ai trouv\u00e9 un article dans un journal belge o\u00f9 Van Reybrouk compl\u00e8te les propos tenus lors de l&rsquo;\u00e9mission pr\u00e9cit\u00e9e\u00a0: <a href=\"http:\/\/www.alterechos.be\/fil-infos\/david-van-reybrouck-la-paix-mentale-contribue-a-la-paix-sociale\/\"><span style=\"color: blue; text-decoration: underline;\">http:\/\/www.alterechos.be\/fil-infos\/david-van-reybrouck-la-paix-mentale-contribue-a-la-paix-sociale\/<\/span><\/a><br \/>\n<\/span><\/p>\n<p><span style=\"color: #777777; font-family: Arial;\">J&rsquo;en tire quelques extraits\u00a0:<br \/>\n<\/span><\/p>\n<p style=\"margin-left: 28pt;\"><span style=\"color: #c00000; font-family: Arial;\">\u00ab\u00a0[\u2026] Face au d\u00e9ferlement d&rsquo;actes guerriers et barbares, appeler la paix de ses voeux ne suffit pas, il faut l&rsquo;apprendre, la construire \u00e0 l&rsquo;int\u00e9rieur de nous-m\u00eames et dans nos structures sociales. [\u2026]<br \/>\n<\/span><\/p>\n<p style=\"margin-left: 28pt;\"><span style=\"color: #c00000; font-family: Arial;\">Mais parler de la paix n&rsquo;est pas si simple\u2026 On n&rsquo;utilise plus jamais le mot \u00ab paix \u00bb, c&rsquo;est une notion qui semble g\u00eanante, et encore plus en n\u00e9erlandais: \u00abvrede\u00bb.<br \/>\n<\/span><\/p>\n<p style=\"margin-left: 28pt;\"><span style=\"color: #c00000; font-family: Arial;\">\u00c7a fait catho ou John Lennon. Pour nous, c&rsquo;\u00e9tait une r\u00e9ponse \u00e9vidente au lendemain des attentats. La violence est partout et la meilleure fa\u00e7on de pacifier une soci\u00e9t\u00e9 est la d\u00e9mocratie. La meilleure fa\u00e7on de pacifier l&rsquo;individu, c&rsquo;est de lui accorder des moments de silence et de contemplation, choses qu&rsquo;on a oubli\u00e9es ou perdues depuis plusieurs d\u00e9cennies.<br \/>\n<\/span><\/p>\n<p style=\"margin-left: 28pt;\"><span style=\"color: #c00000; font-family: Arial;\">[\u2026] Nous sommes convaincus qu&rsquo;une partie de la paix sociale repose sur la paix mentale. C&rsquo;est \u00e7a l&rsquo;\u00e9quilibre entre mon approche politique et l&rsquo;approche psychologique de Thomas.<br \/>\n<\/span><\/p>\n<p style=\"margin-left: 28pt;\"><span style=\"color: #c00000; font-family: Arial;\">[\u2026] Je vois mal comment on peut rendre une soci\u00e9t\u00e9 plus pacifiste, moins violente, moins agressive, moins raciste si on ne travaille que sur les structures soci\u00e9tales. Il faut aussi travailler sur l&rsquo;individu. Je ne dis pas qu&rsquo;il suffit que les jeunes radicalis\u00e9s de Molenbeek m\u00e9ditent quelques minutes par jour. Ce serait de la fausse conscience. Mais je ne vois pas non plus comment r\u00e9gler le d\u00e9fi majeur de la radicalisation si on limite l&rsquo;action \u00e0 des mesures s\u00e9curitaires, militaire, juridiques et politiques. Et m\u00eame si on lutte contre la discrimination au niveau du march\u00e9 du travail, de l&rsquo;\u00e9ducation ou du logement, je ne pense pas que cela d\u00e9bouchera sur une paix soci\u00e9tale durable. Il faut en fait travailler sur l&rsquo;ext\u00e9rieur et sur l&rsquo;int\u00e9rieur. Le livre est un plaidoyer pour une double action : sur les injustices sociales et sur la pacification de l&rsquo;individu. [\u2026]<br \/>\n<\/span><\/p>\n<p style=\"margin-left: 28pt;\"><span style=\"color: #c00000; font-family: Arial;\">C&rsquo;est une question de recherche scientifique. Il y a une centaine d&rsquo;ann\u00e9es, la gymnastique \u00e9tait int\u00e9gr\u00e9e dans le cursus scolaire. Pour l&rsquo;\u00e9poque, cela paraissait tr\u00e8s insolite dans un contexte o\u00f9 les enfants devaient \u00eatre sages. Mais les recherches scientifiques de l&rsquo;\u00e9poque \u2013 fin XIX \u00e8me d\u00e9but XX\u00e8me \u2013 ont montr\u00e9 que c&rsquo;\u00e9tait important d&rsquo;avoir des exercices physiques pour le d\u00e9veloppement du corps, de l&rsquo;esprit et des m\u0153urs de l&rsquo;enfant\u2026 C&rsquo;\u00e9tait devenu une chose normale et \u00e9vidente. On peut parler du sport mais aussi du brossage des dents, exemple qu&rsquo;on donne dans nos livres. Gr\u00e2ce aux \u00e9tudes sur l&rsquo;hygi\u00e8ne buccale ont montr\u00e9 la n\u00e9cessit\u00e9 de se brosser les dents et la pratique est rentr\u00e9e dans les m\u0153urs, y compris dans des endroits o\u00f9 \u00e7a n&rsquo;\u00e9tait pas du tout gagn\u00e9 comme dans la campagne profonde d&rsquo;o\u00f9 provient Thomas.<br \/>\n<\/span><\/p>\n<p style=\"margin-left: 28pt;\"><span style=\"color: #c00000; font-family: Arial;\">Je prends ces exemples pour montrer qu&rsquo;aujourd&rsquo;hui, de multiples recherches d\u00e9montrent qu&rsquo;il est possible d&rsquo;apporter de la sant\u00e9 physique et mentale \u00e0 un enfant en lui permettant de respirer dix minutes par jour calmement. On voit que l&rsquo;apprentissage de la communication non violente stimule beaucoup d&#8217;empathie vis-\u00e0-vis des autres enfants, que cela leur apprend \u00e0 g\u00e9rer les conflits, \u00e0 vivre avec, avant qu&rsquo;ils ne deviennent de vraies bagarres.<br \/>\n<\/span><\/p>\n<p style=\"margin-left: 28pt;\"><span style=\"color: #c00000; font-family: Arial;\">C&rsquo;est l&rsquo;essence de la d\u00e9mocratie. Il faut insuffler ce go\u00fbt pour l&rsquo;exercice psychique d\u00e8s la maternelle. \u00bb<br \/>\n<\/span><\/p>\n<p><span style=\"color: #777777; font-family: Arial;\">Et quand le journaliste l&rsquo;interpelle\u00a0:<br \/>\n<\/span><\/p>\n<p style=\"margin-left: 28pt;\"><span style=\"color: #c00000; font-family: Arial;\">\u00ab\u00a0Vous comprenez qu&rsquo;on peut vous prendre pour des \u00abbisounours\u00bb pour reprendre vos mots, ou en tout cas que vous pouvez susciter le scepticisme \u2026\u00bb<br \/>\n<\/span><\/p>\n<p><span style=\"color: #777777; font-family: Arial;\">Il en appelle \u00e0 Schopenhauer\u00a0:<br \/>\n<\/span><\/p>\n<p style=\"margin-left: 28pt;\"><span style=\"color: #c00000; font-family: Arial;\">\u00ab Chaque nouvelle id\u00e9e passe d&rsquo;abord par \u00eatre ignor\u00e9e, puis ridiculis\u00e9e avant de devenir \u00e9vidente \u00bb\u2026<br \/>\n<\/span><\/p>\n<p><span style=\"color: #777777; font-family: Arial;\">Et pour compl\u00e9ter le propos de Van Reybrouck, vous pourrez lire un texte <strong>d&rsquo;Edgar Morin<\/strong> publi\u00e9 dans le Monde le 5 f\u00e9vrier 2016 : \u00ab <a href=\"https:\/\/www.lemonde.fr\/idees\/article\/2016\/02\/07\/peut-on-prevenir-la-formation-du-fanatisme_4860871_3232.html\"><span style=\"color: #0000ff;\">\u00c9duquer \u00e0 la paix pour r\u00e9sister \u00e0 l&rsquo;esprit de guerre<\/span>\u00a0<\/a>\u00bb qu&rsquo;il conclut ainsi\u00a0:<br \/>\n<\/span><\/p>\n<p style=\"margin-left: 28pt;\"><span style=\"color: #c00000; font-family: Arial;\">\u00ab<em>\u00a0<\/em>C&rsquo;est ici qu&rsquo;un humanisme r\u00e9g\u00e9n\u00e9r\u00e9 pourrait apporter la prise de conscience de la communaut\u00e9 de destin qui unit en fait tous les humains, le sentiment d&rsquo;appartenance \u00e0 notre patrie terrestre, le sentiment d&rsquo;appartenance \u00e0 l&rsquo;aventure extraordinaire et incertaine de l&rsquo;humanit\u00e9, avec ses chances et ses p\u00e9rils. <\/span><\/p>\n<p style=\"margin-left: 28pt;\"><span style=\"color: #c00000; font-family: Arial;\">C&rsquo;est ici que l&rsquo;on peut r\u00e9v\u00e9ler ce que chacun porte en lui-m\u00eame, mais occult\u00e9 par la superficialit\u00e9 de notre civilisation pr\u00e9sente\u00a0: que l&rsquo;on peut avoir foi en l&rsquo;amour et en la fraternit\u00e9, qui sont nos besoins profonds, que cette foi est exaltante, qu&rsquo;elle permet d&rsquo;affronter les incertitudes et refouler les angoisses.\u00a0\u00bb<br \/>\n<\/span><\/p>\n<p><span style=\"color: #c00000; font-family: Arial;\">&lt;812&gt;<\/span><\/p>\n","protected":false},"excerpt":{"rendered":"<p>\u00ab\u00a0La paix \u00e7a s&rsquo;apprend\u00a0\u00bb David Van Reybrouck J&rsquo;\u00e9voquais, hier, le second invit\u00e9 de l&rsquo;\u00e9mission &lt;du grain \u00e0 moudre\u00a0: pourquoi n&rsquo;aimons-nous pas la paix\u00a0? &gt;\u00a0: David Van Reybrouck. David Van Reybrouck est un auteur belge arch\u00e9ologue et philosophe qui s&rsquo;est associ\u00e9<\/p>\n","protected":false},"author":1,"featured_media":0,"comment_status":"closed","ping_status":"closed","sticky":false,"template":"","format":"standard","meta":{"footnotes":""},"categories":[1],"tags":[219,235,6],"class_list":["post-379","post","type-post","status-publish","format-standard","hentry","category-motdujour","tag-guerre","tag-non-violence","tag-philosophie"],"_links":{"self":[{"href":"https:\/\/lemotdujour.fr\/index.php?rest_route=\/wp\/v2\/posts\/379","targetHints":{"allow":["GET"]}}],"collection":[{"href":"https:\/\/lemotdujour.fr\/index.php?rest_route=\/wp\/v2\/posts"}],"about":[{"href":"https:\/\/lemotdujour.fr\/index.php?rest_route=\/wp\/v2\/types\/post"}],"author":[{"embeddable":true,"href":"https:\/\/lemotdujour.fr\/index.php?rest_route=\/wp\/v2\/users\/1"}],"replies":[{"embeddable":true,"href":"https:\/\/lemotdujour.fr\/index.php?rest_route=%2Fwp%2Fv2%2Fcomments&post=379"}],"version-history":[{"count":4,"href":"https:\/\/lemotdujour.fr\/index.php?rest_route=\/wp\/v2\/posts\/379\/revisions"}],"predecessor-version":[{"id":14506,"href":"https:\/\/lemotdujour.fr\/index.php?rest_route=\/wp\/v2\/posts\/379\/revisions\/14506"}],"wp:attachment":[{"href":"https:\/\/lemotdujour.fr\/index.php?rest_route=%2Fwp%2Fv2%2Fmedia&parent=379"}],"wp:term":[{"taxonomy":"category","embeddable":true,"href":"https:\/\/lemotdujour.fr\/index.php?rest_route=%2Fwp%2Fv2%2Fcategories&post=379"},{"taxonomy":"post_tag","embeddable":true,"href":"https:\/\/lemotdujour.fr\/index.php?rest_route=%2Fwp%2Fv2%2Ftags&post=379"}],"curies":[{"name":"wp","href":"https:\/\/api.w.org\/{rel}","templated":true}]}}