{"id":3787,"date":"2017-12-22T03:53:44","date_gmt":"2017-12-22T02:53:44","guid":{"rendered":"http:\/\/lemotdujour.fr\/?p=3787"},"modified":"2021-09-29T10:53:08","modified_gmt":"2021-09-29T08:53:08","slug":"vendredi-22-decembre-2017","status":"publish","type":"post","link":"https:\/\/lemotdujour.fr\/?p=3787","title":{"rendered":"Vendredi 22 d\u00e9cembre 2017"},"content":{"rendered":"<div class=\"mdjTexte\">\t\u00ab&nbsp;La vie secr\u00e8te des arbres&nbsp;\u00bb<\/div>\n<div class=\"mdjAuteur\">\tPeter Wohlleben<\/div>\n<p><span style=\"color: #777777; font-family: Arial;\">Le mot du jour va s&rsquo;interrompre pour une sorte de tr\u00eave de No\u00ebl que je pr\u00e9f\u00e8re \u00e0 la formule \u00ab&nbsp;<a href=\"https:\/\/fr.wikipedia.org\/wiki\/Tr%C3%AAve_des_confiseurs\"><span style=\"color: #0000ff;\">la tr\u00eave des confiseurs&nbsp;<\/span><\/a>\u00bb.<br \/>\n<\/span><\/p>\n<p><img decoding=\"async\" class=\"alignleft\" src=\"https:\/\/lemotdujour.fr\/wp-content\/uploads\/2017\/12\/121917_2146_Vendredi22d1.jpg\" alt=\"\" align=\"left\"><span style=\"color: #777777; font-family: Arial;\">Juste avant No\u00ebl, je voudrais partager avec vous un livre que nous avons achet\u00e9, Annie et moi, pour nous l&rsquo;offrir \u00ab<span style=\"color: #0000ff;\">&nbsp;<\/span><a href=\"https:\/\/www.leslibraires.fr\/livre\/10826076-la-vie-secrete-des-arbres-peter-wohlleben-les-arenes\"><strong><span style=\"color: #0000ff;\">La vie secr\u00e8te des arbres<\/span><\/strong><span style=\"color: #0000ff;\">&nbsp;<\/span><\/a>\u00bb de Peter Wohlleben<br \/>\n<\/span><\/p>\n<p><span style=\"color: #777777; font-family: Arial;\">J&rsquo;ai d\u00e9couvert Peter Wohlleben parce qu&rsquo;il avait \u00e9t\u00e9 invit\u00e9 aux \u00ab<span style=\"color: #0000ff;\">&nbsp;<\/span><a href=\"https:\/\/www.franceculture.fr\/emissions\/linvite-des-matins\/peter-wohlleben-roi-des-forets-rencontre-avec-lauteur-de-la-vie-secrete-des-arbres\"><span style=\"color: #0000ff;\">matins de France Culture<\/span>&nbsp;<\/a>\u00bb du 8 d\u00e9cembre 2017.<br \/>\n<\/span><\/p>\n<p><span style=\"color: #777777; font-family: Arial;\">Peter Wohlleben est un ing\u00e9nieur forestier qui a cherch\u00e9 \u00e0 comprendre la for\u00eat et \u00e0 d\u00e9crire la vie des arbres, tout en pr\u00e9cisant souvent qu&rsquo;il y a beaucoup de choses qu&rsquo;on ne sait pas encore. Selon lui, les for\u00eats ressemblent \u00e0 des communaut\u00e9s humaines. Les parents vivent avec leurs enfants, et les aident \u00e0 grandir. Les arbres r\u00e9pondent avec ing\u00e9niosit\u00e9 aux dangers. Leur syst\u00e8me radiculaire, semblable \u00e0 un r\u00e9seau internet v\u00e9g\u00e9tal, leur permet de partager des nutriments avec les arbres malades mais aussi de communiquer entre eux. Et leurs racines peuvent perdurer plus de dix mille ans&#8230;<br \/>\n<\/span><\/p>\n<p><span style=\"color: #777777; font-family: Arial;\">Dans l&rsquo;\u00e9mission, Peter Wohlleben remet les choses en perspective et donne une le\u00e7on d&rsquo;humilit\u00e9 aux hommes&nbsp;:<br \/>\n<\/span><\/p>\n<p style=\"margin-left: 28pt;\"><span style=\"color: #c00000; font-family: Arial;\">\u00ab&nbsp;Nous avons toujours consid\u00e9r\u00e9 les arbres comme au service de l&rsquo;humanit\u00e9, qui produisent pour nous de l&rsquo;oxyg\u00e8ne. Ce n&rsquo;est pas \u00e7a qu&rsquo;ils font. Les arbres existent depuis 300 millions d&rsquo;ann\u00e9es, les hommes depuis 300 000 ans, les forestiers depuis 300 ans.&nbsp;\u00bb<br \/>\n<\/span><\/p>\n<p><span style=\"color: #777777; font-family: Arial;\">Emission et recherches passionnantes !<br \/>\n<\/span><\/p>\n<p><span style=\"color: #777777; font-family: Arial;\">J&rsquo;ai trouv\u00e9 <a href=\"http:\/\/next.liberation.fr\/livres\/2017\/03\/15\/peter-wohlleben-les-arbres-ne-voteraient-pas-a-droite_1555933\"><span style=\"color: #0000ff;\">une interview dans Lib\u00e9ration<\/span><\/a> o\u00f9 il explique son parcours et ce qu&rsquo;il a appris et aussi compris gr\u00e2ce aux travaux des biologistes&nbsp;:<br \/>\n<\/span><\/p>\n<p style=\"margin-left: 28pt;\"><span style=\"color: #c00000; font-family: Arial;\">Enfant, Peter Wohlleben voulait prot\u00e9ger la nature. Devenu forestier, il s&rsquo;est mis \u00e0 martyriser les arbres, appliquant les consignes de son employeur, l&rsquo;administration foresti\u00e8re d&rsquo;Etat allemande. La for\u00eat qu&rsquo;il exploitait n&rsquo;\u00e9tait qu&rsquo;une source de mati\u00e8re premi\u00e8re pour les scieries. Il en savait \u00abautant sur la vie secr\u00e8te des arbres qu&rsquo;un boucher sur la vie affective des animaux\u00bb, se souvient-il. Les visiteurs de sa for\u00eat, situ\u00e9e sur la commune de H\u00fcmmel, au sud de Bonn, ont tout chang\u00e9. Leur \u00e9merveillement a r\u00e9veill\u00e9 sa passion et remis en cause sa fa\u00e7on de travailler.<br \/>\n<\/span><\/p>\n<p><span style=\"color: #777777; font-family: Arial;\">Les arbres ont tant de facult\u00e9s&nbsp;:<br \/>\n<\/span><\/p>\n<p style=\"margin-left: 28pt;\"><span style=\"color: #c00000; font-family: Arial;\">\u00ab&nbsp;Il y en a tant ! On sait qu&rsquo;ils sont connect\u00e9s les uns aux autres via les racines et nourrissent ainsi les plus faibles. Une \u00e9tude de l&rsquo;universit\u00e9 de Vancouver a m\u00eame montr\u00e9 qu&rsquo;une \u00abm\u00e8re-arbre\u00bb peut d\u00e9tecter ses jeunes plants avec ses racines. On a mesur\u00e9 qu&rsquo;elle soutient davantage ces derniers. Les arbres d\u00e9cident bel et bien avec qui ils se connectent. Et ils ont une m\u00e9moire. En cas de s\u00e9cheresse, le bois se d\u00e9shydrate, se fissure. L&rsquo;arbre bless\u00e9 s&rsquo;en souvient toute sa vie et change de strat\u00e9gie d\u00e8s le printemps suivant en r\u00e9duisant sa consommation d&rsquo;eau. Les vieux seraient m\u00eame capables de partager cette information avec les plus jeunes, de les \u00ab\u00e9duquer\u00bb.&nbsp;\u00bb<br \/>\n<\/span><\/p>\n<p><span style=\"color: #777777; font-family: Arial;\">Nous apprenons donc que les arbres communiquent&nbsp;:<br \/>\n<\/span><\/p>\n<p style=\"margin-left: 28pt;\"><span style=\"color: #c00000; font-family: Arial;\">\u00ab&nbsp;Oui, ils peuvent avertir leurs cong\u00e9n\u00e8res d&rsquo;une attaque d&rsquo;insectes, appeler \u00e0 la rescousse les pr\u00e9dateurs des parasites. Les ormes se d\u00e9barrassent des chenilles en \u00e9mettant des substances attirant des petites gu\u00eapes qui pondent dans celles-ci. Les arbres sont capables d&rsquo;identifier la salive des chenilles en la distinguant de celle d&rsquo;un cervid\u00e9 et ainsi adopter la strat\u00e9gie de d\u00e9fense adapt\u00e9e. Si c&rsquo;est une biche qui les croque, ils envoient dans leurs rameaux des substances toxiques ou am\u00e8res. Ce qui prouve qu&rsquo;ils ont le sens du go\u00fbt. Ils peuvent aussi \u00abvoir\u00bb la longueur des jours, \u00absentir\u00bb des messages olfactifs ou la temp\u00e9rature de l&rsquo;air. Ils sont peut-\u00eatre m\u00eame dot\u00e9s de l&rsquo;ou\u00efe : il a \u00e9t\u00e9 prouv\u00e9 que les racines de c\u00e9r\u00e9ales \u00e9mettent un son et que celles des plantes alentour se dirigent alors dans cette direction.&nbsp;\u00bb<br \/>\n<\/span><\/p>\n<p><span style=\"color: #777777; font-family: Arial;\">Peter Wohlleben parlent aussi des nombreuses questions non r\u00e9solues, par exemple de la m\u00e9moire&nbsp;:<br \/>\n<\/span><\/p>\n<p style=\"margin-left: 28pt;\"><span style=\"color: #c00000; font-family: Arial;\">\u00ab&nbsp;En premier lieu, o\u00f9 les arbres stockent-ils leur m\u00e9moire ? Ils n&rsquo;ont pas de cerveau tel que le n\u00f4tre. Mais nous savons qu&rsquo;ils stockent les connaissances acquises. Par exemple, ils comptent les journ\u00e9es chaudes au printemps pour \u00e9viter de fleurir trop t\u00f4t. Ils savent que trois jours chauds ne suffisent pas, qu&rsquo;il faut encore attendre. Sans m\u00e9moire, chaque jour serait compt\u00e9 comme \u00e9tant le premier. Ensuite, j&rsquo;aimerais savoir s&rsquo;ils communiquent sur d&rsquo;autres sujets que les dangers d\u00e9tect\u00e9s. Je r\u00eave d&rsquo;un dictionnaire chimique permettant d&rsquo;analyser leurs messages olfactifs. Peut-\u00eatre parlent-ils de la m\u00e9t\u00e9o, de ce qu&rsquo;ils ressentent. Notre nez peut d\u00e9j\u00e0 d\u00e9celer certains signaux. Une odeur aromatique, l&rsquo;\u00e9t\u00e9, dans les for\u00eats de conif\u00e8res signifie qu&rsquo;ils s&rsquo;avertissent : il fait trop sec, trop chaud, des insectes attaquent\u2026 Ces for\u00eats sont le plus souvent plant\u00e9es, donc vuln\u00e9rables. Malgr\u00e9 la senteur agr\u00e9able et m\u00eame si nous n&rsquo;en avons pas conscience, notre corps per\u00e7oit l&rsquo;appel \u00e0 l&rsquo;aide. Des recherches ont montr\u00e9 que notre pression art\u00e9rielle augmente dans ce type de for\u00eats et baisse dans celles de feuillus intacts, qui \u00e9changent sans doute des signaux de bien-\u00eatre. Nombre de visiteurs de notre r\u00e9serve de h\u00eatres me disent qu&rsquo;ils s&rsquo;y sentent chez eux, dans leur \u00e9l\u00e9ment.&nbsp;\u00bb<br \/>\n<\/span><\/p>\n<p><span style=\"color: #777777; font-family: Arial;\">Il insiste aussi beaucoup sur la solidarit\u00e9 qu&rsquo;ils manifestent les uns \u00e0 l&rsquo;\u00e9gard des autres. C&rsquo;est encore la culture de l&rsquo;entraide.<br \/>\n<\/span><\/p>\n<p><span style=\"color: #777777; font-family: Arial;\">La journaliste de Lib\u00e9ration lui pose la question de son exc\u00e8s d&rsquo;anthropomorphisme pour parler des arbres. Il y r\u00e9pond simplement&nbsp;:<br \/>\n<\/span><\/p>\n<p style=\"margin-left: 28pt;\"><span style=\"color: #c00000; font-family: Arial;\">Quand j&rsquo;ai commenc\u00e9 \u00e0 animer des visites guid\u00e9es, j&rsquo;abordais des notions trop ardues, je d\u00e9crivais les arbres sans langage imag\u00e9, les gens s&rsquo;ennuyaient. J&rsquo;ai appris \u00e0 parler de fa\u00e7on compr\u00e9hensible, en faisant appel aux \u00e9motions. Et on ne peut comparer qu&rsquo;avec ce qu&rsquo;on conna\u00eet. Quand je dis qu&rsquo;une m\u00e8re-arbre allaite ses plantules gr\u00e2ce \u00e0 la connexion de leurs racines, chacun comprend.<br \/>\n<\/span><\/p>\n<p><span style=\"color: #777777; font-family: Arial;\">Parce que bien entendu les arbres sont tr\u00e8s diff\u00e9rents des humains par exemple il communique de mani\u00e8re tr\u00e8s diff\u00e9rente de nous.<span style=\"color: #0000ff;\"> <a href=\"http:\/\/www.leparisien.fr\/magazine\/grand-angle\/le-parisien-magazine-les-pouvoirs-secrets-des-arbres-24-02-2017-6702765.php\"><span style=\"color: #0000ff;\">Ils ne parlent pas<\/span><\/a><\/span> mais cela n&#8217;emp\u00eache pas les arbres de communiquer. En \u00e9mettant des substances odorantes, ils \u00e9changent chimiquement, et \u00e9lectriquement aussi. Il suffit de soulever un bout de terre en for\u00eat pour d\u00e9couvrir des filaments blancs. Il s&rsquo;agit d&rsquo;hyphes de champignons, qui participent, avec les racines, \u00e0 la transmission d&rsquo;informations sur la s\u00e9cheresse du sol, une attaque d&rsquo;insectes ou tout autre p\u00e9ril. Ces fils, qui fonctionnent sur le m\u00eame principe qu&rsquo;Internet, forment un r\u00e9seau souterrain si dense que des scientifiques l&rsquo;ont baptis\u00e9 le \u00ab Wood Wide Web \u00bb. Difficile de d\u00e9terminer le type et le volume d&rsquo;informations communiqu\u00e9es tant la recherche est embryonnaire sur le sujet.<br \/>\n<\/span><\/p>\n<p><span style=\"color: #777777; font-family: Arial;\">Il aborde encore beaucoup d&rsquo;autres aspects celui du temps des arbres qui n&rsquo;est bien s\u00fbr pas celui des humains et celui de l&rsquo;interventionnisme des hommes dans les for\u00eats qu&rsquo;il juge contre-productive&nbsp;:<br \/>\n<\/span><\/p>\n<p style=\"margin-left: 28pt;\"><span style=\"color: #c00000; font-family: Arial;\">\u00ab&nbsp;Moins on intervient, plus une for\u00eat est \u00e9quilibr\u00e9e, saine, r\u00e9sistante aux maladies ou aux temp\u00eates. Prot\u00e9ger une for\u00eat ne nous fait pas perdre en qualit\u00e9 de vie, au contraire. Seule l&rsquo;industrie du bois y perd. L&rsquo;id\u00e9e n&rsquo;est pas de les prot\u00e9ger toutes &#8211; nous en sommes d&rsquo;ailleurs tr\u00e8s loin : en Allemagne, \u00e0 peine 1,9 % des for\u00eats le sont. Car nous aurons toujours besoin de bois, ne serait-ce que pour produire du papier. Mais nous pouvons changer nos pratiques. Une for\u00eat exploit\u00e9e subit toujours des dommages, mais on peut les minimiser. Pour sortir les troncs, mieux vaut des chevaux de trait que des engins qui tassent le sol. Quand ce dernier est d\u00e9truit, il l&rsquo;est pour toujours et ne peut plus stocker assez d&rsquo;eau. Il faut aussi bannir les pesticides, car un \u00e9cosyst\u00e8me est comme une horloge : si vous en d\u00e9truisez un rouage, il ne fonctionne plus. Or c&rsquo;est ce que font les produits chimiques. [\u2026]<br \/>\n<\/span><\/p>\n<p style=\"margin-left: 28pt;\"><span style=\"color: #c00000; font-family: Arial;\">Le temps des humains ne correspond pas \u00e0 celui des arbres. On veut des r\u00e9sultats rapides, d&rsquo;o\u00f9 toutes ces plantations o\u00f9 les arbres grandissent vite mais sont fragiles. Restaurer une for\u00eat primaire prend cinq cents ans. Cela para\u00eet \u00e9norme, mais c&rsquo;est la long\u00e9vit\u00e9 normale d&rsquo;un arbre. Or, quand vous laissez les for\u00eats vieillir, elles r\u00e9gulent le climat. Leur microclimat local, mais aussi le climat mondial, en absorbant beaucoup de CO2. Des recherches ont \u00e9t\u00e9 faites sur des for\u00eats de h\u00eatres. Les chaudes journ\u00e9es d&rsquo;\u00e9t\u00e9, celles laiss\u00e9es intactes sont plus fra\u00eeches de 3,5\u00b0C en moyenne que celles exploit\u00e9es. Les for\u00eats peuvent nous aider \u00e0 lutter contre le changement climatique, \u00e0 condition que nous leur permettions de faire leur job.&nbsp;\u00bb<br \/>\n<\/span><\/p>\n<p><span style=\"color: #777777; font-family: Arial;\">Un <a href=\"http:\/\/www.lefigaro.fr\/sciences\/2017\/09\/29\/01008-20170929ARTFIG00081-la-vie-secrete-des-arbres.php\"><span style=\"color: #0000ff;\">autre article<\/span><\/a> rapporte la solidarit\u00e9 et la \u00ab&nbsp;la vie sociale&nbsp;\u00bb des arbres&nbsp;:<br \/>\n<\/span><\/p>\n<p style=\"margin-left: 28pt;\"><span style=\"color: #c00000; font-family: Arial;\">\u00ab&nbsp;Par ailleurs, l&rsquo;arbre a tendance \u00e0 cr\u00e9er des colonies. Sexu\u00e9, dans la for\u00eat, il distribue des graines autour de lui et parvient ainsi \u00e0 se reproduire. Dans le m\u00eame temps, ses racines grandissent et s&rsquo;\u00e9tendent alentour, permettant \u00e0 ses descendants de pousser. Le Dr&nbsp;Suzanne Simard, professeur d&rsquo;\u00e9cologie foresti\u00e8re \u00e0 l&rsquo;universit\u00e9 de la Colombie-Britannique, parle m\u00eame d&rsquo;\u00abarbres-m\u00e8res qui allaitent leurs enfants\u00bb, leur assurant un approvisionnement r\u00e9gulier \u00e0 travers les champignons mycorhiziens qui entretiennent des relations avec leurs racines. Ces champignons, v\u00e9ritables partenaires des arbres, poussent sous la surface du tapis forestier et cr\u00e9ent des interconnexions, donc des \u00e9changes d&rsquo;une plante \u00e0 l&rsquo;autre m\u00eame lorsqu&rsquo;elles appartiennent \u00e0 des esp\u00e8ces diff\u00e9rentes. \u00bb<br \/>\n<\/span><\/p>\n<p><span style=\"color: #777777; font-family: Arial;\">Tout un monde ignor\u00e9. Un monde d&rsquo;intelligence partag\u00e9e et de solidarit\u00e9.<br \/>\n<\/span><\/p>\n<p><span style=\"color: #777777; font-family: Arial;\">Un film a \u00e9t\u00e9 r\u00e9alis\u00e9 \u00e0 partir du livre&nbsp;: <a href=\"https:\/\/www.consoglobe.com\/intelligence-des-arbres-cinema-cg\">\u00ab<span style=\"color: #0000ff;\">&nbsp;L&rsquo;intelligence des arbres<\/span>&nbsp;\u00bb<\/a>.<br \/>\n<\/span><\/p>\n<p><span style=\"color: #777777; font-family: Arial;\">Vous en trouverez un extrait<span style=\"color: #0000ff;\"> <a href=\"https:\/\/www.youtube.com\/watch?v=nKtGtLnyW9E\"><span style=\"color: #0000ff;\">&lt;ICI&gt;<\/span><\/a><\/span> et vous pourrez enchainer sur 4 autres.<br \/>\n<\/span><\/p>\n<p><span style=\"color: #777777; font-family: Arial;\">Le prochain mot du jour sera publi\u00e9, sauf force majeure, le lundi 8 janvier 2018<\/span><\/p>\n<p><span style=\"color: #800000;\">&lt;994&gt;<\/span><\/p>\n","protected":false},"excerpt":{"rendered":"<p>\u00ab&nbsp;La vie secr\u00e8te des arbres&nbsp;\u00bb Peter Wohlleben Le mot du jour va s&rsquo;interrompre pour une sorte de tr\u00eave de No\u00ebl que je pr\u00e9f\u00e8re \u00e0 la formule \u00ab&nbsp;la tr\u00eave des confiseurs&nbsp;\u00bb. Juste avant No\u00ebl, je voudrais partager avec vous un livre<\/p>\n","protected":false},"author":1,"featured_media":0,"comment_status":"open","ping_status":"closed","sticky":false,"template":"","format":"standard","meta":{"footnotes":""},"categories":[1],"tags":[43,48,35],"class_list":["post-3787","post","type-post","status-publish","format-standard","hentry","category-motdujour","tag-ecologie","tag-nature","tag-sciences"],"_links":{"self":[{"href":"https:\/\/lemotdujour.fr\/index.php?rest_route=\/wp\/v2\/posts\/3787","targetHints":{"allow":["GET"]}}],"collection":[{"href":"https:\/\/lemotdujour.fr\/index.php?rest_route=\/wp\/v2\/posts"}],"about":[{"href":"https:\/\/lemotdujour.fr\/index.php?rest_route=\/wp\/v2\/types\/post"}],"author":[{"embeddable":true,"href":"https:\/\/lemotdujour.fr\/index.php?rest_route=\/wp\/v2\/users\/1"}],"replies":[{"embeddable":true,"href":"https:\/\/lemotdujour.fr\/index.php?rest_route=%2Fwp%2Fv2%2Fcomments&post=3787"}],"version-history":[{"count":7,"href":"https:\/\/lemotdujour.fr\/index.php?rest_route=\/wp\/v2\/posts\/3787\/revisions"}],"predecessor-version":[{"id":12226,"href":"https:\/\/lemotdujour.fr\/index.php?rest_route=\/wp\/v2\/posts\/3787\/revisions\/12226"}],"wp:attachment":[{"href":"https:\/\/lemotdujour.fr\/index.php?rest_route=%2Fwp%2Fv2%2Fmedia&parent=3787"}],"wp:term":[{"taxonomy":"category","embeddable":true,"href":"https:\/\/lemotdujour.fr\/index.php?rest_route=%2Fwp%2Fv2%2Fcategories&post=3787"},{"taxonomy":"post_tag","embeddable":true,"href":"https:\/\/lemotdujour.fr\/index.php?rest_route=%2Fwp%2Fv2%2Ftags&post=3787"}],"curies":[{"name":"wp","href":"https:\/\/api.w.org\/{rel}","templated":true}]}}