{"id":3768,"date":"2017-12-20T03:59:42","date_gmt":"2017-12-20T02:59:42","guid":{"rendered":"http:\/\/lemotdujour.fr\/?p=3768"},"modified":"2021-09-29T20:34:01","modified_gmt":"2021-09-29T18:34:01","slug":"mercredi-20-decembre-2017","status":"publish","type":"post","link":"https:\/\/lemotdujour.fr\/?p=3768","title":{"rendered":"Mercredi 20 d\u00e9cembre 2017"},"content":{"rendered":"<div class=\"mdjTexte\">\t\u00ab Mais je suis persuad\u00e9 qu\u2019on arrive dans l\u2019\u00e2ge de l\u2019entraide parce que ce sont les plus individualistes qui cr\u00e8veront les premiers. \u00bb<\/div>\n<div class=\"mdjAuteur\">\tPablo Servigne<\/div>\n<p><span style=\"color: #777777; font-family: Arial;\">Avant d&rsquo;\u00e9crire le livre sur l&rsquo;entraide \u00e9voqu\u00e9 lundi, Pablo Servigne associ\u00e9 \u00e0 <span style=\"color: #0000ff;\"><a title=\"Voir la fiche auteur de Rapha\u00ebl Stevens\" href=\"http:\/\/www.seuil.com\/recherche?s=Rapha\u00ebl%20Stevens\"><span style=\"color: #0000ff;\">Rapha\u00ebl<\/span> <span style=\"color: #0000ff;\">Stevens<\/span><\/a><\/span> avait \u00e9crit en 2015&nbsp;: \u00ab&nbsp;<a href=\"http:\/\/www.seuil.com\/ouvrage\/comment-tout-peut-s-effondrer-pablo-servigne\/9782021223316\"><span style=\"color: #0000ff;\">Comment tout peut s&rsquo;effondrer. Petit manuel de collapsologie \u00e0 l&rsquo;usage des g\u00e9n\u00e9rations pr\u00e9sentes<\/span><\/a>&nbsp;\u00bb<br \/>\n<\/span><\/p>\n<p><span style=\"color: #777777; font-family: Arial;\">Ils avaient invent\u00e9 \u00e0 cette occasion le mot \u00abcollapsologie\u00bb du latin<span style=\"color: #0000ff;\"> <a title=\"collapsus\" href=\"https:\/\/fr.wiktionary.org\/wiki\/collapsus\"><span style=\"color: #0000ff;\">collapsus<\/span><\/a><\/span> \u00abqui est tomb\u00e9 en un seul bloc&nbsp;\u00bb et qui a pour d\u00e9finition&nbsp;: \u00ab&nbsp;\u00c9tude multidisciplinaire de l&rsquo;effondrement des civilisations industrielles et de ses suites.&nbsp;\u00bb<br \/>\n<\/span><\/p>\n<p><span style=\"color: #777777; font-family: Arial;\">Pablo Servigne et ses coll\u00e8gues voudraient en faire une discipline scientifique. Ils ont d&rsquo;ailleurs consacr\u00e9 un site \u00e0 cet effet&nbsp;: <a title=\"http:\/\/www.collapsologie.fr\/\" href=\"http:\/\/www.collapsologie.fr\/\"><span style=\"color: #0000ff;\">http:\/\/www.collapsologie.fr\/<\/span><\/a><br \/>\n<\/span><\/p>\n<p><span style=\"color: #777777; font-family: Arial;\">Pour poursuivre la r\u00e9flexion de lundi et de mardi, je voudrai partager <a href=\"http:\/\/www.terraeco.net\/Pablo-Servigne-Les-plus,64497.html\"><span style=\"color: #0000ff;\">un article<\/span><\/a> auquel Pablo Servigne a particip\u00e9 \u00e0 la suite de la publication de son livre et de ses r\u00e9flexions sur la collapsologie.<br \/>\n<\/span><\/p>\n<p><span style=\"color: #777777; font-family: Arial;\">Dans cet article il \u00e9crit par exemple&nbsp;:<br \/>\n<\/span><\/p>\n<p style=\"margin-left: 28pt;\"><span style=\"color: #c00000; font-family: Arial;\">\u00ab&nbsp;On croit souvent que le progr\u00e8s est naturel. En fait, ce sont des choix politiques. Des \u00e9lites au pouvoir ont impos\u00e9 le p\u00e9trole, par exemple. \u00c7a a cr\u00e9\u00e9 des monopoles et on a d\u00e9truit les trains, les trams et les autres sources d&rsquo;\u00e9nergie. Un r\u00e9gime \u00e9nerg\u00e9tique fait \u00e9merger un r\u00e9gime politique. C&rsquo;est bien montr\u00e9 dans Petrocratia (Editions Ere, 2011), de Timothy Mitchell. Le charbon a permis l&rsquo;\u00e9mergence de la d\u00e9mocratie de masse et des mouvements ouvriers ; l&rsquo;arriv\u00e9e du p\u00e9trole a d\u00e9truit ces mouvements par la qualit\u00e9 m\u00eame de cette \u00e9nergie et a mis au pouvoir une \u00e9lite technocratique. Le changement climatique est connu depuis longtemps. Les \u00e9lites ont d\u00e9cid\u00e9 de l&rsquo;ignorer pour faire plus d&rsquo;argent. Par ailleurs, des th\u00e9ories disent que notre cerveau n&rsquo;est pas fa\u00e7onn\u00e9 pour voir les probl\u00e8mes \u00e0 long terme et \u00e0 grande \u00e9chelle.&nbsp;\u00bb<br \/>\n<\/span><\/p>\n<p><span style=\"color: #777777; font-family: Arial;\">Son propos parle d&rsquo;effondrement et il l&rsquo;analyse de la mani\u00e8re suivante&nbsp;:<br \/>\n<\/span><\/p>\n<p style=\"margin-left: 28pt;\"><span style=\"color: #c00000; font-family: Arial;\">\u00ab&nbsp;Certains scientifiques parlent de limits (\u00ab limites \u00bb), d&rsquo;autres de boundaries (\u00ab fronti\u00e8res \u00bb). Prenons la m\u00e9taphore de la voiture. Notre soci\u00e9t\u00e9 ne va pas dans le mur, mais elle a deux probl\u00e8mes. D&rsquo;abord, le r\u00e9servoir (les limites). Une fois qu&rsquo;il n&rsquo;y a plus d&rsquo;essence, on ne peut pas aller plus loin. L&rsquo;autre, ce sont les fronti\u00e8res, la transgression de certains seuils qui d\u00e9r\u00e8glent le syst\u00e8me-terre. \u00c7a, c&rsquo;est le bas-c\u00f4t\u00e9. On est sortis de la route goudronn\u00e9e, on navigue \u00e0 vue dans un monde incertain, avec la possibilit\u00e9 de grands chocs. On est sortis des conditions normales. C&rsquo;est \u00e7a dont il faut prendre acte. Parmi les fronti\u00e8res, il y a le climat, la biodiversit\u00e9, le cycle de l&rsquo;azote, celui du phosphore\u2026 Les entomologistes parlent d&rsquo;effondrement des insectes \u2013 pas seulement des abeilles \u2013, il y a un effondrement des populations d&rsquo;oiseaux, de poissons, des grands mammif\u00e8res\u2026<br \/>\n<\/span><\/p>\n<p style=\"margin-left: 28pt;\"><span style=\"color: #c00000; font-family: Arial;\">[\u2026]<br \/>\n<\/span><\/p>\n<p style=\"margin-left: 28pt;\"><span style=\"color: #c00000; font-family: Arial;\">Il peut y avoir des \u00e9tincelles climatiques ou dues au manque de ressources, mais il est plus logique de penser que les crises financi\u00e8res jouent un r\u00f4le moteur et qu&rsquo;elles peuvent se transmettre \u00e0 l&rsquo;\u00e9conomie. \u00c7a peut ensuite muter en effondrement politique. Avec une crise financi\u00e8re, il n&rsquo;y a plus rien dans les distributeurs de billets ; avec une crise \u00e9conomique, plus rien sur les \u00e9talages. L&rsquo;effondrement politique, c&rsquo;est l&rsquo;apparition de mafias, de l&rsquo;\u00e9conomie informelle, de la corruption et la machine de l&rsquo;Etat se d\u00e9glingue. C&rsquo;est le bloc sovi\u00e9tique dans les ann\u00e9es 1990.&nbsp;\u00bb<br \/>\n<\/span><\/p>\n<p><span style=\"color: #777777; font-family: Arial;\">Il explique aussi que les interconnexions de notre monde conduisent \u00e0 sa fragilit\u00e9&nbsp;:<br \/>\n<\/span><\/p>\n<p style=\"margin-left: 28pt;\"><span style=\"color: #c00000; font-family: Arial;\">\u00ab&nbsp;En un sens, notre monde est assez r\u00e9silient : en cas de choc \u00e9conomique dans une r\u00e9gion, il y a tellement de commerce et de r\u00e9seaux qu&rsquo;il est finalement rapidement absorb\u00e9. Mais on a d\u00e9couvert r\u00e9cemment que, quand un syst\u00e8me devient hyperconnect\u00e9 et tr\u00e8s homog\u00e8ne, comme notre \u00e9conomie mondiale, il est r\u00e9silient au d\u00e9but mais se fragilise en silence, jusqu&rsquo;\u00e0 d\u00e9passer un seuil qui provoque un effondrement brutal. Alors que les syst\u00e8mes tr\u00e8s peu connect\u00e9s et tr\u00e8s h\u00e9t\u00e9rog\u00e8nes, comme ceux d&rsquo;avant la mondialisation, encaissent moins bien les chocs, mais sont plus r\u00e9silients \u00e0 long terme. Avec la mondialisation est n\u00e9 le risque syst\u00e9mique global. Pour prendre un exemple, imaginons qu&rsquo;un champignon ravage la production de bl\u00e9 d&rsquo;une ann\u00e9e dans la Beauce. Au Moyen-Age, \u00e7a n&rsquo;aurait pas impact\u00e9 beaucoup les autres r\u00e9gions, car elles \u00e9taient moins connect\u00e9es et chacune avait ses c\u00e9r\u00e9ales. Aujourd&rsquo;hui, l&rsquo;impact serait fort partout. Et il y a des effets en cascade. Il y a quelques ann\u00e9es, des pluies torrentielles en Tha\u00eflande ont provoqu\u00e9 l&rsquo;explosion des cours des disques durs ! Notre syst\u00e8me est beaucoup plus efficace\u2026 et plus fragile.&nbsp;\u00bb<br \/>\n<\/span><\/p>\n<p><span style=\"color: #777777; font-family: Arial;\">D\u00e8s la r\u00e9daction de ce premier ouvrage, Pablo Servigne pensait que l&rsquo;entraide devait \u00eatre valoris\u00e9e et prendre toute sa place dans notre imaginaire&nbsp;:<br \/>\n<\/span><\/p>\n<p style=\"margin-left: 28pt;\"><span style=\"color: #c00000; font-family: Arial;\">\u00ab&nbsp;On sait aussi que l&rsquo;entraide et la coop\u00e9ration peuvent se cr\u00e9er contre un ennemi : une guerre, \u00e7a soude un peuple ! Mais je suis persuad\u00e9 qu&rsquo;on arrive dans l&rsquo;\u00e2ge de l&rsquo;entraide parce que ce sont les plus individualistes qui cr\u00e8veront les premiers.&nbsp;\u00bb<br \/>\n<\/span><\/p>\n<p><span style=\"color: #777777; font-family: Arial;\">Lui-m\u00eame a choisi de vivre dans un \u00e9co-hameau en Ard\u00e8che&nbsp;:<br \/>\n<\/span><\/p>\n<p style=\"margin-left: 28pt;\"><span style=\"color: #c00000; font-family: Arial;\">\u00ab&nbsp;Ce n&rsquo;est pas la panac\u00e9e ! J&rsquo;ai fait ce choix du monde rural et du soleil parce que j&rsquo;ai des jeunes enfants, que j&rsquo;ai v\u00e9cu vingt ans en Belgique et que j&rsquo;en avais marre de la pluie ! Surtout, je voulais exp\u00e9rimenter la vie collective. C&rsquo;est passionnant, mais c&rsquo;est dur. Je pense qu&rsquo;une grande partie de la r\u00e9silience, c&rsquo;est l&rsquo;environnement affectif et social : la famille, les amis, les voisins, les \u00e9lus communaux\u2026 C&rsquo;est plus important que l&rsquo;argent ou les stocks de nourriture. L&rsquo;essentiel, c&rsquo;est de retrouver du collectif. En ville ou \u00e0 la campagne. La ville a des forces : beaucoup de gens, de culture\u2026 En temps d&rsquo;incertitude, il n&rsquo;y a pas un mod\u00e8le \u00e0 appliquer, c&rsquo;est l&rsquo;intuition qui compte.&nbsp;\u00bb<br \/>\n<\/span><\/p>\n<p><span style=\"color: #777777; font-family: Arial;\">Je trouve pr\u00e9f\u00e9rable d&rsquo;entrer dans la r\u00e9flexion de Pablo Servigne par son dernier ouvrage centr\u00e9 sur l&rsquo;entraide que par celui-ci qui explique l&rsquo;effondrement possible de notre civilisation.<br \/>\n<\/span><\/p>\n<p><span style=\"color: #777777; font-family: Arial;\">Rappelons cependant que le pire n&rsquo;est jamais certain.<\/span><\/p>\n<p><span style=\"color: #800000;\">&lt;992&gt;<\/span><\/p>\n","protected":false},"excerpt":{"rendered":"<p>\u00ab Mais je suis persuad\u00e9 qu\u2019on arrive dans l\u2019\u00e2ge de l\u2019entraide parce que ce sont les plus individualistes qui cr\u00e8veront les premiers. \u00bb Pablo Servigne Avant d&rsquo;\u00e9crire le livre sur l&rsquo;entraide \u00e9voqu\u00e9 lundi, Pablo Servigne associ\u00e9 \u00e0 Rapha\u00ebl Stevens avait<\/p>\n","protected":false},"author":1,"featured_media":0,"comment_status":"open","ping_status":"closed","sticky":false,"template":"","format":"standard","meta":{"footnotes":""},"categories":[1],"tags":[64,54,35],"class_list":["post-3768","post","type-post","status-publish","format-standard","hentry","category-motdujour","tag-collapsologie","tag-humanisme","tag-sciences"],"_links":{"self":[{"href":"https:\/\/lemotdujour.fr\/index.php?rest_route=\/wp\/v2\/posts\/3768","targetHints":{"allow":["GET"]}}],"collection":[{"href":"https:\/\/lemotdujour.fr\/index.php?rest_route=\/wp\/v2\/posts"}],"about":[{"href":"https:\/\/lemotdujour.fr\/index.php?rest_route=\/wp\/v2\/types\/post"}],"author":[{"embeddable":true,"href":"https:\/\/lemotdujour.fr\/index.php?rest_route=\/wp\/v2\/users\/1"}],"replies":[{"embeddable":true,"href":"https:\/\/lemotdujour.fr\/index.php?rest_route=%2Fwp%2Fv2%2Fcomments&post=3768"}],"version-history":[{"count":15,"href":"https:\/\/lemotdujour.fr\/index.php?rest_route=\/wp\/v2\/posts\/3768\/revisions"}],"predecessor-version":[{"id":12274,"href":"https:\/\/lemotdujour.fr\/index.php?rest_route=\/wp\/v2\/posts\/3768\/revisions\/12274"}],"wp:attachment":[{"href":"https:\/\/lemotdujour.fr\/index.php?rest_route=%2Fwp%2Fv2%2Fmedia&parent=3768"}],"wp:term":[{"taxonomy":"category","embeddable":true,"href":"https:\/\/lemotdujour.fr\/index.php?rest_route=%2Fwp%2Fv2%2Fcategories&post=3768"},{"taxonomy":"post_tag","embeddable":true,"href":"https:\/\/lemotdujour.fr\/index.php?rest_route=%2Fwp%2Fv2%2Ftags&post=3768"}],"curies":[{"name":"wp","href":"https:\/\/api.w.org\/{rel}","templated":true}]}}