{"id":375,"date":"2016-12-23T01:00:00","date_gmt":"2016-12-22T22:00:00","guid":{"rendered":"http:\/\/lemotdujour.fr\/?p=375"},"modified":"2023-12-22T16:47:39","modified_gmt":"2023-12-22T15:47:39","slug":"vendredi-23-decembre-2016","status":"publish","type":"post","link":"https:\/\/lemotdujour.fr\/?p=375","title":{"rendered":"Vendredi 23 d\u00e9cembre 2016"},"content":{"rendered":"<div class=\"mdjTexte\">\u00ab\u00a0No\u00ebl\u00a0\u00bb<\/div>\n<div class=\"mdjAuteur\">F\u00eate chr\u00e9tienne ou solaire\u00a0?<\/div>\n<p><span style=\"color: #777777; font-family: Arial;\">Le solstice d&rsquo;hiver est ce jour de l&rsquo;ann\u00e9e solaire pendant lequel la nuit est la plus longue.<br \/>\n<\/span><\/p>\n<p><span style=\"color: #777777; font-family: Arial;\">Depuis 2006, le jour du solstice d&rsquo;hiver <a href=\"https:\/\/fr.wikipedia.org\/wiki\/Journ%C3%A9e_mondiale_de_l%27orgasme\"><span style=\"color: blue; text-decoration: underline;\">a \u00e9t\u00e9 d\u00e9sign\u00e9e comme la journ\u00e9e mondiale de l&rsquo;orgasme.<\/span><\/a><br \/>\n<\/span><\/p>\n<p><span style=\"color: #777777; font-family: Arial;\">Le solstice d&rsquo;hiver est tomb\u00e9 cette ann\u00e9e, ce mercredi, le 21 d\u00e9cembre 2016. Il tombe, depuis la mise en place du calendrier Gr\u00e9gorien, \u00e0 la fin du XVI\u00e8me si\u00e8cle, le plus souvent le 21 ou le 22 d\u00e9cembre.<br \/>\n<\/span><\/p>\n<p><span style=\"color: #777777; font-family: Arial;\">Il est tomb\u00e9 un 23 d\u00e9cembre en 1903 et il faudra attendre le d\u00e9but du XXIVe si\u00e8cle pour le voir se produire de nouveau \u00e0 cette date. <a href=\"https:\/\/fr.wikipedia.org\/wiki\/Solstice\"><span style=\"color: blue; text-decoration: underline;\">Il tombera un 20 d\u00e9cembre \u00a0\u00e0 la fin du XXIe si\u00e8cle.<\/span><\/a><br \/>\n<\/span><\/p>\n<p><span style=\"color: #777777; font-family: Arial;\">Sous l&#8217;empire romain, <strong>le calendrier julien permettait que le solstice d&rsquo;hiver tombe le 25 d\u00e9cembre<\/strong>.<br \/>\n<\/span><\/p>\n<p><span style=\"color: #777777; font-family: Arial;\">L&#8217;empereur Aur\u00e9lien (270-275), au milieu des divinit\u00e9s multiples qu&rsquo;honorait le peuple romain, a assur\u00e9 une place particuli\u00e8re \u00e0 une divinit\u00e9 solaire\u00a0: <a href=\"https:\/\/fr.wikipedia.org\/wiki\/Sol_Invictus_%28religion%29\"><span style=\"color: blue; text-decoration: underline;\">&lt;Sol Invictus&gt;<\/span><\/a> (latin pour \u00ab Soleil invaincu \u00bb).<br \/>\n<\/span><\/p>\n<p><span style=\"color: #777777; font-family: Arial;\">Il proclame \u00ab\u00a0le Soleil invaincu\u00a0\u00bb patron principal de l&rsquo;Empire romain et fait du 25 d\u00e9cembre, le jour du solstice d&rsquo;hiver donc, une f\u00eate officielle appel\u00e9e le \u00ab jour de naissance du Soleil \u00bb (du latin dies natalis solis invicti). Cette f\u00eate vient alors se placer au lendemain de la fin des <a href=\"https:\/\/fr.wikipedia.org\/wiki\/Saturnales\"><span style=\"color: blue; text-decoration: underline;\">Saturnales<\/span><\/a>, une p\u00e9riode de f\u00eate ancienne et la plus importante de Rome.<br \/>\n<\/span><\/p>\n<p><span style=\"color: #777777; font-family: Arial;\">Plus anciennement le 25 d\u00e9cembre correspondait aussi au jour de naissance de la divinit\u00e9 solaire <a href=\"https:\/\/fr.wikipedia.org\/wiki\/Mithra\"><span style=\"color: blue; text-decoration: underline;\">Mithra<\/span><\/a><br \/>\n<\/span><\/p>\n<p><span style=\"color: #777777; font-family: Arial;\">La christianisation de l&#8217;empire romain va annexer cette f\u00eate.<br \/>\n<\/span><\/p>\n<p><span style=\"color: #777777; font-family: Arial;\">Et pour ce faire, on d\u00e9cidera que la naissance de J\u00e9sus de Nazareth remplacera la naissance du soleil et on appellera cette f\u00eate \u00ab\u00a0<a href=\"https:\/\/fr.wikipedia.org\/wiki\/No%C3%ABl\"><span style=\"color: blue; text-decoration: underline;\">No\u00ebl<\/span><\/a>\u00a0\u00bb (du latin natalis).<br \/>\n<\/span><\/p>\n<p><span style=\"color: #777777; font-family: Arial;\">La premi\u00e8re mention de cette c\u00e9l\u00e9bration chr\u00e9tienne \u00e0 la date du 25 d\u00e9cembre a lieu \u00e0 Rome en 336.<br \/>\n<\/span><\/p>\n<p><span style=\"color: #777777; font-family: Arial;\">Il se passera la m\u00eame \u00e9volution chez d&rsquo;autres peuples. Ainsi, les peuples germaniques connaissaient aussi une f\u00eate du solstice d&rsquo;hiver\u00a0: <a href=\"https:\/\/fr.wikipedia.org\/wiki\/Yule\"><span style=\"color: blue; text-decoration: underline;\">&lt;Yule&gt;<\/span><\/a> .<br \/>\n<\/span><\/p>\n<p><span style=\"color: #777777; font-family: Arial;\">Suivant la m\u00eame logique de syncr\u00e9tisme que pour les Saturnales et le Dies Natalis Solis Invicti, Yule a \u00e9t\u00e9 associ\u00e9e aux f\u00eates de No\u00ebl dans les pays nordiques depuis la christianisation de ces peuples.<br \/>\n<\/span><\/p>\n<p><span style=\"color: #777777; font-family: Arial;\">Wikipedia nous apprend que dans la mythologie nordique, Yule est le moment de l&rsquo;ann\u00e9e o\u00f9 Heimdall (dieu nordique de son tr\u00f4ne situ\u00e9 au p\u00f4le Nord) [\u2026] revient visiter ses enfants avec d&rsquo;autres divinit\u00e9s.<br \/>\n<\/span><\/p>\n<p><span style=\"color: #777777; font-family: Arial;\">Ils visitent ainsi chaque foyer pour r\u00e9compenser ceux qui ont bien agi durant l&rsquo;ann\u00e9e, et laissent un pr\u00e9sent dans leur chaussette.<br \/>\n<\/span><\/p>\n<p><span style=\"color: #777777; font-family: Arial;\">Ceux ayant mal agi voyaient \u00e0 l&rsquo;aube leur chaussette emplie de cendres.<br \/>\n<\/span><\/p>\n<p><span style=\"color: #777777; font-family: Arial;\">Yule est aussi une f\u00eate o\u00f9 les gens de leur c\u00f4t\u00e9, et les dieux du leur, se rencontrent pour partager un repas, raconter des histoires, festoyer et chanter.<br \/>\n<\/span><\/p>\n<p><img decoding=\"async\" class=\"alignleft\" src=\"https:\/\/lemotdujour.fr\/wp-content\/uploads\/2023\/12\/122223_1541_Lundixxfvri1.jpg\" alt=\"\" align=\"left\" \/><span style=\"color: #777777; font-family: Arial;\">Si vous continuez \u00e0 lire Wikipedia, dans son article Yule, vous comprendrez que les 4 bougies rouges que les allemands allument, au fur \u00e0 mesure des 4 semaines de l&rsquo;Avent, constitue aussi une tradition pr\u00e9-christique o\u00f9 ce rituel c\u00e9l\u00e9brait la renaissance de la lumi\u00e8re.<br \/>\n<\/span><\/p>\n<p><span style=\"color: #777777; font-family: Arial;\">Je ne vous d\u00e9cris pas ce que No\u00ebl est devenu \u00e0 notre \u00e9poque vous le savez aussi bien que moi.<br \/>\n<\/span><\/p>\n<p><span style=\"color: #777777; font-family: Arial;\">No\u00ebl avec Nouvel An constituent les f\u00eates de fin d&rsquo;ann\u00e9e o\u00f9 toute le monde prend cong\u00e9, se retrouve en famille et fait la f\u00eate.<br \/>\n<\/span><\/p>\n<p><span style=\"color: #777777; font-family: Arial;\">Il est donc pertinent de suspendre le mot du jour et comme je trouve efficient de commencer l&rsquo;ann\u00e9e par une semaine de cong\u00e9, le prochain mot du jour sera envoy\u00e9 le lundi 9 janvier. <\/span><\/p>\n<p><span style=\"color: #777777; font-family: Arial;\"><span style=\"color: #800000;\">&lt;810&gt;<\/span><br \/>\n<\/span><\/p>\n","protected":false},"excerpt":{"rendered":"<p>\u00ab\u00a0No\u00ebl\u00a0\u00bb F\u00eate chr\u00e9tienne ou solaire\u00a0? Le solstice d&rsquo;hiver est ce jour de l&rsquo;ann\u00e9e solaire pendant lequel la nuit est la plus longue. Depuis 2006, le jour du solstice d&rsquo;hiver a \u00e9t\u00e9 d\u00e9sign\u00e9e comme la journ\u00e9e mondiale de l&rsquo;orgasme. Le solstice<\/p>\n","protected":false},"author":1,"featured_media":0,"comment_status":"closed","ping_status":"closed","sticky":false,"template":"","format":"standard","meta":{"footnotes":""},"categories":[1],"tags":[17,34,7],"class_list":["post-375","post","type-post","status-publish","format-standard","hentry","category-motdujour","tag-histoire","tag-religion","tag-societe"],"_links":{"self":[{"href":"https:\/\/lemotdujour.fr\/index.php?rest_route=\/wp\/v2\/posts\/375","targetHints":{"allow":["GET"]}}],"collection":[{"href":"https:\/\/lemotdujour.fr\/index.php?rest_route=\/wp\/v2\/posts"}],"about":[{"href":"https:\/\/lemotdujour.fr\/index.php?rest_route=\/wp\/v2\/types\/post"}],"author":[{"embeddable":true,"href":"https:\/\/lemotdujour.fr\/index.php?rest_route=\/wp\/v2\/users\/1"}],"replies":[{"embeddable":true,"href":"https:\/\/lemotdujour.fr\/index.php?rest_route=%2Fwp%2Fv2%2Fcomments&post=375"}],"version-history":[{"count":2,"href":"https:\/\/lemotdujour.fr\/index.php?rest_route=\/wp\/v2\/posts\/375\/revisions"}],"predecessor-version":[{"id":15216,"href":"https:\/\/lemotdujour.fr\/index.php?rest_route=\/wp\/v2\/posts\/375\/revisions\/15216"}],"wp:attachment":[{"href":"https:\/\/lemotdujour.fr\/index.php?rest_route=%2Fwp%2Fv2%2Fmedia&parent=375"}],"wp:term":[{"taxonomy":"category","embeddable":true,"href":"https:\/\/lemotdujour.fr\/index.php?rest_route=%2Fwp%2Fv2%2Fcategories&post=375"},{"taxonomy":"post_tag","embeddable":true,"href":"https:\/\/lemotdujour.fr\/index.php?rest_route=%2Fwp%2Fv2%2Ftags&post=375"}],"curies":[{"name":"wp","href":"https:\/\/api.w.org\/{rel}","templated":true}]}}