{"id":3716,"date":"2017-12-15T03:55:37","date_gmt":"2017-12-15T02:55:37","guid":{"rendered":"http:\/\/lemotdujour.fr\/?p=3716"},"modified":"2021-09-29T20:37:41","modified_gmt":"2021-09-29T18:37:41","slug":"vendredi-15-decembre-2017","status":"publish","type":"post","link":"https:\/\/lemotdujour.fr\/?p=3716","title":{"rendered":"Vendredi 15 d\u00e9cembre 2017"},"content":{"rendered":"<div class=\"mdjTexte\">\t\u00ab&nbsp;Vers des communaut\u00e9s de travail inspir\u00e9es&nbsp;\u00bb<\/div>\n<div class=\"mdjAuteur\">\tFr\u00e9d\u00e9ric Laloux.<\/div>\n<p><span style=\"color: #777777; font-family: Arial;\">J&rsquo;annon\u00e7ais hier que j&rsquo;allais parler de Fr\u00e9d\u00e9ric Laloux et de sa \u00ab<span style=\"color: #0000ff;\">&nbsp;<a href=\"https:\/\/www.youtube.com\/watch?v=NZKqPoQiaDE\"><span style=\"color: #0000ff;\">Conf\u00e9rence<\/span><\/a><\/span>&nbsp;\u00bb qu&rsquo;il a consacr\u00e9e \u00e0 son livre \u00ab&nbsp;Reinventing Organizations&nbsp;\u00bb avec pour sous-titre en fran\u00e7ais la phrase que j&rsquo;ai mise en exergue.<br \/>\n<\/span><\/p>\n<p><span style=\"color: #777777; font-family: Arial;\">Fr\u00e9d\u00e9ric Laloux \u00e9tait partenaire associ\u00e9 chez McKinsey, le fameux cabinet de conseil aupr\u00e8s des directions g\u00e9n\u00e9rales. Il s&rsquo;est beaucoup interrog\u00e9 sur le management et a \u00e9crit un livre \u00ab&nbsp;Reinventing Organizations&nbsp;\u00bb paru en anglais en 2014.<br \/>\n<\/span><\/p>\n<p><span style=\"color: #777777; font-family: Arial;\">Un article du New York Times l&rsquo;a d\u00e9crit de la mani\u00e8re suivante&nbsp;:<br \/>\n<\/span><\/p>\n<p style=\"margin-left: 28pt;\"><span style=\"color: #c00000; font-family: Arial;\">\u00ab&nbsp;Le livre de management le plus important et le plus inspirant qu&rsquo;il m&rsquo;ait \u00e9t\u00e9 donn\u00e9 de lire&nbsp;\u00bb<br \/>\n<\/span><span style=\"color: #c00000; font-family: Arial;\">Tony Schwartz<br \/>\n<\/span><\/p>\n<p><img loading=\"lazy\" decoding=\"async\" class=\"size-medium wp-image-3737 alignleft\" src=\"https:\/\/lemotdujour.fr\/wp-content\/uploads\/2017\/12\/Reinventing-organizations-202x300.jpg\" alt=\"\" width=\"202\" height=\"300\" srcset=\"https:\/\/lemotdujour.fr\/wp-content\/uploads\/2017\/12\/Reinventing-organizations-202x300.jpg 202w, https:\/\/lemotdujour.fr\/wp-content\/uploads\/2017\/12\/Reinventing-organizations.jpg 400w\" sizes=\"auto, (max-width: 202px) 100vw, 202px\" \/><\/p>\n<p><span style=\"color: #777777; font-family: Arial;\">La version fran\u00e7aise est parue en 2015 chez les<span style=\"color: #0000ff;\"> <a href=\"https:\/\/www.diateino.com\/fr\/106-reinventing-organizations.html\"><span style=\"color: #0000ff;\">E<\/span><\/a><\/span><\/span><span style=\"font-family: Arial; color: #0000ff;\"><a href=\"https:\/\/www.diateino.com\/fr\/106-reinventing-organizations.html\"><span style=\"color: #0000ff;\">ditions<\/span><\/a><\/span><span style=\"font-family: Arial;\"><a href=\"https:\/\/www.diateino.com\/fr\/106-reinventing-organizations.html\"><span style=\"color: #0000ff;\"> Diateino<\/span><\/a><\/span><span style=\"font-family: Arial; color: #0000ff;\">.<\/span><span style=\"color: #777777; font-family: Arial;\"><br \/>\n<\/span><\/p>\n<p><span style=\"color: #777777; font-family: Arial;\">Ce livre ne se trouve pas sur mon bureau, mais sur celui du bureau voisin car Annie le trouve tr\u00e8s int\u00e9ressant et c&rsquo;est d&rsquo;ailleurs elle qui m&rsquo;a fait d\u00e9couvrir la conf\u00e9rence qui constitue le point d&rsquo;entr\u00e9e de cet article. Si j&rsquo;ai regard\u00e9 avec attention la conf\u00e9rence, je ne me suis pas plong\u00e9 dans ce livre de 500 pages.<br \/>\n<\/span><\/p>\n<p><span style=\"color: #777777; font-family: Arial;\">On trouve de nombreuses r\u00e9f\u00e9rences sur Internet, par exemple cet essai d&rsquo;en faire une synth\u00e8se en 9 pages&nbsp;: <a href=\"http:\/\/www.reinventingorganizations.com\/uploads\/2\/1\/9\/8\/21988088\/chene_synthese_laloux2014.pdf\"><span style=\"color: #0000ff;\">http:\/\/www.reinventingorganizations.com\/uploads\/2\/1\/9\/8\/21988088\/chene_synthese_laloux2014.pdf<\/span><\/a><br \/>\n<\/span><\/p>\n<p><span style=\"color: #777777; font-family: Arial;\">Fr\u00e9d\u00e9ric Laloux introduit sa conf\u00e9rence notamment par sa question sur les cerveaux et sa r\u00e9ponse de l&rsquo;existence, dans notre corps, de trois cerveaux dont le c\u0153ur.<br \/>\n<\/span><\/p>\n<p style=\"margin-left: 28pt;\"><span style=\"color: #c00000; font-family: Arial;\">Et il pose cette question&nbsp;:<br \/>\n\u00ab&nbsp;Ce n&rsquo;est que dans les ann\u00e9es 90 que les deux autres cerveaux ont \u00e9t\u00e9 d\u00e9couverts et reconnus.Pourquoi ne pas les avoir trouv\u00e9s avant, alors qu&rsquo;un cadavre, un scalpel et un microscope basique le permettaient ais\u00e9ment ? &nbsp;\u00bb<br \/>\n<\/span><\/p>\n<p><span style=\"color: #777777; font-family: Arial;\">Il fait d&rsquo;ailleurs un rappel historique sur la d\u00e9couverte du syst\u00e8me neuronal des intestins d\u00e8s le XIX\u00e8me si\u00e8cle.<br \/>\n<\/span><\/p>\n<p><span style=\"color: #777777; font-family: Arial;\">Et il r\u00e9pond \u00e0 cette question de la d\u00e9couverte tardive&nbsp;:<br \/>\n<\/span><\/p>\n<p style=\"margin-left: 28pt;\"><span style=\"color: #c00000; font-family: Arial;\">\u00abNous n&rsquo;\u00e9tions pas capables d&rsquo;envisager l&rsquo;existence de plusieurs cerveaux parce que notre vision du monde nous en emp\u00eachait.\u00bb<br \/>\n<\/span><\/p>\n<p><span style=\"color: #777777; font-family: Arial;\">Pour Fr\u00e9d\u00e9ric Laloux, l&rsquo;explication est simple depuis la nuit des temps toute l&rsquo;id\u00e9ologie humaine tournait autour de cette croyance&nbsp;: pour qu&rsquo;une organisation fonctionne il faut un \u00ab&nbsp;boss&nbsp;\u00bb, un seul qui d\u00e9cide&nbsp;! Donc un seul cerveau&nbsp;! Trois cerveaux seraient probablement le d\u00e9but de l&rsquo;anarchie.<br \/>\n<\/span><\/p>\n<p><span style=\"color: #777777; font-family: Arial;\">On pourrait peut-\u00eatre \u00e9mettre l&rsquo;hypoth\u00e8se que l&rsquo;invention d&rsquo;un Dieu monoth\u00e9iste rel\u00e8ve de cette m\u00eame croyance, il faut un organisateur, un chef unique et omnipotent.<br \/>\n<\/span><\/p>\n<p><span style=\"color: #777777; font-family: Arial;\">Il a l&rsquo;intuition que la d\u00e9couverte des deux autres cerveaux dans les ann\u00e9es \u00ab&nbsp;nonantes&nbsp;\u00bb, comme il dit en langue franco-belge, a \u00e9t\u00e9 rendu possible par l&rsquo;av\u00e8nement d&rsquo;internet et des r\u00e9seaux qui ont rendu cr\u00e9dible l&rsquo;existence de plusieurs r\u00e9seaux et donc de plusieurs centres de d\u00e9cisions.<br \/>\n<\/span><\/p>\n<p><span style=\"color: #777777; font-family: Arial;\">C&rsquo;est ainsi, selon lui, qu&rsquo;une possibilit\u00e9 d&rsquo;intelligence collective dans les entreprises, sans boss, est entr\u00e9e dans les consciences.<br \/>\n<\/span><\/p>\n<p><span style=\"color: #777777; font-family: Arial;\">J&rsquo;avais d\u00e9j\u00e0 \u00e9voqu\u00e9 ce type de r\u00e9flexion en 2014, plus exactement <a href=\"https:\/\/lemotdujour.fr\/?p=3699\"><span style=\"color: #0000ff;\">&lt;Le mot du jour du 18 d\u00e9cembre 2014<\/span>&gt;<\/a> o\u00f9 il \u00e9tait question de \u00ab&nbsp;l&rsquo;entreprise lib\u00e9r\u00e9e&nbsp;\u00bb dans laquelle la hi\u00e9rarchie \u00e9tait remise en cause. Annie m&rsquo;explique que le terme \u00ab&nbsp;L&rsquo;entreprise lib\u00e9r\u00e9e&nbsp;\u00bb est un terme qui ne s&rsquo;est pas impos\u00e9.<br \/>\n<\/span><\/p>\n<p><span style=\"color: #777777; font-family: Arial;\">Ce terme n&rsquo;est d&rsquo;ailleurs pas repris par Fr\u00e9d\u00e9ric Laloux qui va utiliser des codes couleurs. Il envisage donc d&rsquo;autres fa\u00e7ons de faire fonctionner les organisations que par un centre de d\u00e9cision hi\u00e9rarchique. A ce stade (\u00e0 partir de la minute 13 de la vid\u00e9o) il \u00e9voque, en \u00e9tudiant l&rsquo;histoire du monde, l&rsquo;\u00e9volution des organisations et les diff\u00e9rents changements de paradigmes concernant les modes d&rsquo;organisation et de management dans le cadre d&rsquo;enjeux de plus en plus complexes.<br \/>\n<\/span><\/p>\n<p><span style=\"color: #777777; font-family: Arial;\">Il associe des couleurs \u00e0 ces paradigmes Rouge, Ambre, Orange, Vert, Opale.<br \/>\n<\/span><\/p>\n<p><span style=\"color: #777777; font-family: Arial;\">Et puis, il d\u00e9veloppe une r\u00e9flexion qui m&rsquo;a interpell\u00e9. L&rsquo;\u00e9conomie a d\u00e9montr\u00e9 que l&rsquo;organisation pyramidale, au niveau \u00e9tatique, est bien trop rigide pour faire face aux d\u00e9fis de l&rsquo;innovation et de l&rsquo;efficacit\u00e9. Ce fut le grand \u00e9chec des syst\u00e8mes sovi\u00e9tiques. Tout le monde a compris que la multiplication des acteurs et la d\u00e9centralisation des centres d&rsquo;initiatives que sont les entreprises et particuli\u00e8rement aujourd&rsquo;hui les start-up sont bien davantage en capacit\u00e9 de r\u00e9soudre la complexit\u00e9 et de trouver des solutions qui fonctionnent. Or, des patrons qui vous expliquent cette capacit\u00e9 d&rsquo;un march\u00e9 libre (<em>je pr\u00e9cise cependant r\u00e9gul\u00e9 et je l&rsquo;oppose \u00e0 des solutions bureaucratiques<\/em>) \u00e0 trouver des solutions innovantes et efficaces, d\u00e8s qu&rsquo;ils retournent dans leurs entreprises reviennent au dogme du cerveau unique et de l&rsquo;organisation hi\u00e9rarchique.<br \/>\n<\/span><\/p>\n<p><span style=\"color: #777777; font-family: Arial;\">Je ne suis pas en mesure de r\u00e9sumer l&rsquo;ensemble de cette conf\u00e9rence qui dure 1h40, mon ambition est simplement de vous donner envie de la regarder.<br \/>\n<\/span><\/p>\n<p><span style=\"color: #777777; font-family: Arial;\">Fr\u00e9d\u00e9ric Laloux \u00e9voque cependant plusieurs entreprises qui ont fait le choix d&rsquo;une organisation non hi\u00e9rarchique, dans son d\u00e9veloppement il parle d&rsquo;organisation<span style=\"color: black;\"> <span style=\"color: #777777;\">\u00ab&nbsp;<strong>Opale<\/strong>&nbsp;\u00bb.<br \/>\n<\/span><\/span><\/span><\/p>\n<p><span style=\"color: #777777; font-family: Arial;\">Concr\u00e8tement <strong>ces structures sont des organisations non pyramidales<\/strong>. C&rsquo;est \u00e0 dire que la structure hi\u00e9rarchique a disparu. En r\u00e8gle g\u00e9n\u00e9rale il reste un dirigeant mais il n&rsquo;a pas du tout le m\u00eame r\u00f4le que dans une organisation classique. Ces organisations opales ont en commun d&rsquo;avoir supprim\u00e9 en partie ou compl\u00e8tement les managers d&rsquo;\u00e9quipe, les managers interm\u00e9diaires et les top-managers, d&rsquo;avoir r\u00e9duit drastiquement les fonctions supports centralis\u00e9es et d&rsquo;avoir supprim\u00e9 les r\u00e9unions de comit\u00e9 ex\u00e9cutif.<br \/>\n<\/span><\/p>\n<p><span style=\"color: #777777; font-family: Arial;\">Il donne plusieurs exemples mais \u00e9voque particuli\u00e8rement une entreprise n\u00e9erlandaise&nbsp;:<span style=\"color: #0000ff;\"> <a href=\"http:\/\/collectiveorg.fr\/buurtzorg-comment-le-management-horizontal-a-sauve-les-soins-a-domicile-aux-pays-bas\/\"><span style=\"color: #0000ff;\">Buurtzorg<\/span><\/a><\/span> de soins \u00e0 domicile.<br \/>\n<\/span><\/p>\n<p><span style=\"color: #777777; font-family: Arial;\">Ainsi chez Buurtzorg, les \u00e9quipes de 10-12 infirmi\u00e8res fonctionnent sans chef, les coachs r\u00e9gionaux accompagnent 40 \u00e0 50 \u00e9quipes et n&rsquo;ont aucun pouvoir de d\u00e9cision sur celles-ci, et ils ne se r\u00e9unissent que quatre fois par an avec le directeur. Comment fonctionnent ces entreprises ? L&rsquo;absence de structure hi\u00e9rarchique n&#8217;emp\u00eache pas l&rsquo;existence d&rsquo;une structure d&rsquo;un autre ordre, qui ne repose plus sur l&rsquo;organisation de postes \u00e0 occuper mais sur l&rsquo;articulation de r\u00f4les \u00e0 remplir<br \/>\n<\/span><\/p>\n<p><span style=\"color: #777777; font-family: Arial;\">Ainsi, chaque salari\u00e9 remplit des r\u00f4les techniques op\u00e9rationnels, mais \u00e9galement des r\u00f4les de management, qui sont r\u00e9partis entre les diff\u00e9rents membres de l&rsquo;\u00e9quipe au lieu d&rsquo;\u00eatre concentr\u00e9s dans les mains d&rsquo;une personne<br \/>\n<\/span><\/p>\n<p><span style=\"color: #777777; font-family: Arial;\">De m\u00eame, les fonctions de soutien, habituellement centralis\u00e9es, sont r\u00e9parties entre les membres des \u00e9quipes<br \/>\n<\/span><\/p>\n<p><span style=\"color: #777777; font-family: Arial;\">Les \u00e9quipes se chargent elles-m\u00eames des ressources humaines (recrutements et licenciements, formation, \u00e9valuations, plannings, etc.), des finances (achats, suivi financier, investissements, etc.), des aspects techniques (maintenance, s\u00e9curit\u00e9, qualit\u00e9)<br \/>\n<\/span><\/p>\n<p><span style=\"color: #777777; font-family: Arial;\">Lorsqu&rsquo;il y a des responsables r\u00e9gionaux, ils ont un r\u00f4le de coach mais ils n&rsquo;ont pas de pouvoir de d\u00e9cision et n&rsquo;ont aucune autorit\u00e9 sur les \u00e9quipes<br \/>\n<\/span><\/p>\n<p><span style=\"color: #777777; font-family: Arial;\">Ils sont l\u00e0 pour les conseiller et les accompagner mais ne peuvent en aucun cas les contraindre \u00e0 quoi que ce soit<br \/>\n<\/span><\/p>\n<p><span style=\"color: #777777; font-family: Arial;\">Les relations sont fond\u00e9es sur la confiance ce qui nous rappelle le mot du jour de lundi.<br \/>\n<\/span><\/p>\n<p><span style=\"color: #777777; font-family: Arial;\">Ce nouveau mod\u00e8le d&rsquo;entreprise a vocation \u00e0 r\u00e9concilier le travail salari\u00e9 avec les aspirations des individus. L&rsquo;entreprise devient un organisme vivant et r\u00e9actif \u00e0 tous les signaux internes et externes du march\u00e9 et de la soci\u00e9t\u00e9. Ce mod\u00e8le s&rsquo;appuie sur l&rsquo;autonomie des \u00e9quipes et la conviction que chaque employ\u00e9 doit \u00eatre pleinement lui-m\u00eame pour apporter une valeur ajout\u00e9e \u00e0 l&rsquo;entreprise et que de cette mani\u00e8re l&rsquo;entreprise saura mieux affronter la complexit\u00e9 du monde et trouver les moyens les plus efficaces.<br \/>\n<\/span><\/p>\n<p><img loading=\"lazy\" decoding=\"async\" class=\"size-medium wp-image-3738 alignright\" src=\"https:\/\/lemotdujour.fr\/wp-content\/uploads\/2017\/12\/Reinventing-organizations-illustr\u00e9e-240x300.jpg\" alt=\"\" width=\"240\" height=\"300\" srcset=\"https:\/\/lemotdujour.fr\/wp-content\/uploads\/2017\/12\/Reinventing-organizations-illustr\u00e9e-240x300.jpg 240w, https:\/\/lemotdujour.fr\/wp-content\/uploads\/2017\/12\/Reinventing-organizations-illustr\u00e9e.jpg 400w\" sizes=\"auto, (max-width: 240px) 100vw, 240px\" \/><\/p>\n<p><span style=\"color: #777777; font-family: Arial;\">Ce livre a aussi fait l&rsquo;objet d&rsquo;une <a href=\"http:\/\/www.etienneappert.fr\/2016\/12\/07\/nouveau-livre-reinventing-organizations-illustre-francais\/\"><span style=\"color: #0000ff;\">version simplifi\u00e9e et illustr\u00e9e<\/span><\/a>:<br \/>\n<\/span><\/p>\n<p><span style=\"color: #777777; font-family: Arial;\">Le dessinateur, Etienne Appert, pr\u00e9sente son travail et son apport de la mani\u00e8re suivante&nbsp;:<br \/>\n<\/span><\/p>\n<p style=\"margin-left: 28pt;\"><span style=\"color: #c00000; font-family: Arial;\">\u00ab&nbsp;Consid\u00e9rant que beaucoup de lecteurs pouvaient \u00eatre int\u00e9ress\u00e9s par ce sujet, mais pas n\u00e9cessairement pr\u00eats \u00e0 lire 500 pages d&rsquo;\u00e9tude th\u00e9orique sur le management,&nbsp;Fr\u00e9d\u00e9ric m&rsquo;a propos\u00e9 de r\u00e9aliser une version \u00ab&nbsp;grand public&nbsp;\u00bb du m\u00eame livre.&nbsp;Nous avons co-construit&nbsp;un objet hybride, qui n&rsquo;est ni un simple livre illustr\u00e9, ni une pure bande dessin\u00e9e, mais o\u00f9 textes et dessins ne cessent d&rsquo;interagir pour un maximum de clart\u00e9 et d&rsquo;efficacit\u00e9. Cela a amen\u00e9 Fr\u00e9d\u00e9ric a r\u00e9\u00e9crire enti\u00e8rement son contenu, c&rsquo;est donc bien&nbsp;un livre compl\u00e9tement nouveau&nbsp;que nous vous proposons.&nbsp;\u00bb<br \/>\n<\/span><\/p>\n<p><span style=\"color: #777777; font-family: Arial;\">De nombreux articles \u00e9voquent l&rsquo;int\u00e9r\u00eat de cet ouvrage :<\/span><\/p>\n<p><span style=\"color: #0000ff; font-family: Arial;\"><a href=\"https:\/\/tempsreel.nouvelobs.com\/bien-bien\/20150526.OBS9594\/nous-n-avons-pas-besoin-de-patron.html\"><span style=\"color: #0000ff;\">Article dans l&rsquo;OBS : \u00abNous n&rsquo;avons pas besoin de patron\u00bb<\/span><\/a><\/span><\/p>\n<p><span style=\"color: #0000ff; font-family: Arial;\"><a href=\"http:\/\/www.lemonde.fr\/emploi\/article\/2015\/11\/04\/inventer-une-autre-facon-d-organiser-le-travail_4803224_1698637.html\"><span style=\"color: #0000ff;\">Dans le Monde on insiste sur l&rsquo;invention d&rsquo;une autre fa\u00e7on d&rsquo;organiser le travail<\/span><\/a><\/span><\/p>\n<p><span style=\"color: #0000ff; font-family: Arial;\"><a href=\"https:\/\/www.cadreo.com\/actualites\/dt-management-demain-nouvelle-organisation-travail\"><span style=\"color: #0000ff;\">Ce site destin\u00e9 au cadres en parle aussi <\/span><\/a><\/span><\/p>\n<p><span style=\"color: #777777; font-family: Arial;\">En tout cas, cet homme m\u00e9rite d&rsquo;\u00eatre entendu et approfondi. Je vous renvoie vers la conf\u00e9rence en fran\u00e7ais&nbsp;: <a href=\"https:\/\/www.youtube.com\/watch?v=NZKqPoQiaDE\"><span style=\"color: #0000ff;\">Conf\u00e9rence<\/span><\/a><\/span><\/p>\n<p><span style=\"color: #800000;\">&lt;989&gt;<\/span><\/p>\n","protected":false},"excerpt":{"rendered":"<p>\u00ab&nbsp;Vers des communaut\u00e9s de travail inspir\u00e9es&nbsp;\u00bb Fr\u00e9d\u00e9ric Laloux. J&rsquo;annon\u00e7ais hier que j&rsquo;allais parler de Fr\u00e9d\u00e9ric Laloux et de sa \u00ab&nbsp;Conf\u00e9rence&nbsp;\u00bb qu&rsquo;il a consacr\u00e9e \u00e0 son livre \u00ab&nbsp;Reinventing Organizations&nbsp;\u00bb avec pour sous-titre en fran\u00e7ais la phrase que j&rsquo;ai mise en exergue.<\/p>\n","protected":false},"author":1,"featured_media":0,"comment_status":"open","ping_status":"closed","sticky":false,"template":"","format":"standard","meta":{"footnotes":""},"categories":[1],"tags":[10,62],"class_list":["post-3716","post","type-post","status-publish","format-standard","hentry","category-motdujour","tag-economie","tag-management"],"_links":{"self":[{"href":"https:\/\/lemotdujour.fr\/index.php?rest_route=\/wp\/v2\/posts\/3716","targetHints":{"allow":["GET"]}}],"collection":[{"href":"https:\/\/lemotdujour.fr\/index.php?rest_route=\/wp\/v2\/posts"}],"about":[{"href":"https:\/\/lemotdujour.fr\/index.php?rest_route=\/wp\/v2\/types\/post"}],"author":[{"embeddable":true,"href":"https:\/\/lemotdujour.fr\/index.php?rest_route=\/wp\/v2\/users\/1"}],"replies":[{"embeddable":true,"href":"https:\/\/lemotdujour.fr\/index.php?rest_route=%2Fwp%2Fv2%2Fcomments&post=3716"}],"version-history":[{"count":18,"href":"https:\/\/lemotdujour.fr\/index.php?rest_route=\/wp\/v2\/posts\/3716\/revisions"}],"predecessor-version":[{"id":12275,"href":"https:\/\/lemotdujour.fr\/index.php?rest_route=\/wp\/v2\/posts\/3716\/revisions\/12275"}],"wp:attachment":[{"href":"https:\/\/lemotdujour.fr\/index.php?rest_route=%2Fwp%2Fv2%2Fmedia&parent=3716"}],"wp:term":[{"taxonomy":"category","embeddable":true,"href":"https:\/\/lemotdujour.fr\/index.php?rest_route=%2Fwp%2Fv2%2Fcategories&post=3716"},{"taxonomy":"post_tag","embeddable":true,"href":"https:\/\/lemotdujour.fr\/index.php?rest_route=%2Fwp%2Fv2%2Ftags&post=3716"}],"curies":[{"name":"wp","href":"https:\/\/api.w.org\/{rel}","templated":true}]}}