{"id":3704,"date":"2017-12-12T04:45:56","date_gmt":"2017-12-12T03:45:56","guid":{"rendered":"http:\/\/lemotdujour.fr\/?p=3704"},"modified":"2021-09-29T22:00:18","modified_gmt":"2021-09-29T20:00:18","slug":"mardi-12-decembre-2017-2","status":"publish","type":"post","link":"https:\/\/lemotdujour.fr\/?p=3704","title":{"rendered":"Mardi 12 d\u00e9cembre 2017"},"content":{"rendered":"<div class=\"mdjTexte\">\t\u00ab&nbsp;Le livre de la nature est \u00e9crit en langage math\u00e9matique&nbsp;\u00bb<\/div>\n<div class=\"mdjAuteur\">\tGalil\u00e9e<\/div>\n<p><span style=\"color: #777777; font-family: Arial;\">Je m&rsquo;aper\u00e7ois que je n&rsquo;ai encore consacr\u00e9 aucun mot du jour \u00e0 la math\u00e9matique qui fut pourtant un amour de jeunesse.<br \/>\n<\/span><\/p>\n<p><span style=\"color: #777777; font-family: Arial;\">Je me suis appuy\u00e9 sur un article de <a href=\"http:\/\/www.pourlascience.fr\/ewb_pages\/a\/article-l-univers-est-il-mathematique-25194.php\"><span style=\"color: #0000ff;\">\u00ab&nbsp;Pour la Science&nbsp;\u00bb<\/span><\/a> pour trouver l&rsquo;exergue de ce mot du jour.<br \/>\n<\/span><\/p>\n<p><span style=\"color: #777777; font-family: Arial;\">Cet article d\u00e9bute ainsi&nbsp;:<br \/>\n<\/span><\/p>\n<p style=\"margin-left: 28pt;\"><span style=\"color: #c00000; font-family: Arial;\">\u00ab&nbsp;Pythagore et ses disciples pensaient que le secret du monde tenait en quelques mots : \u00ab Toute chose est nombre. \u00bb Aujourd&rsquo;hui, la science est parfois tent\u00e9e de reprendre l&rsquo;id\u00e9e pythagoricienne en l&rsquo;\u00e9tendant sous la forme \u00ab Tout est math\u00e9matique \u00bb, ce que Galil\u00e9e disait d\u00e9j\u00e0 : \u00ab Le livre de la nature est \u00e9crit en langage math\u00e9matique. \u00bb Le sens et la port\u00e9e de ces liens entre la science et les math\u00e9matiques sont un permanent sujet d&rsquo;int\u00e9r\u00eat.&nbsp;\u00bb<br \/>\n<\/span><\/p>\n<p><span style=\"color: #777777; font-family: Arial;\">Notre D\u00e9put\u00e9 math\u00e9maticien C\u00e9dric Villani ne dit pas autre chose&nbsp;: <span style=\"color: #0000ff;\">\u00ab&nbsp;<\/span><a href=\"http:\/\/www.philomag.com\/les-idees\/cedric-villani-lunivers-est-sous-tendu-par-des-concepts-mathematiques-8891\"><span style=\"color: #0000ff;\">L&rsquo;univers est sous-tendu par des concepts math\u00e9matiques&nbsp;<\/span><\/a><span style=\"color: #0000ff;\">\u00bb<\/span><br \/>\n<\/span><\/p>\n<p><span style=\"color: #777777; font-family: Arial;\">Gr\u00e2ce \u00e0 Twitter et \u00e0 un compte qui fait r\u00e9f\u00e9rence au grand math\u00e9maticien <a href=\"https:\/\/fr.wikipedia.org\/wiki\/Pierre_de_Fermat\"><span style=\"color: #0000ff;\">Fermat<\/span><\/a> (Fermat&rsquo;s Library), nous constatons une fois de plus que le monde s&rsquo;explique par les math\u00e9matiques.<br \/>\n<\/span><\/p>\n<p><span style=\"color: #777777; font-family: Arial;\">Alors suivez-moi pas \u00e0 pas, c&rsquo;est tr\u00e8s simple&nbsp;:<br \/>\n<\/span><\/p>\n<p><span style=\"color: #777777; font-family: Arial;\">1 jour = 24 heures donc 24 = 4 x 3 x 2<br \/>\n<\/span><\/p>\n<p><span style=\"color: #777777; font-family: Arial;\">Et 1 heure = 60 minutes donc 60 = 5 x 4 x 3<br \/>\n<\/span><\/p>\n<p><span style=\"color: #777777; font-family: Arial;\">Et de m\u00eame 1 minute = 60 secondes, \u00e0 nouveau 60 = 5 x 4 x3<br \/>\n<\/span><\/p>\n<p><span style=\"color: #777777; font-family: Arial;\">Pour finir, une mesure un peu plus inhabituelle la milliseconde<br \/>\n<\/span><\/p>\n<p><span style=\"color: #777777; font-family: Arial;\">Bien s\u00fbr 1 seconde = 1000 millisecondes donc 1000 = 10 x 20 x 5 donc (2 x 5) x (5 x 4) x 5 et si on remet dans l&rsquo;ordre 1000 = 5 x 5 x 5 x 4 x 2<br \/>\n<\/span><\/p>\n<p><span style=\"color: #777777; font-family: Arial;\">Si vous avez suivi jusqu&rsquo;ici et que nous repartons au d\u00e9part&nbsp;:<br \/>\n<\/span><\/p>\n<p><span style=\"color: #777777; font-family: Arial;\">Nous pouvons \u00e9crire 1 jour = (4x3x2) x (5x4x3) x (5x4x3) x (5x5x5x4x2) millisecondes.<br \/>\n<\/span><\/p>\n<p><span style=\"color: #777777; font-family: Arial;\">Et si vous remettez tout dans l&rsquo;ordre et utilisez la notation des puissances<br \/>\n<\/span><\/p>\n<p><img decoding=\"async\" src=\"https:\/\/lemotdujour.fr\/wp-content\/uploads\/2017\/12\/121017_2155_Mardi12dcem1.jpg\" alt=\"\"><span style=\"color: #777777; font-family: Arial;\"><br \/>\n<\/span><\/p>\n<p><span style=\"color: #777777; font-family: Arial;\">La math\u00e9matique c&rsquo;est cela&nbsp;: ordre, rigueur et po\u00e9sie\u2026<\/span><\/p>\n<p><span style=\"color: #800000;\">&lt;986&gt;<\/span><\/p>\n","protected":false},"excerpt":{"rendered":"<p>\u00ab&nbsp;Le livre de la nature est \u00e9crit en langage math\u00e9matique&nbsp;\u00bb Galil\u00e9e Je m&rsquo;aper\u00e7ois que je n&rsquo;ai encore consacr\u00e9 aucun mot du jour \u00e0 la math\u00e9matique qui fut pourtant un amour de jeunesse. Je me suis appuy\u00e9 sur un article de<\/p>\n","protected":false},"author":1,"featured_media":0,"comment_status":"open","ping_status":"closed","sticky":false,"template":"","format":"standard","meta":{"footnotes":""},"categories":[1],"tags":[63,35],"class_list":["post-3704","post","type-post","status-publish","format-standard","hentry","category-motdujour","tag-mathematiques","tag-sciences"],"_links":{"self":[{"href":"https:\/\/lemotdujour.fr\/index.php?rest_route=\/wp\/v2\/posts\/3704","targetHints":{"allow":["GET"]}}],"collection":[{"href":"https:\/\/lemotdujour.fr\/index.php?rest_route=\/wp\/v2\/posts"}],"about":[{"href":"https:\/\/lemotdujour.fr\/index.php?rest_route=\/wp\/v2\/types\/post"}],"author":[{"embeddable":true,"href":"https:\/\/lemotdujour.fr\/index.php?rest_route=\/wp\/v2\/users\/1"}],"replies":[{"embeddable":true,"href":"https:\/\/lemotdujour.fr\/index.php?rest_route=%2Fwp%2Fv2%2Fcomments&post=3704"}],"version-history":[{"count":8,"href":"https:\/\/lemotdujour.fr\/index.php?rest_route=\/wp\/v2\/posts\/3704\/revisions"}],"predecessor-version":[{"id":12307,"href":"https:\/\/lemotdujour.fr\/index.php?rest_route=\/wp\/v2\/posts\/3704\/revisions\/12307"}],"wp:attachment":[{"href":"https:\/\/lemotdujour.fr\/index.php?rest_route=%2Fwp%2Fv2%2Fmedia&parent=3704"}],"wp:term":[{"taxonomy":"category","embeddable":true,"href":"https:\/\/lemotdujour.fr\/index.php?rest_route=%2Fwp%2Fv2%2Fcategories&post=3704"},{"taxonomy":"post_tag","embeddable":true,"href":"https:\/\/lemotdujour.fr\/index.php?rest_route=%2Fwp%2Fv2%2Ftags&post=3704"}],"curies":[{"name":"wp","href":"https:\/\/api.w.org\/{rel}","templated":true}]}}