{"id":369,"date":"2016-12-20T01:00:00","date_gmt":"2016-12-19T22:00:00","guid":{"rendered":"http:\/\/lemotdujour.fr\/?p=369"},"modified":"2017-05-08T13:17:59","modified_gmt":"2017-05-08T11:17:59","slug":"mardi-20-decembre-2016","status":"publish","type":"post","link":"https:\/\/lemotdujour.fr\/?p=369","title":{"rendered":"Mardi 20 d\u00e9cembre 2016"},"content":{"rendered":"<div class=\"mdjDate\"><a id=\"_Toc482008739\"><\/a>Mardi 20 d\u00e9cembre 2016<\/div>\n<div class=\"mdjTexte\">\u00ab L\u2019ali\u00e9nation se d\u00e9finit par le fait d\u2019\u00eatre en v\u00e9rit\u00e9 poss\u00e9d\u00e9 par l\u2019objet que l\u2019on croit poss\u00e9der\u00bb.<\/div>\n<div class=\"mdjAuteur\">Pierre Zaoui, dans l\u2019hebdomadaire \u00ab\u00a0Le Un\u00a0\u00bb N\u00b0134 du 14 d\u00e9cembre 2016 \u00ab\u00a0Jamais sans mon smartphone\u00a0\u00bb<\/div>\n<div class=\"mdjComplements\">Je vous avais d\u00e9j\u00e0 parl\u00e9, lors du mot du jour du 23 juin 2016, de l\u2019hebdomadaire dirig\u00e9 par Eric Fottorino \u00ab <a href=\"http:\/\/le1hebdo.fr\/\">Le Un<\/a> \u00bb qui chaque semaine ne traite qu\u2019un seul sujet sur une seule feuille pli\u00e9e 3 fois.<\/div>\n<div class=\"mdjComplements\">Le dernier num\u00e9ro a pour titre\u00a0: \u00ab\u00a0Jamais sans mon smartphone\u00a0\u00bb <\/div>\n<div class=\"mdjComplements\">Et c\u2019est Fr\u00e9d\u00e9ric Pommier qui lors de sa <a href=\"https:\/\/www.franceinter.fr\/emissions\/la-revue-de-presse-de-frederic-pommier\/la-revue-de-presse-de-frederic-pommier-17-decembre-2016\">revue de presse du week end<\/a> relate sa lecture<\/div>\n<div class=\"mdjCiter\">La \u00ab\u00a0chronique [est] sign\u00e9e Robert Sol\u00e9 dans l\u2019hebdomadaire LE UN. Nous sommes en 2040, et quel est donc le principal souci des autorit\u00e9s ?<\/div>\n<div class=\"mdjCiter\">C\u2019est la d\u00e9pendance au smartphone. Toutes les enqu\u00eates l\u2019ont confirm\u00e9 : l\u2019utilisation compulsive de cet appareil porte atteinte \u00e0 la sant\u00e9 des individus. C\u2019est m\u00eame devenu l\u2019une des premi\u00e8res causes de mortalit\u00e9 pr\u00e9matur\u00e9es. Une taxe anti-d\u00e9pendance a \u00e9t\u00e9 mise en place. Taxe augment\u00e9e \u00e0 trois reprises. Mais sans r\u00e9ussir \u00e0 faire baisser les ventes. Pas plus de succ\u00e8s pour le patch anti-smartphone propos\u00e9 dans les pharmacies. Quant au \u2018smartophage\u2019, machine de substitution disposant d\u2019un clavier mais ne permettant pas d\u2019appeler, il ne fut adopt\u00e9 que par une minorit\u00e9 de consommateurs. Nous sommes en 2040, et les campagnes de sensibilisation n\u2019ont eu aucun effet. \u00ab Puisqu\u2019il est \u00e9tabli que le smartphone tue, je l\u2019interdirai \u00bb, avait promis un candidat \u00e0 l\u2019\u00e9lection pr\u00e9sidentielle de 2037. Mais ce propos extr\u00e9miste avait beaucoup choqu\u00e9, y compris dans son propre camp.<\/div>\n<div class=\"mdjCiter\">Il s\u2019agit donc d\u2019une chronique d\u2019anticipation, dans un num\u00e9ro enti\u00e8rement consacr\u00e9 \u00e0 cette addiction qui touche de plus en plus de monde : [\u2026]<\/div>\n<div class=\"mdjCiter\">T\u00e9moignage d\u2019une enseignante d\u2019un coll\u00e8ge d\u2019Aubervilliers : elle d\u00e9crit des \u00e9l\u00e8ves totalement accros.<\/div>\n<div class=\"mdjCiter\">\u00ab Lorsqu\u2019il arrive que je confisque un portable, l\u2019enfant martyr est pr\u00eat \u00e0 tous les compromis \u00bb<\/div>\n<div class=\"mdjCiter\">\u00ab Punitions, heures de colles, ce que vous voulez madame, mais pas mon t\u00e9l\u00e9phone, parce que sans, je vais faire comment ? \u00bb Sous-entendu : comment se r\u00e9veiller sans son alarme pr\u00e9programm\u00e9e, comment s\u2019habiller sans avoir pr\u00e9alablement consult\u00e9 une appli m\u00e9t\u00e9o, comment marcher jusqu\u2019au coll\u00e8ge sans sa playlist musicale dans les oreilles, comment appr\u00e9cier les moments entre copains sans les prendre en photo ? \u00ab Madame, je vous jure, mon portable, c\u2019est ma vie ! \u00bb \u00bb<\/div>\n<div class=\"mdjComplements\">Il cite aussi le philosophe Pierre Zaoui\u00a0: <\/div>\n<div class=\"mdjCiter\">\u00ab l\u2019ali\u00e9nation se d\u00e9finit par le fait d\u2019\u00eatre en v\u00e9rit\u00e9 poss\u00e9d\u00e9 par l\u2019objet que l\u2019on croit poss\u00e9der \u00bb. Or, poursuit-il, \u00ab Il est assez facile de remarquer si l\u2019on devient d\u00e9pendant de son t\u00e9l\u00e9phone : quand on commence \u00e0 le manipuler sans savoir d\u2019avance \u00e0 quelle fin sp\u00e9cifique l\u2019utiliser, ou bien quand on commence \u00e0 le consulter en plein repas de famille, alors m\u00eame que quelqu\u2019un est en train de nous parler\u2026 \u00bb Et l\u2019on oublie souvent qu\u2019il existe une petite touche sur laquelle il est facile d\u2019appuyer : la touche o\u00f9 il est \u00e9crit \u2018off\u2019.\u00a0\u00bb<\/div>\n<div class=\"mdjComplements\">L\u2019an dernier, en France, 20 millions de smartphones ont \u00e9t\u00e9 vendus, et <strong>chacun consulte le sien en moyenne 200 fois par jour<\/strong>.<\/div>\n<div class=\"mdjCiter\">\u00ab On peut d\u00e9clarer sa flamme par SMS, rompre par SMS, ou licencier un salari\u00e9, et peut-\u00eatre, bient\u00f4t voter. Jean Viard, le sociologue plusieurs fois cit\u00e9 dans des mots du jour, voit dans le smartphone l\u2019objet culte de notre \u00e9poque. Un objet qui, du reste, est \u00e9galement une arme. \u00ab Un instrument au service des actions terroristes, et un outil nouveau pour faire la guerre quand, \u00e0 Alep ou Mossoul, les soldats communiquent avec les survivants cach\u00e9s dans les ruines. Et puis, \u00e0 l\u2019arriv\u00e9e de chaque groupe de prisonniers, on v\u00e9rifie les derniers appels pour savoir de quel camp ils sont. Il ne faut jamais oublier, conclue-t-il, que le smartphone a une m\u00e9moire infaillible. \u00bb Passionnant dossier, et c\u2019est donc \u00e0 lire dans LE UN.\u00a0\u00bb<\/div>\n<div class=\"mdjComplements\">Je sais que parmi les destinataires de ce mot il y a de vrais r\u00e9sistants au smartphone. Des esprits libres, forts et ind\u00e9pendants !<\/div>\n<div class=\"mdjComplements\">Mais pour les autres, estimez-vous consulter votre smartphone 200 fois par jour ?<\/div>\n<div class=\"mdjComplements\">Et si vous croyez que c&rsquo;est possible, pensez-vous qu&rsquo;il y a un probl\u00e8me ?\u00a0<\/div>\n","protected":false},"excerpt":{"rendered":"<p>Mardi 20 d\u00e9cembre 2016 \u00ab L\u2019ali\u00e9nation se d\u00e9finit par le fait d\u2019\u00eatre en v\u00e9rit\u00e9 poss\u00e9d\u00e9 par l\u2019objet que l\u2019on croit poss\u00e9der\u00bb. Pierre Zaoui, dans l\u2019hebdomadaire \u00ab\u00a0Le Un\u00a0\u00bb N\u00b0134 du 14 d\u00e9cembre 2016 \u00ab\u00a0Jamais sans mon smartphone\u00a0\u00bb Je vous avais d\u00e9j\u00e0<\/p>\n","protected":false},"author":1,"featured_media":0,"comment_status":"closed","ping_status":"closed","sticky":false,"template":"","format":"standard","meta":{"footnotes":""},"categories":[1],"tags":[],"class_list":["post-369","post","type-post","status-publish","format-standard","hentry","category-motdujour"],"_links":{"self":[{"href":"https:\/\/lemotdujour.fr\/index.php?rest_route=\/wp\/v2\/posts\/369","targetHints":{"allow":["GET"]}}],"collection":[{"href":"https:\/\/lemotdujour.fr\/index.php?rest_route=\/wp\/v2\/posts"}],"about":[{"href":"https:\/\/lemotdujour.fr\/index.php?rest_route=\/wp\/v2\/types\/post"}],"author":[{"embeddable":true,"href":"https:\/\/lemotdujour.fr\/index.php?rest_route=\/wp\/v2\/users\/1"}],"replies":[{"embeddable":true,"href":"https:\/\/lemotdujour.fr\/index.php?rest_route=%2Fwp%2Fv2%2Fcomments&post=369"}],"version-history":[{"count":1,"href":"https:\/\/lemotdujour.fr\/index.php?rest_route=\/wp\/v2\/posts\/369\/revisions"}],"predecessor-version":[{"id":370,"href":"https:\/\/lemotdujour.fr\/index.php?rest_route=\/wp\/v2\/posts\/369\/revisions\/370"}],"wp:attachment":[{"href":"https:\/\/lemotdujour.fr\/index.php?rest_route=%2Fwp%2Fv2%2Fmedia&parent=369"}],"wp:term":[{"taxonomy":"category","embeddable":true,"href":"https:\/\/lemotdujour.fr\/index.php?rest_route=%2Fwp%2Fv2%2Fcategories&post=369"},{"taxonomy":"post_tag","embeddable":true,"href":"https:\/\/lemotdujour.fr\/index.php?rest_route=%2Fwp%2Fv2%2Ftags&post=369"}],"curies":[{"name":"wp","href":"https:\/\/api.w.org\/{rel}","templated":true}]}}