{"id":3686,"date":"2017-12-11T03:51:33","date_gmt":"2017-12-11T02:51:33","guid":{"rendered":"http:\/\/lemotdujour.fr\/?p=3686"},"modified":"2017-12-12T15:36:11","modified_gmt":"2017-12-12T14:36:11","slug":"mardi-12-decembre-2017","status":"publish","type":"post","link":"https:\/\/lemotdujour.fr\/?p=3686","title":{"rendered":"Lundi 11 d\u00e9cembre 2017"},"content":{"rendered":"<div class=\"mdjTexte\">\u00ab Nos parents sont d&rsquo;un naturel vraiment tr\u00e8s optimistes.<br \/>\nIls nous ont montr\u00e9 que les r\u00eaves pouvaient se r\u00e9aliser,<br \/>\net que \u00e7a valait le coup de tout donner pour les vivre. \u00bb<\/div>\n<div class=\"mdjAuteur\">Alice Calvet en parlant des r\u00e9ussites de son fr\u00e8re Fran\u00e7ois Gabart<\/div>\n<p><span style=\"color: #777777; font-family: Arial;\">La course en mer constitue une activit\u00e9 tr\u00e8s \u00e9loign\u00e9e de mes centres d&rsquo;int\u00e9r\u00eat.<br \/>\n<\/span><\/p>\n<p><span style=\"color: #777777; font-family: Arial;\">Toutefois, j&rsquo;ai entendu parler de Fran\u00e7ois Gabart \u00e0 la <a href=\"https:\/\/www.franceinter.fr\/emissions\/la-revue-de-presse\/la-revue-de-presse-10-decembre-2017\"><span style=\"color: #0000ff;\">revue de presse de France Inter<\/span><\/a> de ce dimanche du 10 d\u00e9cembre et j&rsquo;en tire une r\u00e9flexion tr\u00e8s f\u00e9conde sur la confiance et la r\u00e9ussite.<br \/>\n<\/span><\/p>\n<p><span style=\"color: #777777; font-family: Arial;\">Avant ce dimanche, je ne savais rien de Fran\u00e7ois Gabart, qui est pourtant quelqu&rsquo;un de tr\u00e8s connu, je l&rsquo;ai compris depuis, dans le sport et notamment dans la voile.<br \/>\n<\/span><\/p>\n<p><span style=\"color: #777777; font-family: Arial;\">Il a 34 ans, il est charentais et dans son domaine il r\u00e9ussit tout ce qu&rsquo;il entreprend. En ce moment il fait un tour du monde en solitaire.<br \/>\n<\/span><\/p>\n<p><span style=\"color: #777777; font-family: Arial;\">Ce <span style=\"color: #0000ff;\"><a href=\"http:\/\/www.courseaularge.com\/enorme-francois-gabart-deja-a-lequateur-dimanche.html\"><span style=\"color: #0000ff;\">&lt;Site&gt;<\/span><\/a><\/span> nous apprend que ce dimanche il a franchi l&rsquo;\u00e9quateur et qu&rsquo;il est tr\u00e8s en avance par rapport au record du monde qu&rsquo;il entend battre.<br \/>\n<\/span><\/p>\n<p><span style=\"color: #777777; font-family: Arial;\"><img loading=\"lazy\" decoding=\"async\" class=\" wp-image-3685 alignleft\" src=\"https:\/\/lemotdujour.fr\/wp-content\/uploads\/2017\/12\/121017_1150_Mardi12dcem1-300x200.jpg\" alt=\"\" width=\"375\" height=\"250\" srcset=\"https:\/\/lemotdujour.fr\/wp-content\/uploads\/2017\/12\/121017_1150_Mardi12dcem1-300x200.jpg 300w, https:\/\/lemotdujour.fr\/wp-content\/uploads\/2017\/12\/121017_1150_Mardi12dcem1.jpg 461w\" sizes=\"auto, (max-width: 375px) 100vw, 375px\" \/>Voici ce qu&rsquo;en disait la revue de Presse de France Inter \u00e9voqu\u00e9e ci-dessus\u00a0:<br \/>\n<\/span><\/p>\n<p style=\"margin-left: 28pt;\"><span style=\"color: #c00000; font-family: Arial;\">\u00ab Jusqu&rsquo;ici, tout r\u00e9ussit \u00e0 ce surdou\u00e9. \u00bb Phrase \u00e0 lire dans LE JDD\u2026 Alors, qui donc est ce \u00ab surdou\u00e9 \u00bb qui r\u00e9ussit \u00e0 transformer tout ce qu&rsquo;il touche \u00ab en or \u00bb\u00a0 ? Eh bien c&rsquo;est un navigateur de 34 ans, le Charentais Fran\u00e7ois Gabart, qui, depuis plusieurs ann\u00e9es, remporte toutes les courses auxquelles il participe : le Vend\u00e9e Globe, la Route du Rhum, la Transat Jacques-Vabre, la Transat anglaise\u2026 Et il est actuellement en passe de battre le record du tour du monde en solitaire\u2026 Un record d\u00e9tenu par Thomas Coville \u2013 c&rsquo;\u00e9tait il y a exactement un an, il l&rsquo;on imaginait alors qu&rsquo;il serait ancr\u00e9 pour longtemps, ce record&#8230; Thomas Coville avait mis un petit peu plus de 49 jours\u2026 Le tour du monde en 49 jours.<br \/>\n<\/span><\/p>\n<p style=\"margin-left: 28pt;\"><span style=\"color: #c00000; font-family: Arial;\">Or s&rsquo;il poursuit au rythme auquel il s&rsquo;est lanc\u00e9, au tout d\u00e9but du mois dernier, Fran\u00e7ois Gabart pourrait donc bien terminer son p\u00e9riple avec quatre \u00e0 six jours d&rsquo;avance\u2026 Il le raconte, son p\u00e9riple, dans LE JOURNAL DU DIMANCHE\u2026 La lutte contre la fatigue et le manque de sommeil, la peur et les souffrances physiques : \u00ab En baver, c&rsquo;est ce que je recherche\u2026 Tout donner et puis terminer sur la ligne d&rsquo;arriv\u00e9e \u00e0 bout de force. \u00bb Mais, dans LE PARISIEN, qui le pr\u00e9sente comme \u00ab le petit Mozart de la voile \u00bb, il dit aussi ses \u00e9motions : des instants o\u00f9 les larmes peuvent lui monter aux yeux\u2026 Un coucher de soleil ou quand la mer est belle\u2026 Des sensations tr\u00e8s fortes, quatre ou cinq fois par jours. Et puis, ce qu&rsquo;il aime surtout, c&rsquo;est la vitesse\u2026 Tant pis si, par moments, par gros temps, des eaux agit\u00e9es, il risque de casser son bateau\u2026 Il prend le risque, il aime le risque, parce qu&rsquo;il a confiance\u2026 Une confiance qui, si l&rsquo;on en croit sa s\u0153ur Alice, lui vient de son enfance \u2013 d\u00e9j\u00e0, \u00e0 l&rsquo;\u00e9poque, il se r\u00eavait skippeur. \u00ab Nos parents, confie-t-elle, sont d&rsquo;un naturel vraiment tr\u00e8s optimistes. Ils nous ont montr\u00e9 que les r\u00eaves pouvaient se r\u00e9aliser, et que \u00e7a valait le coup de tout donner pour les vivre. \u00bb<br \/>\n<\/span><\/p>\n<p style=\"margin-left: 28pt;\"><span style=\"color: #c00000; font-family: Arial;\">Comme une le\u00e7on de vie.<br \/>\n<\/span><\/p>\n<p style=\"margin-left: 28pt;\"><span style=\"color: #c00000; font-family: Arial;\">Confiance et optimisme\u2026 sur un trimaran.\u00a0\u00bb<br \/>\n<\/span><\/p>\n<p><span style=\"color: #777777; font-family: Arial;\">Je retiens de tout cela que la force qui anime ce jeune homme vient de la confiance et de l&rsquo;optimisme que lui ont insuffl\u00e9s ses parents.<br \/>\n<\/span><\/p>\n<p><span style=\"color: #777777; font-family: Arial;\">Cela n&rsquo;enl\u00e8ve rien \u00e0 ses m\u00e9rites et certainement \u00e0 une grande part de travail, d&rsquo;entrainement et de volont\u00e9.<br \/>\n<\/span><\/p>\n<p><span style=\"color: #777777; font-family: Arial;\">Mais au d\u00e9part il y a la confiance.<br \/>\n<\/span><\/p>\n<p><span style=\"color: #777777; font-family: Arial;\"><strong>La confiance qu&rsquo;on poss\u00e8de, la confiance qu&rsquo;on donne, la confiance qu&rsquo;on re\u00e7oit.<\/strong><br \/>\n<\/span><\/p>\n<p><span style=\"color: #777777; font-family: Arial;\">J&rsquo;ai trouv\u00e9 aussi cette vid\u00e9o\u00a0: <a href=\"https:\/\/sport.francetvinfo.fr\/voile\/49-jours-chrono\/comment-vit-un-tour-du-mondequand-est-la-soeur-de-francois-gabart\"><span style=\"color: #0000ff;\">&lt;Alice parle de son fr\u00e8re et de son tour du monde&gt;<\/span><\/a><\/span><\/p>\n<p><span style=\"color: #777777; font-family: Arial;\">Un <a href=\"https:\/\/lemotdujour.fr\/?p=542\"><span style=\"color: #0000ff;\">des premiers mots<\/span> <span style=\"color: #0000ff;\">du jour <\/span><\/a>citait Eleanor Roosevelt, \u00e9pouse du Pr\u00e9sident Franklin D. Roosevelt \u00ab<strong>L\u2019avenir appartient \u00e0 ceux qui croient \u00e0 la beaut\u00e9 de leurs r\u00eaves.<\/strong> \u00bb<\/span><\/p>\n<p><span style=\"color: #800000;\">&lt;985&gt;<\/span><\/p>\n<div class=\"mdjAuteur\"><\/div>\n","protected":false},"excerpt":{"rendered":"<p>\u00ab Nos parents sont d&rsquo;un naturel vraiment tr\u00e8s optimistes. Ils nous ont montr\u00e9 que les r\u00eaves pouvaient se r\u00e9aliser, et que \u00e7a valait le coup de tout donner pour les vivre. \u00bb Alice Calvet en parlant des r\u00e9ussites de son<\/p>\n","protected":false},"author":1,"featured_media":0,"comment_status":"open","ping_status":"closed","sticky":false,"template":"","format":"standard","meta":{"footnotes":""},"categories":[1],"tags":[6,14,31],"class_list":["post-3686","post","type-post","status-publish","format-standard","hentry","category-motdujour","tag-philosophie","tag-recit","tag-sport"],"_links":{"self":[{"href":"https:\/\/lemotdujour.fr\/index.php?rest_route=\/wp\/v2\/posts\/3686","targetHints":{"allow":["GET"]}}],"collection":[{"href":"https:\/\/lemotdujour.fr\/index.php?rest_route=\/wp\/v2\/posts"}],"about":[{"href":"https:\/\/lemotdujour.fr\/index.php?rest_route=\/wp\/v2\/types\/post"}],"author":[{"embeddable":true,"href":"https:\/\/lemotdujour.fr\/index.php?rest_route=\/wp\/v2\/users\/1"}],"replies":[{"embeddable":true,"href":"https:\/\/lemotdujour.fr\/index.php?rest_route=%2Fwp%2Fv2%2Fcomments&post=3686"}],"version-history":[{"count":14,"href":"https:\/\/lemotdujour.fr\/index.php?rest_route=\/wp\/v2\/posts\/3686\/revisions"}],"predecessor-version":[{"id":3727,"href":"https:\/\/lemotdujour.fr\/index.php?rest_route=\/wp\/v2\/posts\/3686\/revisions\/3727"}],"wp:attachment":[{"href":"https:\/\/lemotdujour.fr\/index.php?rest_route=%2Fwp%2Fv2%2Fmedia&parent=3686"}],"wp:term":[{"taxonomy":"category","embeddable":true,"href":"https:\/\/lemotdujour.fr\/index.php?rest_route=%2Fwp%2Fv2%2Fcategories&post=3686"},{"taxonomy":"post_tag","embeddable":true,"href":"https:\/\/lemotdujour.fr\/index.php?rest_route=%2Fwp%2Fv2%2Ftags&post=3686"}],"curies":[{"name":"wp","href":"https:\/\/api.w.org\/{rel}","templated":true}]}}