{"id":3683,"date":"2017-12-13T07:35:56","date_gmt":"2017-12-13T06:35:56","guid":{"rendered":"http:\/\/lemotdujour.fr\/?p=3683"},"modified":"2021-09-29T11:06:17","modified_gmt":"2021-09-29T09:06:17","slug":"mercredi-13-decembre-2017","status":"publish","type":"post","link":"https:\/\/lemotdujour.fr\/?p=3683","title":{"rendered":"Mercredi 13 d\u00e9cembre 2017"},"content":{"rendered":"<div class=\"mdjTexte\">\u00abLes honneurs, je les m\u00e9prise, mais je ne d\u00e9teste pas forc\u00e9ment ce que je m\u00e9prise&nbsp;\u00bb<\/div>\n<div class=\"mdjAuteur\">Jean d\u2019Ormesson (16\/06\/1925 \u2013 05\/12\/2017) dans \u00abDieu, les&nbsp; affaires et nous\u00bb<\/div>\n<p><span style=\"color: #777777; font-family: Arial;\">Il faut des mots du jour court.<br \/>\n<\/span><span style=\"color: #777777; font-family: Arial;\">En voici un.<br \/>\n<\/span><\/p>\n<p><span style=\"color: #777777; font-family: Arial;\">Le mot du jour a plusieurs fois fait appel \u00e0 <strong>Jean d&rsquo;Ormesson&nbsp;:<\/strong><br \/>\n<\/span><\/p>\n<p><span style=\"color: #777777; font-family: Arial;\">Le mot du <a title=\"Mardi 2 f\u00e9vrier 2016\" href=\"https:\/\/lemotdujour.fr\/?p=1598\"><span style=\"color: #0000ff;\">mardi 2 f\u00e9vrier 2016<\/span><\/a><span style=\"color: #0000ff;\">&nbsp;<\/span>:<br \/>\n<\/span><\/p>\n<p style=\"margin-left: 28pt;\"><span style=\"color: #c00000; font-family: Arial;\">\u00ab La vie naturellement est une vall\u00e9e de larmes<br \/>\nC&rsquo;est aussi une vall\u00e9e de roses.\u00bb<br \/>\n<\/span><span style=\"color: #c00000; font-family: Arial;\">Jean d&rsquo;Ormesson<br \/>\n<\/span><\/p>\n<p><span style=\"color: #777777; font-family: Arial;\">C&rsquo;est lui aussi qui avait accueilli <a href=\"https:\/\/lemotdujour.fr\/?p=2978\"><span style=\"color: #0000ff;\">Simone Veil<\/span><\/a> \u00e0 l&rsquo;Acad\u00e9mie fran\u00e7aise. Et j&rsquo;avais cit\u00e9 la fin de son discours&nbsp;:<br \/>\n<\/span><\/p>\n<p style=\"margin-left: 28pt;\"><span style=\"color: #c00000; font-family: Arial;\">\u00ab&nbsp;Je baisse la voix, on pourrait nous entendre : <strong>comme l&rsquo;immense majorit\u00e9 des Fran\u00e7ais, nous vous aimons, Madame.<\/strong> Soyez la bienvenue au fauteuil de Racine, qui parlait si bien de l&rsquo;amour. \u00bb<br \/>\n<\/span><\/p>\n<p><span style=\"color: #777777; font-family: Arial;\">Je l&rsquo;avais aussi mobilis\u00e9 pour d\u00e9crire Fran\u00e7ois Mitterrand&nbsp;:<\/span><\/p>\n<p style=\"margin-left: 28pt;\"><span style=\"color: #c00000; font-family: Arial;\">\u00abc&rsquo;est un homme qui avait un rapport complexe avec la v\u00e9rit\u00e9\u00bb.<br \/>\n<\/span><\/p>\n<p><span style=\"color: #777777; font-family: Arial;\">Pour revenir \u00e0 l&rsquo;exergue de ce mot du jour et pour l&rsquo;\u00e9clairer il faut peut-\u00eatre faire appel \u00e0 Nietzsche qui aurait dit selon Fabrice Lucchini&nbsp;:<br \/>\n<\/span><\/p>\n<p style=\"margin-left: 28pt;\"><span style=\"color: #c00000; font-family: Arial;\">\u00ab&nbsp;Ce sont nos contradictions qui nous rendent f\u00e9conds&nbsp;\u00bb<\/span><\/p>\n<p><span style=\"color: #800000;\">&lt;987&gt;<\/span><\/p>\n","protected":false},"excerpt":{"rendered":"<p>\u00abLes honneurs, je les m\u00e9prise, mais je ne d\u00e9teste pas forc\u00e9ment ce que je m\u00e9prise&nbsp;\u00bb Jean d\u2019Ormesson (16\/06\/1925 \u2013 05\/12\/2017) dans \u00abDieu, les&nbsp; affaires et nous\u00bb Il faut des mots du jour court. En voici un. Le mot du jour<\/p>\n","protected":false},"author":1,"featured_media":0,"comment_status":"open","ping_status":"closed","sticky":false,"template":"","format":"standard","meta":{"footnotes":""},"categories":[1],"tags":[24,29,23],"class_list":["post-3683","post","type-post","status-publish","format-standard","hentry","category-motdujour","tag-actualite","tag-hommage","tag-humour"],"_links":{"self":[{"href":"https:\/\/lemotdujour.fr\/index.php?rest_route=\/wp\/v2\/posts\/3683","targetHints":{"allow":["GET"]}}],"collection":[{"href":"https:\/\/lemotdujour.fr\/index.php?rest_route=\/wp\/v2\/posts"}],"about":[{"href":"https:\/\/lemotdujour.fr\/index.php?rest_route=\/wp\/v2\/types\/post"}],"author":[{"embeddable":true,"href":"https:\/\/lemotdujour.fr\/index.php?rest_route=\/wp\/v2\/users\/1"}],"replies":[{"embeddable":true,"href":"https:\/\/lemotdujour.fr\/index.php?rest_route=%2Fwp%2Fv2%2Fcomments&post=3683"}],"version-history":[{"count":8,"href":"https:\/\/lemotdujour.fr\/index.php?rest_route=\/wp\/v2\/posts\/3683\/revisions"}],"predecessor-version":[{"id":12240,"href":"https:\/\/lemotdujour.fr\/index.php?rest_route=\/wp\/v2\/posts\/3683\/revisions\/12240"}],"wp:attachment":[{"href":"https:\/\/lemotdujour.fr\/index.php?rest_route=%2Fwp%2Fv2%2Fmedia&parent=3683"}],"wp:term":[{"taxonomy":"category","embeddable":true,"href":"https:\/\/lemotdujour.fr\/index.php?rest_route=%2Fwp%2Fv2%2Fcategories&post=3683"},{"taxonomy":"post_tag","embeddable":true,"href":"https:\/\/lemotdujour.fr\/index.php?rest_route=%2Fwp%2Fv2%2Ftags&post=3683"}],"curies":[{"name":"wp","href":"https:\/\/api.w.org\/{rel}","templated":true}]}}