{"id":3679,"date":"2017-12-08T03:50:50","date_gmt":"2017-12-08T02:50:50","guid":{"rendered":"http:\/\/lemotdujour.fr\/?p=3679"},"modified":"2021-09-29T20:39:10","modified_gmt":"2021-09-29T18:39:10","slug":"vendredi-8-decembre-2017","status":"publish","type":"post","link":"https:\/\/lemotdujour.fr\/?p=3679","title":{"rendered":"Vendredi 8 d\u00e9cembre 2017"},"content":{"rendered":"<div class=\"mdjTexte\">\t\u00ab&nbsp;On a les h\u00e9ros qu\u2019on m\u00e9rite&nbsp;!\u00bb<\/div>\n<div class=\"mdjAuteur\">\tDidier Raoult<\/div>\n<p><span style=\"color: #777777; font-family: Arial;\">Didier Raoult est n\u00e9 le 13 mars 1952 \u00e0 Dakar au S\u00e9n\u00e9gal. C&rsquo;est un chercheur biologiste et professeur de microbiologie fran\u00e7ais, m\u00e9decin de formation, sp\u00e9cialis\u00e9 en maladies infectieuses. Il a d\u00e9couvert avec son \u00e9quipe plus de soixante nouveaux virus dont les mimivirus (ou virus g\u00e9ants). Vous pouvez lire sa biographie dans <a href=\"https:\/\/fr.wikipedia.org\/wiki\/Didier_Raoult\"><span style=\"color: #0000ff;\">Wikipedia<\/span><\/a><br \/>\n<\/span><\/p>\n<p><span style=\"color: #777777; font-family: Arial;\">Il tient une rubrique sant\u00e9 dans l&rsquo;hebdomadaire <a href=\"http:\/\/www.lepoint.fr\/invites-du-point\/didier_raoult\/\"><span style=\"color: #0000ff;\">&lt;Le Point&gt;<\/span>.<\/a><br \/>\n<\/span><\/p>\n<p><span style=\"color: #777777; font-family: Arial;\">Le 22\/06\/2015 il avait \u00e9crit un article qui ne s&rsquo;inscrivait pas vraiment dans le domaine de la sant\u00e9&nbsp;: <span style=\"color: #0000ff;\">\u00ab&nbsp;<\/span><a href=\"http:\/\/www.lepoint.fr\/invites-du-point\/didier_raoult\/raoult-d-aristote-a-zidane-on-a-les-heros-qu-on-merite-22-06-2015-1938700_445.php\"><span style=\"color: #0000ff;\">D&rsquo;Aristote \u00e0 Zidane, on a les h\u00e9ros<\/span> <span style=\"color: #0000ff;\">qu&rsquo;on m\u00e9rite !&nbsp;<\/span><\/a><span style=\"color: #0000ff;\">\u00bb<\/span><br \/>\n<\/span><\/p>\n<p><span style=\"color: #777777; font-family: Arial;\">Allez savoir pourquoi, j&rsquo;ai eu envie de partager cet article aujourd&rsquo;hui, 30 mois apr\u00e8s sa parution&nbsp;:<br \/>\n<\/span><\/p>\n<p style=\"margin-left: 28pt;\"><span style=\"color: #c00000; font-family: Arial;\">\u00ab&nbsp;Chaque \u00e9poque a ses h\u00e9ros, l&rsquo;histoire classique qui est, h\u00e9las, menac\u00e9e, nous \u00e9claire sur notre \u00e9poque. Chez les Grecs anciens, le h\u00e9ros qu&rsquo;il faut imiter est un guerrier, celui de L&rsquo;Iliade, que le th\u00e9\u00e2tre grec ne cessera de conter.<br \/>\n<\/span><\/p>\n<p style=\"margin-left: 28pt;\"><span style=\"color: #c00000; font-family: Arial;\">Les h\u00e9ros mineurs sont les sportifs des Jeux olympiques. Les \u00e9crivains (X\u00e9nophon), les philosophes (Platon, Socrate, Aristote entre autres) sont aussi c\u00e9l\u00e8bres et deviennent parfois conseillers. Politiques (comme Platon fut celui de Denys, Tyran de Syracuse) ou \u00e9ducateurs de princes (comme Aristote fut celui d&rsquo;Alexandre), les historiens (H\u00e9rodote, Thucydide) sont aussi c\u00e9l\u00e8bres.<br \/>\n<\/span><\/p>\n<p style=\"margin-left: 28pt;\"><span style=\"color: #c00000; font-family: Arial;\">\u00c0 Rome, les h\u00e9ros de la R\u00e9publique sont les consuls, \u00e0 la fois dirigeants et g\u00e9n\u00e9raux, qui b\u00e2tissent la nation romaine par leur courage et brillent par leur aust\u00e9rit\u00e9. Il ne viendrait \u00e0 aucun d&rsquo;entre eux l&rsquo;id\u00e9e de se d\u00e9guiser en acteur, en chanteur ou en sportif. La premi\u00e8re d\u00e9cadence de l&rsquo;Empire est incarn\u00e9e par N\u00e9ron qui, chez Su\u00e9tone, est d\u00e9crit comme poursuivant les honneurs dus aux acteurs et aux chanteurs. Son pr\u00e9d\u00e9cesseur Caligula en \u00e9tait encore \u00e0 jouer au g\u00e9n\u00e9ral. N\u00e9ron signera la fin du premier r\u00e8gne des empereurs (les Julio-Claudiens). La deuxi\u00e8me d\u00e9cadence (selon Gibbon) est incarn\u00e9e par l&#8217;empereur Commode, le fils de Marc Aur\u00e8le, caricatur\u00e9 dans les films La Chute de l&#8217;empire romain et dans Gladiator, qui descend dans l&rsquo;ar\u00e8ne, pour y acqu\u00e9rir la gloire des gladiateurs, les h\u00e9ros de son temps.<br \/>\n<\/span><\/p>\n<p style=\"margin-left: 28pt;\"><span style=\"color: #c00000; font-family: Arial;\">Aujourd&rsquo;hui, les vedettes, les stars, les plus c\u00e9l\u00e8bres et les mieux pay\u00e9es de nos contemporains, qui sont aussi les personnalit\u00e9s pr\u00e9f\u00e9r\u00e9es des Fran\u00e7ais (selon le JDD) sont des chanteurs, des acteurs, des footballeurs, tous h\u00e9ros \u00e9ph\u00e9m\u00e8res d&rsquo;une \u00e9poque consacr\u00e9e aux loisirs. Il y a dix ans, c&rsquo;\u00e9tait encore Cousteau et l&rsquo;abb\u00e9 Pierre. L&rsquo;un h\u00e9ros de la d\u00e9couverte des fonds marins et de l&rsquo;\u00e9cologie, l&rsquo;autre de l&rsquo;\u0153uvre au service des plus malheureux. Au d\u00e9but du XXe si\u00e8cle en France, les places, les rues, les lyc\u00e9es portaient des noms de savants (Marie Curie, Pasteur\u2026) ou d&rsquo;\u00e9crivains auteurs d&rsquo;\u0153uvres durables (Hugo, Balzac\u2026).<br \/>\n<\/span><\/p>\n<p style=\"margin-left: 28pt;\"><span style=\"color: #c00000; font-family: Arial;\">Un de mes proches amis tente de me rassurer en constatant que les graffitis de Pomp\u00e9i, du premier si\u00e8cle apr\u00e8s J\u00e9sus-Christ, honorent surtout les gladiateurs. C&rsquo;est vrai, mais c&rsquo;est juste avant la premi\u00e8re d\u00e9cadence de l&rsquo;Empire. Dans l&rsquo;histoire, lorsque le peuple et les dirigeants ont comme mod\u00e8le les h\u00e9ros \u00e9ph\u00e9m\u00e8res et l&rsquo;art vivant, il n&rsquo;est pas s\u00fbr que ce soit un bon signe, comme en t\u00e9moigne l&rsquo;histoire romaine, qui a vu suivre les r\u00e8gnes de N\u00e9ron puis de Commode, de guerres civiles.&nbsp;\u00bb<br \/>\n<\/span><\/p>\n<p style=\"margin-left: 14pt;\"><span style=\"color: maroon; font-family: Verdana; font-size: 12pt;\">&lt;984&gt;<\/span><\/p>\n","protected":false},"excerpt":{"rendered":"<p>\u00ab&nbsp;On a les h\u00e9ros qu\u2019on m\u00e9rite&nbsp;!\u00bb Didier Raoult Didier Raoult est n\u00e9 le 13 mars 1952 \u00e0 Dakar au S\u00e9n\u00e9gal. C&rsquo;est un chercheur biologiste et professeur de microbiologie fran\u00e7ais, m\u00e9decin de formation, sp\u00e9cialis\u00e9 en maladies infectieuses. Il a d\u00e9couvert avec<\/p>\n","protected":false},"author":1,"featured_media":0,"comment_status":"open","ping_status":"closed","sticky":false,"template":"","format":"standard","meta":{"footnotes":""},"categories":[1],"tags":[17,6,7],"class_list":["post-3679","post","type-post","status-publish","format-standard","hentry","category-motdujour","tag-histoire","tag-philosophie","tag-societe"],"_links":{"self":[{"href":"https:\/\/lemotdujour.fr\/index.php?rest_route=\/wp\/v2\/posts\/3679","targetHints":{"allow":["GET"]}}],"collection":[{"href":"https:\/\/lemotdujour.fr\/index.php?rest_route=\/wp\/v2\/posts"}],"about":[{"href":"https:\/\/lemotdujour.fr\/index.php?rest_route=\/wp\/v2\/types\/post"}],"author":[{"embeddable":true,"href":"https:\/\/lemotdujour.fr\/index.php?rest_route=\/wp\/v2\/users\/1"}],"replies":[{"embeddable":true,"href":"https:\/\/lemotdujour.fr\/index.php?rest_route=%2Fwp%2Fv2%2Fcomments&post=3679"}],"version-history":[{"count":3,"href":"https:\/\/lemotdujour.fr\/index.php?rest_route=\/wp\/v2\/posts\/3679\/revisions"}],"predecessor-version":[{"id":12276,"href":"https:\/\/lemotdujour.fr\/index.php?rest_route=\/wp\/v2\/posts\/3679\/revisions\/12276"}],"wp:attachment":[{"href":"https:\/\/lemotdujour.fr\/index.php?rest_route=%2Fwp%2Fv2%2Fmedia&parent=3679"}],"wp:term":[{"taxonomy":"category","embeddable":true,"href":"https:\/\/lemotdujour.fr\/index.php?rest_route=%2Fwp%2Fv2%2Fcategories&post=3679"},{"taxonomy":"post_tag","embeddable":true,"href":"https:\/\/lemotdujour.fr\/index.php?rest_route=%2Fwp%2Fv2%2Ftags&post=3679"}],"curies":[{"name":"wp","href":"https:\/\/api.w.org\/{rel}","templated":true}]}}