{"id":367,"date":"2016-12-19T01:00:00","date_gmt":"2016-12-18T22:00:00","guid":{"rendered":"http:\/\/lemotdujour.fr\/?p=367"},"modified":"2017-05-08T13:17:58","modified_gmt":"2017-05-08T11:17:58","slug":"lundi-19-decembre-2016","status":"publish","type":"post","link":"https:\/\/lemotdujour.fr\/?p=367","title":{"rendered":"Lundi 19 d\u00e9cembre 2016"},"content":{"rendered":"<div class=\"mdjDate\"><a id=\"_Toc482008738\"><\/a>Lundi 19 d\u00e9cembre 2016<\/div>\n<div class=\"mdjTexte\">\u00abTen Reasons to Look Forward to the Future <br \/>Progr\u00e8s : dix raisons de se r\u00e9jouir de l&rsquo;avenir\u00bb<\/div>\n<div class=\"mdjAuteur\">Johan Norberg<\/div>\n<div class=\"mdjComplements\">Les troupes iraniennes et du hezbollah libanais, aid\u00e9 par l&rsquo;aviation russe et des d\u00e9bris de l&rsquo;arm\u00e9e de Bachar el-Assad ont repris le contr\u00f4le d&rsquo;Alep dans les ruines et le sang.<\/div>\n<div class=\"mdjComplements\">Les troupes de \u00ab\u00a0nos amis saoudiens\u00a0\u00bb perp\u00e8trent des massacres identiques au Yemen.<\/div>\n<div class=\"mdjComplements\">Il y a d&rsquo;autres r\u00e9gions du globe : au Sud Soudan, en Somalie, en Erythr\u00e9e o\u00f9 la violence et les massacres se multiplient.<\/div>\n<div class=\"mdjComplements\">Et aux Etats-Unis&#8230; Bien que Hillary Clinton ait re\u00e7u 2,7 millions de vois populaires suppl\u00e9mentaires, Donald Trump s&rsquo;appr\u00eate \u00e0 devenir Pr\u00e9sident des Etats Unis, entour\u00e9s de milliardaires, de militaires qui ont pour titre de gloire<a href=\"http:\/\/www.sudouest.fr\/2016\/12\/02\/qui-est-james-mattis-le-general-enrage-nomme-par-trump-a-la-defense-2588489-4803.php\"> \u00ab\u00a0le g\u00e9n\u00e9ral enrag\u00e9\u00a0\u00bb<\/a> ou d&rsquo;avoir \u00e9t\u00e9 <a href=\"http:\/\/www.boursorama.com\/actualites\/john-kelly-un-ancien-chef-militaire-durci-au-feu-de-l-irak-9942a06cfa877cd289f73d06d60113ca\">responsable de la prison de Guant\u00e1namo<\/a> . On y trouve <a href=\"http:\/\/www.huffingtonpost.fr\/2016\/12\/07\/donald-trump-nomme-un-climato-sceptique-a-lenvironnement-et-un\/\">des climato-sceptiques<\/a>,\u00a0<a href=\"http:\/\/www.challenges.fr\/monde\/etats-unis\/donald-trump-nomme-andy-puzder-un-patron-de-fastfood-secretaire-au-travail_442156\"> un patron hostile aux salari\u00e9s comme secr\u00e9taire au travail ,<\/a> des banquiers de Goldman Sachs et non pas un lobbyiste de l&rsquo;industrie p\u00e9troli\u00e8re mais mieux<a href=\"http:\/\/abonnes.lemonde.fr\/elections-americaines\/article\/2016\/12\/13\/le-patron-d-exxonmobil-pour-diriger-la-diplomatie-americaine_5047978_829254.html\"> le patron d&rsquo;une des plus grandes soci\u00e9t\u00e9s p\u00e9troli\u00e8res.<\/a><\/div>\n<div class=\"mdjComplements\">Pour ceux qui esp\u00e9raient que les nominations de Trump apaiseraient les craintes qu&rsquo;entrainaient son \u00e9lection, ils ne peuvent \u00eatre que d\u00e9\u00e7us, c&rsquo;est le contraire qui est vrai !<\/div>\n<div class=\"mdjComplements\"><strong>Alors il faut savoir singuli\u00e8rement changer son angle d&rsquo;observation pour suivre le su\u00e9dois Johan Norberg qui dit \u00e0 peu pr\u00e8s : que nous n&rsquo;avons jamais v\u00e9cu \u00e0 un moment plus heureux de l&rsquo;Humanit\u00e9.<\/strong><\/div>\n<div class=\"mdjComplements\">C&rsquo;est l\u2019Hebdomadaire<a href=\"http:\/\/www.epresse.fr\/magazine\/le-point\/2016-11-03\"> \u00ab\u00a0Le Point\u00a0\u00bb du 03\/11\/2016<\/a> qui en parle et qui affichait en couverture\u00a0: \u00ab\u00a0Non tout n\u2019\u00e9tait pas mieux avant\u00a0\u00bb. <\/div>\n<div class=\"mdjComplements\">Pourquoi toujours envisager le pire ? Max Roser, \u00e9conomiste \u00e0 Oxford, accuse les m\u00e9dias, plus prompts \u00e0 \u00e9voquer la derni\u00e8re catastrophe qu&rsquo;\u00e0 rappeler que l&rsquo;esp\u00e9rance de vie a augment\u00e9 deux fois plus en un si\u00e8cle qu&rsquo;elle ne l&rsquo;avait fait en 200 000 ans. Mais, au-del\u00e0 de l&rsquo;information en continu, le pessimisme occidental a des fondements plus profonds. <\/div>\n<div class=\"mdjComplements\">Selon l&rsquo;institut de sondages Gallup, le Vietnam et le Nigeria sont les champions de l&rsquo;optimisme, tandis que la France est l&rsquo;un des pays les plus d\u00e9pressifs du monde. Serait-ce parce que le progr\u00e8s, enfant des Lumi\u00e8res, a \u00e9t\u00e9 abandonn\u00e9 par une partie de notre classe politique ? La gauche ne promeut plus que le progr\u00e8s soci\u00e9tal, d\u00e9fendant le statu quo \u00e9conomique face \u00e0 la mondialisation. <\/div>\n<div class=\"mdjComplements\">Les \u00e9cologistes nous pr\u00e9parent aux fl\u00e9aux eschatologiques. \u00c0 droite, conservateurs et r\u00e9actionnaires veulent des barri\u00e8res contre la d\u00e9culturation et les migrants. Seuls les lib\u00e9raux et quelques r\u00e9formistes osent encore invoquer \u00ab\u00a0l&rsquo;id\u00e9e de progr\u00e8s\u00a0\u00bb qui, comme le rappelle le physicien \u00c9tienne Klein, <strong>\u00ab\u00a0l&rsquo;id\u00e9e de progr\u00e8s\u00a0\u00bb a pour anagramme \u00ab\u00a0le degr\u00e9 d&rsquo;espoir\u00a0\u00bb<\/strong>.<\/div>\n<div class=\"mdjComplements\">Sur le plan \u00e9ditorial \u00e9galement, le march\u00e9 de la catastrophe est porteur :, d\u00e9clin de l&rsquo;Occident, invasions barbares, et maintenant \u00ab\u00a0Far West technologique\u00a0\u00bb (Bernard Stiegler). Mais, sur la longue dur\u00e9e, les proph\u00e8tes de l&rsquo;apocalypse risquent surtout le ridicule. En 1968, Paul R. Ehrlich annon\u00e7ait, dans La bombe P (2 millions d&rsquo;exemplaires vendus), que des \u00ab\u00a0centaines de millions de personnes allaient mourir de faim\u00a0\u00bb. Et en 1972, le Club de Rome avertissait d&rsquo;une p\u00e9nurie de cuivre en&#8230; 2008.<\/div>\n<div class=\"mdjComplements\">Pourtant, les bonnes nouvelles sont l\u00e0. L&rsquo;\u00e9poustouflant<a href=\"http:\/\/stevenpinker.com\/publications\/better-angels-our-nature\"> <strong>The Better Angels of Our Nature<\/strong><\/a> (2011), de <strong>Steven Pinker<\/strong>, attend toujours un \u00e9diteur fran\u00e7ais. Ce professeur de psychologie \u00e0 Harvard y a regroup\u00e9 les statistiques sur les g\u00e9nocides, les guerres, les homicides ou les violences domestiques. Sa conclusion : gr\u00e2ce \u00e0 la raison, \u00e0 la mondialisation ou \u00e0 la f\u00e9minisation, la violence n&rsquo;a cess\u00e9 de baisser au cours de l&rsquo;Histoire. <\/div>\n<div class=\"mdjComplements\"><strong>Angus Deaton<\/strong>, lui, a d\u00fb attendre de recevoir un prix Nobel d&rsquo;\u00e9conomie en 2015 pour voir publier chez nous <a href=\"https:\/\/www.puf.com\/content\/La_grande_%C3%A9vasion\"><strong>La grande \u00e9vasion<\/strong><\/a> (PUF). \u00c0 base de donn\u00e9es \u00e9conomiques, m\u00e9dicales et d\u00e9mographiques, il y raconte la formidable qu\u00eate de libert\u00e9 de l&rsquo;humanit\u00e9 pour sortir de la pauvret\u00e9, de la maladie et des oppressions. Deaton ne cache rien des in\u00e9galit\u00e9s, mais, optimiste temp\u00e9r\u00e9, il montre que plut\u00f4t que la bonne conscience, c&rsquo;est la diffusion des id\u00e9es et l&rsquo;innovation qui prolongeront cette extraordinaire am\u00e9lioration de nos vies.<\/div>\n<div class=\"mdjComplements\">Mais c&rsquo;est de Su\u00e8de que nous vient le livre le plus revigorant de l&rsquo;ann\u00e9e. Dans <a href=\"http:\/\/www.fnac.com\/livre-numerique\/a10018296\/Johan-Norberg-Progress\">Progress : Ten Reasons to Look Forward to theFuture<\/a> (Progr\u00e8s : dix raisons de se r\u00e9jouir de l&rsquo;avenir), l&rsquo;historien de l&rsquo;\u00e9conomie Johan Norberg \u00e9tend le travail de Pinker \u00e0 tous les domaines de la vie. \u00c0 travers une cascade de chiffres et d&rsquo;anecdotes, ce lib\u00e9ral montre que <strong>l&rsquo;humanit\u00e9 n&rsquo;a jamais \u00e9t\u00e9 plus riche, en bonne sant\u00e9, libre, tol\u00e9rante et \u00e9duqu\u00e9e. <\/strong>Oubliez le Prozac, savourez donc ces quelques \u00e9volutions. <\/div>\n<div class=\"mdjComplements\">En 1990, il y avait 76 d\u00e9mocraties \u00e9lectorales, contre 125 en 2015. En 1950, plus d&rsquo;un quart des enfants de 10 \u00e0 14 ans \u00e9taient \u00e9conomiquement actifs. Aujourd&rsquo;hui, c&rsquo;est moins de 10 %. <\/div>\n<div class=\"mdjComplements\">M\u00eame en mati\u00e8re d&rsquo;environnement, Norberg rappelle ce que la prise de conscience nous a d\u00e9j\u00e0 fait accomplir : l&rsquo;air d&rsquo;une m\u00e9tropole comme Londres est aussi propre qu&rsquo;au d\u00e9but de la r\u00e9volution industrielle et, loin des id\u00e9es re\u00e7ues, les for\u00eats s&rsquo;\u00e9tendent en Europe. <\/div>\n<div class=\"mdjComplements\">En attendant qu&rsquo;un \u00e9diteur fran\u00e7ais suffisamment t\u00e9m\u00e9raire ose traduire ces bonnes nouvelles, Le Point est all\u00e9 \u00e0 la rencontre de cet optimiste scandinave pour ouvrir le d\u00e9bat : y a-t-il d\u00e9j\u00e0 eu une meilleure ann\u00e9e que 2016 ?<\/div>\n<div class=\"mdjComplements\">Johan Norberg accepte de reconna\u00eetre que l\u2019air du temps est froid : <\/div>\n<div class=\"mdjCiter\">\u00ab Je sais que l&rsquo;\u00e9poque a l&rsquo;air horrible, mais cela a toujours \u00e9t\u00e9 le cas quand vous regardez les probl\u00e8mes dans le monde. Il y a cinquante ans, c&rsquo;\u00e9tait le risque d&rsquo;un d\u00e9sastre nucl\u00e9aire imminent, les usines japonaises mena\u00e7ant les n\u00f4tres, un niveau de crime \u00e9lev\u00e9 dans les villes&#8230; Le r\u00f4le des m\u00e9dias est d&rsquo;en parler et de nous effrayer un peu. \u00bb<\/div>\n<div class=\"mdjCiter\">Mais si on prend le recul qu\u2019il nous invite \u00e0 prendre et \u00e0 se placer dans une perspective historique plus longue et confronter la r\u00e9alit\u00e9 d\u2019aujourd\u2019hui \u00e0 celle d\u2019hier le constat est fort diff\u00e9rent.<\/div>\n<div class=\"mdjCiter\">Certains indicateurs baissent un peu et il y a de nouveaux risques. Le progr\u00e8s n&rsquo;a rien d&rsquo;automatique. Le r\u00e9chauffement climatique est un probl\u00e8me r\u00e9cent. L&rsquo;essor du terrorisme sous cette forme est aussi in\u00e9dit. Du point de vue du nombre de victimes, avec les groupes s\u00e9paratistes et r\u00e9volutionnaires, c&rsquo;\u00e9tait pire dans les ann\u00e9es 1970 en Europe occidentale. Aujourd&rsquo;hui, Daech ne cible pas des officiels mais frappe au hasard. C&rsquo;est ce qui nous terrifie. Face \u00e0 \u00e7a, nous avons d&rsquo;autant plus besoin de donn\u00e9es objectives qui nous permettent de saisir que, m\u00eame si les attentats sont terribles, c&rsquo;est un petit risque pour notre vie compar\u00e9 \u00e0 d&rsquo;autres. Il faut vaincre les terroristes, mais ne pas paniquer.<\/div>\n<div class=\"mdjCiter\">Prenons le crit\u00e8re de l\u2019extr\u00eame pauvret\u00e9 dans le monde : Depuis 25 ans l&rsquo;extr\u00eame pauvret\u00e9 a \u00e9t\u00e9 r\u00e9duit de 1,25 milliard de personnes, alors m\u00eame que la population mondiale a augment\u00e9 de 2 milliards de personnes.<\/div>\n<div class=\"mdjCiter\">En 1950, il y avait 10,5 millions de l\u00e9preux. Il n&rsquo;y a aujourd&rsquo;hui plus que 200 000 cas chroniques. En 1900, seulement 21 % de la population mondiale savaient lire. Aujourd&rsquo;hui, c&rsquo;est 86 %&#8230; Parmi tous ces chiffres, voil\u00e0 la meilleure nouvelle ! Car cela concerne notre capacit\u00e9 \u00e0 affronter les probl\u00e8mes du futur.\u00a0\u00bb<\/div>\n<div class=\"mdjComplements\">Il explique : <\/div>\n<div class=\"mdjCiter\">\u00ab \u00c0 chaque minute o\u00f9 nous parlons, 100 personnes sortent [de l&rsquo;extr\u00eame pauvret\u00e9]. La Chine a eu un impact formidable, mais il y a aussi l&rsquo;Inde, l&rsquo;Indon\u00e9sie, le Vietnam, le Bangladesh, l&rsquo;Am\u00e9rique latine et aujourd&rsquo;hui des pays de l&rsquo;Afrique subsaharienne, qu&rsquo;on consid\u00e9rait pourtant comme le continent sans espoir. Pour la premi\u00e8re fois, l&rsquo;extr\u00eame pauvret\u00e9 est pass\u00e9e en Afrique subsaharienne au-dessous des 50 %. Aujourd&rsquo;hui, on en est \u00e0 35 %. \u00bb<\/div>\n<div class=\"mdjCiter\">Dans tous les pays du monde, sans exception, les gens vivent plus longtemps qu&rsquo;il y a cinquante ans. Et si certains pays ont stagn\u00e9 ou r\u00e9gress\u00e9 sur le plan \u00e9conomique, mais m\u00eame eux ont connu des avanc\u00e9es consid\u00e9rables en termes de sant\u00e9. [\u2026] En 1800, pas un seul pays au monde n&rsquo;avait une esp\u00e9rance de vie sup\u00e9rieure \u00e0 40 ans. Aujourd&rsquo;hui, pas un seul pays n&rsquo;a une esp\u00e9rance de vie inf\u00e9rieure. En Afrique, c&rsquo;est d&rsquo;autant plus encourageant que, apr\u00e8s les d\u00e9g\u00e2ts des guerres, de la malaria et du VIH, l&rsquo;esp\u00e9rance de vie est plus \u00e9lev\u00e9e que jamais. L&rsquo;Ouganda, le Botswana ou le Kenya ont eu un gain de dix ans ces dix derni\u00e8res ann\u00e9es.<\/div>\n<div class=\"mdjCiter\">Tous ces probl\u00e8mes environnementaux qui nous pr\u00e9occupent sont r\u00e9els : r\u00e9chauffement climatique, \u00e9radication des esp\u00e8ces&#8230; Mais je me suis aussi int\u00e9ress\u00e9 \u00e0 d&rsquo;autres probl\u00e8mes environnementaux compl\u00e8tement oubli\u00e9s. En d\u00e9cembre 1952, le grand smog a tu\u00e9 pr\u00e8s de 12 000 personnes \u00e0 Londres. Aujourd&rsquo;hui, l&rsquo;air londonien est aussi propre qu&rsquo;au Moyen \u00c2ge. Depuis 1990, la for\u00eat europ\u00e9enne cro\u00eet \u00e0 un rythme annuel de 0,3 %. La d\u00e9forestation continue en Indon\u00e9sie ou au Br\u00e9sil, mais le taux mondial de d\u00e9forestation annuel a ralenti, passant de 0,18 \u00e0 0,0009 % depuis les ann\u00e9es 1990. On a mesur\u00e9 que, gr\u00e2ce \u00e0 l&rsquo;\u00e9volution des techniques agricoles, on a pu sauvegarder une surface foresti\u00e8re de deux fois l&rsquo;Am\u00e9rique du Sud depuis les ann\u00e9es 1960. Bien s\u00fbr, on cr\u00e9e de nouveaux probl\u00e8mes. Mais comment y faire face ? Plus un pays est riche, mieux il peut d\u00e9velopper des technologies propres.<\/div>\n<div class=\"mdjCiter\">Dans le classement des indices de performance environnementale, les pays scandinaves sont en t\u00eate, alors que la Somalie, le Niger ou Ha\u00efti sont en queue. Les probl\u00e8mes environnementaux dans ces pays ne proviennent pas de la technologie, mais de l&rsquo;absence de technologie. Autrement dit, nous devons acc\u00e9l\u00e9rer le progr\u00e8s plut\u00f4t qu&rsquo;adopter la d\u00e9croissance, qui signifierait un retour \u00e0 la pauvret\u00e9 pour des millions de personnes et serait plus n\u00e9faste pour l&rsquo;environnement. Car le pire qui puisse arriver, c&rsquo;est l&rsquo;utilisation de vieilles technologies, ce qui se pratique dans des pays africains ou en Asie.<\/div>\n<div class=\"mdjCiter\">Si vous pensez que le travail des enfants est quelque chose de nouveau, consultez les tapisseries et les t\u00e9moignages du Moyen \u00c2ge, o\u00f9 les enfants font partie int\u00e9grante de l&rsquo;\u00e9conomie. Aujourd&rsquo;hui, \u00e7a para\u00eet b\u00e9nin, car nous avons une repr\u00e9sentation romantique de la ferme, comme si c&rsquo;\u00e9tait un plaisir. Mais je peux vous assurer que cela n&rsquo;\u00e9tait pas le cas \u00e0 l&rsquo;\u00e9poque. Le travail des enfants a continu\u00e9 sous la r\u00e9volution industrielle, mais \u00e0 travers des oeuvres comme celle de Dickens il y a eu une prise de conscience qui marqua le d\u00e9but du d\u00e9clin. Aujourd&rsquo;hui, en Inde comme au Vietnam, le travail des enfants baisse rapidement. Entre 1993 et 2006, la proportion des 10-14 ans travaillant au Vietnam est pass\u00e9 de 45 % \u00e0 moins de 10 %. Au moment o\u00f9 les parents deviennent plus riches, la premi\u00e8re chose qu&rsquo;ils font est de ne plus envoyer leurs enfants travailler, car ils ne le faisaient pas par plaisir sadique, mais pour survivre. Historiquement, le capitalisme a donc permis de mettre un terme au travail des enfants, pas l&rsquo;inverse.<\/div>\n<div class=\"mdjCiter\">Pour Angus Deaton, le progr\u00e8s cr\u00e9e toujours des in\u00e9galit\u00e9s. Depuis 1980, celles-ci sont grandissantes dans les pays de l&rsquo;OCDE&#8230;<\/div>\n<div class=\"mdjCiter\">Deaton a raison. Il y a deux cents ans, il y avait plus d&rsquo;\u00e9galit\u00e9 dans le monde, mais c&rsquo;est parce que l&rsquo;immense majorit\u00e9 d&rsquo;entre nous \u00e9tait pauvre. L&rsquo;<a href=\"https:\/\/fr.wikipedia.org\/wiki\/Coefficient_de_Gini\">indice de Gini<\/a> \u00e9tait donc tr\u00e8s bas. Puis, dans une minorit\u00e9 de pays, les gens ont commenc\u00e9 \u00e0 avoir plus de libert\u00e9s, ils sont devenus beaucoup plus riches : leur PIB par habitant a \u00e9t\u00e9 multipli\u00e9 par 20. \u00c9videmment, vous introduisez ainsi une \u00e9norme in\u00e9galit\u00e9 dans le monde. Mais, comme l&rsquo;explique Deaton, ce n&rsquo;est pas toujours une mauvaise chose. Serait-il pr\u00e9f\u00e9rable que tout le monde soit rest\u00e9 pauvre ? Prenez la Chine. Il y a trente ans, c&rsquo;\u00e9tait un pays tr\u00e8s \u00e9galitaire, mais 90 % de la population vivait dans l&rsquo;extr\u00eame pauvret\u00e9, contre 10 % aujourd&rsquo;hui. Si vous ne vous concentrez que sur les in\u00e9galit\u00e9s, vous aurez l&rsquo;impression que \u00e7a a empir\u00e9. Le progr\u00e8s n&rsquo;est jamais \u00e9galitaire. Il se concentre plus sur les r\u00e9gions c\u00f4ti\u00e8res, dans les grandes villes. Cela dit, l&rsquo;in\u00e9galit\u00e9 peut devenir un probl\u00e8me, surtout quand certains groupes commencent \u00e0 se garantir des privil\u00e8ges et prennent le contr\u00f4le du pouvoir. C&rsquo;est ce qui s&rsquo;est pass\u00e9 en Russie, o\u00f9 un petit groupe a pris en otage le gouvernement, faute de transparence.<\/div>\n<div class=\"mdjCiter\">il est utile de rappeler que, plus que votre salaire, l&rsquo;important est ce que vous pouvez acheter. M\u00eame si vous n&rsquo;avez pas augment\u00e9 vos revenus de mani\u00e8re importante depuis les ann\u00e9es 1980, vous avez eu acc\u00e8s \u00e0 des technologies et \u00e0 des services qui n&rsquo;existaient pas dans le pass\u00e9. Avant, seuls les riches pouvaient s&rsquo;acheter une encyclop\u00e9die. Maintenant, on y a tous acc\u00e8s pour rien ! Comment chiffrer \u00e7a ? \u00c7a n&rsquo;appara\u00eet pas dans les statistiques. Sans parler de la m\u00e9decine, qui nous a donn\u00e9 pr\u00e8s de dix ann\u00e9es suppl\u00e9mentaires de vie. Les taux de criminalit\u00e9 se sont r\u00e9duits, l&rsquo;acc\u00e8s \u00e0 la technologie a augment\u00e9 pour tout le monde.<\/div>\n<div class=\"mdjCiter\">Au-del\u00e0 des chiffres, il y a les questions culturelles. La mondialisation et l&rsquo;immigration font craindre \u00e0 certains de perdre leur identit\u00e9.<\/div>\n<div class=\"mdjCiter\">C&rsquo;est effectivement un facteur plus important que les donn\u00e9es \u00e9conomiques. Les supporteurs de Trump ne sont pas au ch\u00f4mage, mais ils appartiennent \u00e0 une classe blanche qui pense que son identit\u00e9 est en d\u00e9clin car menac\u00e9e par les minorit\u00e9s. Cela explique en grande partie l&rsquo;essor des populismes en Europe et aux \u00c9tats-Unis. Les psychologues parlent d&rsquo;un r\u00e9flexe d&rsquo;autorit\u00e9. C&rsquo;est un besoin de protection qui touche aussi l&rsquo;\u00e9ducation, la libert\u00e9 sexuelle, les droits des minorit\u00e9s. C&rsquo;est l&rsquo;id\u00e9e qu&rsquo;on doit se reprendre en main. Je comprends ce sentiment, mais les cons\u00e9quences en seraient terrifiantes, car tout le progr\u00e8s dont nous parlons est d\u00e9pendant de notre ouverture au monde.<\/div>\n<div class=\"mdjCiter\">La r\u00e9flexion de Johan Norberg n\u2019est pas celui d\u2019un simpliste b\u00e9at qui pense que tout va bien, il suffit de laisser venir.\u00bb<\/div>\n<div class=\"mdjComplements\">Il r\u00e9pond : <\/div>\n<div class=\"mdjCiter\">\u00ab [Je n\u2019ai pas \u00e9crit ] un livre sur le progr\u00e8s [\u2026] pour dire : \u00ab Regardez, tout est g\u00e9nial, on peut \u00eatre relax. \u00bb Non, je l&rsquo;ai fait parce que j&rsquo;ai un peu peur. Les risques sont l\u00e0 et ils sont bien plus dangereux quand les gens ne comprennent pas ce que la race humaine peut r\u00e9aliser quand elle est libre. Je suis tr\u00e8s effray\u00e9 par cette demande d&rsquo;autorit\u00e9, \u00e0 droite comme \u00e0 gauche, pour s&rsquo;opposer \u00e0 la mondialisation. [\u2026] Je suis donc un optimiste soucieux. Cela dit, je reste optimiste, car l&rsquo;humanit\u00e9 a travers\u00e9 dans l&rsquo;Histoire des choses bien pires et est arriv\u00e9e \u00e0 ce monde o\u00f9 m\u00eame les gens qui ont eu la malchance de na\u00eetre dans des conditions difficiles vivent plus longtemps. L&rsquo;humanit\u00e9 est r\u00e9siliente et a beaucoup de pouvoirs. \u00bb<\/div>\n<div class=\"mdjComplements\">Ses arguments sont forts et document\u00e9s.<\/div>\n<div class=\"mdjComplements\">Vous trouverez en pi\u00e8ce jointe l&rsquo;int\u00e9gralit\u00e9 de l&rsquo;interview<\/div>\n","protected":false},"excerpt":{"rendered":"<p>Lundi 19 d\u00e9cembre 2016 \u00abTen Reasons to Look Forward to the Future Progr\u00e8s : dix raisons de se r\u00e9jouir de l&rsquo;avenir\u00bb Johan Norberg Les troupes iraniennes et du hezbollah libanais, aid\u00e9 par l&rsquo;aviation russe et des d\u00e9bris de l&rsquo;arm\u00e9e de<\/p>\n","protected":false},"author":1,"featured_media":0,"comment_status":"closed","ping_status":"closed","sticky":false,"template":"","format":"standard","meta":{"footnotes":""},"categories":[1],"tags":[],"class_list":["post-367","post","type-post","status-publish","format-standard","hentry","category-motdujour"],"_links":{"self":[{"href":"https:\/\/lemotdujour.fr\/index.php?rest_route=\/wp\/v2\/posts\/367","targetHints":{"allow":["GET"]}}],"collection":[{"href":"https:\/\/lemotdujour.fr\/index.php?rest_route=\/wp\/v2\/posts"}],"about":[{"href":"https:\/\/lemotdujour.fr\/index.php?rest_route=\/wp\/v2\/types\/post"}],"author":[{"embeddable":true,"href":"https:\/\/lemotdujour.fr\/index.php?rest_route=\/wp\/v2\/users\/1"}],"replies":[{"embeddable":true,"href":"https:\/\/lemotdujour.fr\/index.php?rest_route=%2Fwp%2Fv2%2Fcomments&post=367"}],"version-history":[{"count":1,"href":"https:\/\/lemotdujour.fr\/index.php?rest_route=\/wp\/v2\/posts\/367\/revisions"}],"predecessor-version":[{"id":368,"href":"https:\/\/lemotdujour.fr\/index.php?rest_route=\/wp\/v2\/posts\/367\/revisions\/368"}],"wp:attachment":[{"href":"https:\/\/lemotdujour.fr\/index.php?rest_route=%2Fwp%2Fv2%2Fmedia&parent=367"}],"wp:term":[{"taxonomy":"category","embeddable":true,"href":"https:\/\/lemotdujour.fr\/index.php?rest_route=%2Fwp%2Fv2%2Fcategories&post=367"},{"taxonomy":"post_tag","embeddable":true,"href":"https:\/\/lemotdujour.fr\/index.php?rest_route=%2Fwp%2Fv2%2Ftags&post=367"}],"curies":[{"name":"wp","href":"https:\/\/api.w.org\/{rel}","templated":true}]}}