{"id":3637,"date":"2017-12-05T03:55:17","date_gmt":"2017-12-05T02:55:17","guid":{"rendered":"http:\/\/lemotdujour.fr\/?p=3637"},"modified":"2021-09-29T11:51:21","modified_gmt":"2021-09-29T09:51:21","slug":"mardi-5-decembre-2017","status":"publish","type":"post","link":"https:\/\/lemotdujour.fr\/?p=3637","title":{"rendered":"Mardi 5 d\u00e9cembre 2017"},"content":{"rendered":"<div class=\"mdjTexte\">\t\u00ab&nbsp;L\u2019enjeu de l\u2019\u00e9conomie, l\u2019enjeu de la globalisation, c\u2019est la justice sociale. Sans justice sociale, il n\u2019y aura plus d\u2019\u00e9conomie&nbsp;\u00bb<\/div>\n<div class=\"mdjAuteur\">\tEmmanuel Faber Discours pour la remise des dipl\u00f4mes \u00e0 HEC, juin 2016<\/div>\n<p><span style=\"color: #777777; font-family: Arial;\">Emmanuel Faber est devenu, le 1<sup>er<\/sup> d\u00e9cembre 2017, le PDG de Danone, rempla\u00e7ant Franck Riboud, qui avait succ\u00e9d\u00e9 \u00e0 son p\u00e8re \u00e0 la t\u00eate du g\u00e9ant fran\u00e7ais de l&rsquo;agroalimentaire. Danone c&rsquo;est aussi Evian, Danette et Bl\u00e9dina.<br \/>\n<\/span><\/p>\n<p><span style=\"color: #777777; font-family: Arial;\">Emmanuel Faber est \u00e2g\u00e9 de 53 ans, il \u00e9tait directeur g\u00e9n\u00e9ral de Danone depuis trois ans.<br \/>\n<\/span><\/p>\n<p><span style=\"color: #777777; font-family: Arial;\">Je voudrais revenir sur un discours qui avait fait beaucoup de bruit et que j&rsquo;avais \u00e9voqu\u00e9 de mani\u00e8re un peu \u00e9tonnante au moment o\u00f9 il avait \u00e9t\u00e9 prononc\u00e9 en juin 2016.<br \/>\n<\/span><\/p>\n<p><span style=\"color: #777777; font-family: Arial;\">J&rsquo;avais, avant de partir en cong\u00e9 d&rsquo;\u00e9t\u00e9 en 2016 et en m&rsquo;inspirant de la tradition de Charlie Hebdo&nbsp;: \u00abLes unes auxquelles vous avez \u00e9chapp\u00e9&nbsp;\u00bb fait la liste des mots du jour que je n&rsquo;avais pas \u00e9crit, mais pour lesquels j&rsquo;avais pr\u00e9par\u00e9 un brouillon. Il y en avait 20 et j&rsquo;ai ajout\u00e9 un 21<sup>\u00e8me<\/sup> qui \u00e9tait ce discours.<br \/>\n<\/span><\/p>\n<p><span style=\"color: #777777; font-family: Arial;\">Mais aujourd&rsquo;hui je voudrais revenir plus longuement sur ce discours, au moment o\u00f9 cet homme prend la t\u00eate de l&rsquo;entreprise Danone.<br \/>\n<\/span><\/p>\n<p><span style=\"color: #777777; font-family: Arial;\">Rappelons le contexte. Ancien \u00e9l\u00e8ve d&rsquo;HEC, Emmanuel Faber est invit\u00e9, comme parrain de la promotion et comme cela se fait dans toutes Grandes Ecoles, \u00e0 prononcer, lors de la c\u00e9r\u00e9monie de remise des dipl\u00f4mes, un discours pour partager son exp\u00e9rience avec les \u00e9tudiants qui viennent de finir leur cursus.<br \/>\n<\/span><\/p>\n<p><a href=\"https:\/\/www.youtube.com\/watch?v=Jx-X8teJAfA\"><span style=\"font-family: Arial;\"><span style=\"color: #0000ff;\">&lt;Ce discours vous le trouverez en vid\u00e9o derri\u00e8re ce lien&gt;<\/span><\/span><\/a><span style=\"color: #777777; font-family: Arial;\"><br \/>\n<\/span><\/p>\n<p><span style=\"color: #777777; font-family: Arial;\">Le d\u00e9but du discours est en fran\u00e7ais et commence par cette introduction&nbsp;:<br \/>\n<\/span><\/p>\n<p style=\"margin-left: 28pt;\"><span style=\"color: #c00000; font-family: Arial;\">\u00abSi vous attendez un discours de r\u00e9f\u00e9rence intellectuelle, vous allez \u00eatre d\u00e9\u00e7us\u00bb<br \/>\n<\/span><\/p>\n<p><span style=\"color: #777777; font-family: Arial;\">Puis il parle de son parcours personnel, de son fr\u00e8re malade, schizophr\u00e8ne, d\u00e9c\u00e9d\u00e9 depuis 5 ans au moment du discours. Et il va dire ce que son fr\u00e8re lui a appris de la vie, de la diff\u00e9rence, de la beaut\u00e9 de l&rsquo;alt\u00e9rit\u00e9 et \u00abque l&rsquo;on peut vivre avec tr\u00e8s peu de choses et \u00eatre heureux\u00bb. Il r\u00e9v\u00e8le&nbsp;:<br \/>\n<\/span><\/p>\n<p style=\"margin-left: 28pt;\"><span style=\"color: #c00000; font-family: Arial;\">\u00abQu&rsquo;est-ce qui m&rsquo;a le plus marqu\u00e9 pendant mes trois ans ici [\u00e0 HEC]&nbsp;? C&rsquo;est ce coup de fil que je n&rsquo;aurais jamais voulu recevoir, \u00e0 21 heures (&#8230;) et o\u00f9 j&rsquo;ai appris que mon fr\u00e8re venait d&rsquo;\u00eatre intern\u00e9 pour la premi\u00e8re fois en h\u00f4pital psychiatrique, diagnostiqu\u00e9 avec une schizophr\u00e9nie lourde. Ma vie a bascul\u00e9\u00bb<br \/>\n<\/span><\/p>\n<p><span style=\"color: #777777; font-family: Arial;\">Et puis, il va parler d&rsquo;Economie, du monde futur qu&rsquo;attend les brillants \u00e9tudiants dipl\u00f4m\u00e9s d&rsquo;HEC.<br \/>\n<\/span><\/p>\n<p style=\"margin-left: 28pt;\"><span style=\"color: #c00000; font-family: Arial;\">\u00abApr\u00e8s toutes ces d\u00e9cennies de croissance<strong>, l&rsquo;enjeu de l&rsquo;\u00e9conomie, l&rsquo;enjeu de la globalisation, c&rsquo;est la justice sociale. Sans justice sociale, il n&rsquo;y aura plus d&rsquo;\u00e9conomie<\/strong> [\u2026]<br \/>\n<\/span><span style=\"color: #c00000; font-family: Arial;\">Les riches, nous, les privil\u00e9gi\u00e9s, nous pourrons monter des murs de plus en plus haut (&#8230;) mais rien n&rsquo;arr\u00eatera ceux qui ont besoin de partager avec nous.<br \/>\n<\/span><span style=\"color: #c00000; font-family: Arial;\">Il n&rsquo;y aura pas non plus de justice climatique sans justice sociale\u00bb<br \/>\n<\/span><\/p>\n<p><span style=\"color: #777777; font-family: Arial;\">Puis il y a la deuxi\u00e8me partie du discours prononc\u00e9 en anglais dont voici la traduction&nbsp;:<br \/>\n<\/span><\/p>\n<p style=\"margin-left: 28pt;\"><span style=\"color: #c00000; font-family: Arial;\">\u00ab&nbsp;Pourquoi est-ce que je vous dis tout cela\u2009?<br \/>\n<\/span><span style=\"color: #c00000; font-family: Arial;\">Parce qu&rsquo;aujourd&rsquo;hui vous \u00eates dipl\u00f4m\u00e9s, vous vous tournez vers l&rsquo;avenir. Je voudrais f\u00e9liciter chacun d&rsquo;entre vous. Vous avez d\u00e9sormais un outil tr\u00e8s puissant dans vos mains.<br \/>\n<\/span><\/p>\n<p style=\"margin-left: 28pt;\"><span style=\"color: #c00000; font-family: Arial;\">La question est\u2009: qu&rsquo;allez-vous en faire\u2009? Pourquoi voulez-vous vous sp\u00e9cialiser en finance, en marketing, devenir avocat, entrepreneur social ou chef d&rsquo;entreprise\u2009\u2009?<br \/>\n<\/span><span style=\"color: #c00000; font-family: Arial;\">Comment allez-vous prendre vos d\u00e9cisions\u2009dans ces domaines\u2009?<br \/>\n<\/span><\/p>\n<p style=\"margin-left: 28pt;\"><span style=\"color: #c00000; font-family: Arial;\">J&rsquo;en suis convaincu, apr\u00e8s 25&nbsp;ans d&rsquo;exp\u00e9rience, que cette main invisible dont on vous a parl\u00e9 n&rsquo;existe pas.<br \/>\n<\/span><\/p>\n<p style=\"margin-left: 28pt;\"><span style=\"color: #c00000; font-family: Arial;\">Et s&rsquo;il y en a une, elle est encore plus handicap\u00e9e que mon fr\u00e8re. Elle est bris\u00e9e.<br \/>\n<\/span><\/p>\n<p style=\"margin-left: 28pt;\"><span style=\"color: #c00000; font-family: Arial;\">En somme, nous avons seulement vos mains \u2013 mes mains \u2013, toutes nos mains, pour changer les choses et les rendre meilleures.<br \/>\n<\/span><\/p>\n<p style=\"margin-left: 28pt;\"><span style=\"color: #c00000; font-family: Arial;\">Et vous avez beaucoup \u00e0 faire pour cela. Vous allez devoir surmonter les trois principales \u00e9preuves qui arrivent facilement avec le statut que vous avez obtenu par votre dipl\u00f4me, mes amis\u2009: la puissance, l&rsquo;argent et la gloire.<br \/>\n<\/span><\/p>\n<p style=\"margin-left: 28pt;\"><span style=\"color: #c00000; font-family: Arial;\"><strong>Oubliez la gloire<\/strong>, c&rsquo;est une course qui n&rsquo;en finit jamais et qui ne m\u00e8ne nulle part. La liste de toutes les personnes renomm\u00e9es existe juste pour qu&rsquo;elles regardent leur propre nom. Elles ne s&rsquo;int\u00e9ressent pas \u00e0 ceux des autres.<br \/>\n<\/span><\/p>\n<p style=\"margin-left: 28pt;\"><span style=\"color: #c00000; font-family: Arial;\"><strong>L&rsquo;argent\u2009: j&rsquo;ai rencontr\u00e9 tant de personnes<\/strong>, quand j&rsquo;\u00e9tais banquier d&rsquo;investissement dans la finance, quand j&rsquo;ai voyag\u00e9 dans le monde \u2013 j&rsquo;en rencontre encore \u2013 <strong>qui sont prisonniers de l&rsquo;argent qu&rsquo;ils ont gagn\u00e9<\/strong>. Ne devenez jamais esclaves de l&rsquo;argent. Restez libres\u2009! Peu importe la raison pour laquelle vous gagnez de l&rsquo;argent, peu importe ce que vous en faites, restez libres\u2009!<br \/>\n<\/span><\/p>\n<p style=\"margin-left: 28pt;\"><span style=\"color: #c00000; font-family: Arial;\"><strong>Et la puissance<\/strong>\u2009: je pense que vous pouvez regarder autour de vous, <strong>il y a tant de personnes qui sont puissantes et qui ne font rien,<\/strong> juste pour garder cette puissance, pour qu&rsquo;elle dure un jour encore. La puissance n&rsquo;a de sens que dans le service rendu aux autres. Et c&rsquo;est ce service qui vous fera devenir qui vous \u00eates en v\u00e9rit\u00e9. Le meilleur de vous-m\u00eame, dont vous n&rsquo;avez m\u00eame pas conscience.<br \/>\n<\/span><\/p>\n<p style=\"margin-left: 28pt;\"><span style=\"color: #c00000; font-family: Arial;\">J&rsquo;ai donc une question \u00e0 vous poser, avec laquelle je vous laisserai, chacun d&rsquo;entre vous\u2009: <strong>qui est votre fr\u00e8re\u2009?<\/strong><br \/>\n<\/span><\/p>\n<p style=\"margin-left: 28pt;\"><span style=\"color: #c00000; font-family: Arial;\">Qui est ce petit fr\u00e8re, cette petite s\u0153ur, qui habite en vous et qui vous conna\u00eet mieux que vous-m\u00eame et qui vous aime plus que vous ne vous aimez vous-m\u00eame\u2009? C&rsquo;est cette petite voix, qui parle de vous \u00e9tant plus grand encore que vous ne pensez l&rsquo;\u00eatre.<br \/>\n<\/span><\/p>\n<p style=\"margin-left: 28pt;\"><span style=\"color: #c00000; font-family: Arial;\">Qui sont-elles\u2009?<br \/>\n<\/span><span style=\"color: #c00000; font-family: Arial;\">Elles vous apporteront cette voix, cette\u2009musique interne, cette m\u00e9lodie qui est v\u00e9ritablement la v\u00f4tre.<br \/>\n<\/span><span style=\"color: #c00000; font-family: Arial;\">Votre m\u00e9lodie transformera la symphonie du monde qui vous entoure, qu&rsquo;elle soit grande ou petite, elle le changera\u2009!<br \/>\n<\/span><span style=\"color: #c00000; font-family: Arial;\">Le monde en a besoin et vous m\u00e9ritez cela.<br \/>\n<\/span><\/p>\n<p style=\"margin-left: 28pt;\"><span style=\"color: #c00000; font-family: Arial;\">Trouvez votre fr\u00e8re, trouvez votre petite s\u0153ur et quand vous les rencontrerez dites-leur bonjour de ma part, nous sommes amis\u2009!<br \/>\n<\/span><span style=\"color: #c00000; font-family: Arial;\">Portez-vous bien.&nbsp;\u00bb<br \/>\n<\/span><\/p>\n<p><span style=\"color: #777777; font-family: Arial;\">J&rsquo;entends, pendant que j&rsquo;\u00e9cris, certains d&rsquo;entre vous s&rsquo;\u00e9crier mais enfin c&rsquo;est un discours absolument d\u00e9magogique. C&rsquo;est le patron de Danone, s&rsquo;il croit ce qu&rsquo;il dit, il ne peut rester \u00e0 la t\u00eate d&rsquo;une multinationale qui doit contenter ses actionnaires cupides et avides.<br \/>\n<\/span><\/p>\n<p><span style=\"color: #777777; font-family: Arial;\">Je ne crois pas. Je pense qu&rsquo;il a compris quelque chose de fondamental&nbsp;: Le creusement des in\u00e9galit\u00e9s dans le monde est une voie sans issue qui se retournera t\u00f4t ou tard contre ceux qui accaparent les richesses. \u00ab&nbsp;<strong>Sans justice sociale, il n&rsquo;y aura plus d&rsquo;\u00e9conomie&nbsp;\u00bb, <\/strong>cette phrase n&rsquo;est pas une r\u00e9flexion dogmatique ou une croyance gauchisante, mais l&rsquo;aboutissement d&rsquo;une r\u00e9flexion rationnelle<strong>.<br \/>\n<\/strong><\/span><\/p>\n<p><span style=\"color: #777777; font-family: Arial;\">Je ne le crois pas non plus parce qu&rsquo;Emmanuel Faber est un esprit particulier que vous pourrez d\u00e9couvrir dans cet article de <a href=\"https:\/\/www.la-croix.com\/Actualite\/Economie-Entreprises\/Economie\/Emmanuel-Faber-un-manager-sur-une-ligne-de-crete-_EP_-2011-11-04-732303\"><span style=\"color: #0000ff;\">\u00abLa Croix&nbsp;<\/span><\/a><span style=\"color: #0000ff;\">\u00bb.<\/span><br \/>\n<\/span><\/p>\n<p style=\"margin-left: 28pt;\"><span style=\"color: #c00000; font-family: Arial;\">La d\u00e9couverte de la pens\u00e9e ph\u00e9nom\u00e9nologique, notamment gr\u00e2ce \u00e0 un essai de George Steiner sur Martin Heidegger, lui fait entrevoir la possibilit\u00e9 d&rsquo;un <em>\u00ab&nbsp;passage&nbsp;\u00bb<\/em> vers <em>\u00ab&nbsp;l&rsquo;humanit\u00e9 du r\u00e9el&nbsp;\u00bb<\/em> en quittant <em>\u00ab&nbsp;la prison rassurante de la rationalit\u00e9 toute puissante&nbsp;\u00bb<\/em>. Il parviendra progressivement \u00e0 <em>\u00ab&nbsp;faire une place \u00e0 cette \u00e9chapp\u00e9e&nbsp;\u00bb<\/em> dans sa vie professionnelle en rejoignant Danone. Ironie de l&rsquo;histoire, c&rsquo;est un peu pour sa <em>\u00ab&nbsp;part d&rsquo;ombre&nbsp;\u00bb<\/em>, c&rsquo;est-\u00e0-dire sa duret\u00e9 en affaires, en tout cas sa r\u00e9putation de redoutable n\u00e9gociateur, que le groupe fait appel \u00e0 lui en 1997 comme directeur financier. Mais, en m\u00eame temps, il pressent que, dans cette maison un peu diff\u00e9rente des autres, il va pouvoir <em>\u00ab&nbsp;essayer des trucs&nbsp;\u00bb<\/em>, exp\u00e9rimenter d&rsquo;autres <em>\u00ab&nbsp;r\u00e9glages&nbsp;\u00bb<\/em> du fonctionnement des entreprises.<br \/>\n<\/span><\/p>\n<p style=\"margin-left: 28pt;\"><span style=\"color: #c00000; font-family: Arial;\">D\u00e8s 1972, dans un discours rest\u00e9 c\u00e9l\u00e8bre, le b\u00e2tisseur du groupe Danone, Antoine Riboud, affirmait qu&rsquo;il n&rsquo;y a pas de richesse \u00e9conomique sans d\u00e9veloppement humain. Fid\u00e8les \u00e0 cet h\u00e9ritage, son fils Franck (qui lui a succ\u00e9d\u00e9 comme PDG), Emmanuel Faber et les \u00e9quipes de Danone vont mettre au point plusieurs outils, d\u00e9velopper des formes diff\u00e9rentes d&rsquo;activit\u00e9 \u00e9conomique. La plus c\u00e9l\u00e8bre est la filiale commune cr\u00e9\u00e9e au Bangladesh avec la Grameen Bank de Muhammad Yunus, l&rsquo;inventeur du microcr\u00e9dit. Cette usine prototype produit des yaourts hautement nutritifs \u00e0 tr\u00e8s bas prix. Le lait est fourni par des \u00e9leveurs locaux, les produits sont commercialis\u00e9s par des colporteuses travaillant \u00e0 leur compte.<br \/>\n<\/span><\/p>\n<p style=\"margin-left: 28pt;\"><span style=\"color: #c00000; font-family: Arial;\">Emmanuel Faber le dit clairement&nbsp;: la rencontre avec le prix Nobel de la paix 2006 a \u00e9t\u00e9 d\u00e9cisive&nbsp;: <em>\u00ab&nbsp;Yunus nous a donn\u00e9 confiance. Il a \u00e9t\u00e9 le d\u00e9clic qui nous a fait dire&nbsp;: on va dans cette direction.&nbsp;\u00bb<\/em> D&rsquo;autres projets de cette nature, relevant de l&rsquo;entrepreneuriat social, ont \u00e9t\u00e9 lanc\u00e9s depuis, en partie financ\u00e9s par une sicav solidaire d\u00e9nomm\u00e9e \u00ab\u2009danone.communities\u2009\u00bb, auquel le groupe a souscrit ainsi qu&rsquo;un tiers de ses salari\u00e9s fran\u00e7ais. En 2009, les actionnaires ont aussi accept\u00e9 de pr\u00e9lever 100&nbsp;millions d&rsquo;euros sur les b\u00e9n\u00e9fices afin de cr\u00e9er un fonds soutenant \u00ab&nbsp;l&rsquo;\u00e9cosyst\u00e8me&nbsp;\u00bb de Danone, c&rsquo;est-\u00e0-dire les petites entreprises qui fournissent le groupe. Ce qui a permis, en deux ans, de consolider environ 15&nbsp;000 emplois dans le monde. Ainsi, selon l&rsquo;expression d&rsquo;Emmanuel Faber, se d\u00e9veloppe une \u00ab&nbsp;zone d\u00e9militaris\u00e9e&nbsp;\u00bb qui montre qu&rsquo;\u00ab&nbsp;un autre monde est possible&nbsp;\u00bb. Le manager ne craint pas de reprendre ce c\u00e9l\u00e8bre slogan, lui qui a particip\u00e9 au Forum social de Bel\u00e9m en 2009, tandis que Franck Riboud intervenait au Forum de Davos.<br \/>\n<\/span><\/p>\n<p><span style=\"color: #777777; font-family: Arial;\">Alors, il ne s&rsquo;agit pas d&rsquo;\u00eatre na\u00eff et de croire que nous sommes sur le bon chemin.<br \/>\n<\/span><\/p>\n<p><span style=\"color: #777777; font-family: Arial;\">Mais de se rassurer qu&rsquo;il y a, peut-\u00eatre de mani\u00e8re maladroite ou \u00e9tonnante, des prises de conscience que la cupidit\u00e9 et la seule comp\u00e9tition ne pourront que nous mener au d\u00e9sastre, qu&rsquo;il faut le plus vite possible songer \u00e0 la coop\u00e9ration et aux possibilit\u00e9s d&rsquo;aller vers plus de justice sociale.<br \/>\n<\/span><\/p>\n<p><span style=\"color: #777777; font-family: Arial;\"><span style=\"color: #800000;\">&lt;981&gt;<\/span><br \/>\n<\/span><\/p>\n<p><span style=\"color: #777777; font-family: Arial;\"><br \/>\n<\/span><\/p>\n","protected":false},"excerpt":{"rendered":"<p>\u00ab&nbsp;L\u2019enjeu de l\u2019\u00e9conomie, l\u2019enjeu de la globalisation, c\u2019est la justice sociale. Sans justice sociale, il n\u2019y aura plus d\u2019\u00e9conomie&nbsp;\u00bb Emmanuel Faber Discours pour la remise des dipl\u00f4mes \u00e0 HEC, juin 2016 Emmanuel Faber est devenu, le 1er d\u00e9cembre 2017, le<\/p>\n","protected":false},"author":1,"featured_media":0,"comment_status":"open","ping_status":"closed","sticky":false,"template":"","format":"standard","meta":{"footnotes":""},"categories":[1],"tags":[10,38,6],"class_list":["post-3637","post","type-post","status-publish","format-standard","hentry","category-motdujour","tag-economie","tag-education","tag-philosophie"],"_links":{"self":[{"href":"https:\/\/lemotdujour.fr\/index.php?rest_route=\/wp\/v2\/posts\/3637","targetHints":{"allow":["GET"]}}],"collection":[{"href":"https:\/\/lemotdujour.fr\/index.php?rest_route=\/wp\/v2\/posts"}],"about":[{"href":"https:\/\/lemotdujour.fr\/index.php?rest_route=\/wp\/v2\/types\/post"}],"author":[{"embeddable":true,"href":"https:\/\/lemotdujour.fr\/index.php?rest_route=\/wp\/v2\/users\/1"}],"replies":[{"embeddable":true,"href":"https:\/\/lemotdujour.fr\/index.php?rest_route=%2Fwp%2Fv2%2Fcomments&post=3637"}],"version-history":[{"count":3,"href":"https:\/\/lemotdujour.fr\/index.php?rest_route=\/wp\/v2\/posts\/3637\/revisions"}],"predecessor-version":[{"id":12263,"href":"https:\/\/lemotdujour.fr\/index.php?rest_route=\/wp\/v2\/posts\/3637\/revisions\/12263"}],"wp:attachment":[{"href":"https:\/\/lemotdujour.fr\/index.php?rest_route=%2Fwp%2Fv2%2Fmedia&parent=3637"}],"wp:term":[{"taxonomy":"category","embeddable":true,"href":"https:\/\/lemotdujour.fr\/index.php?rest_route=%2Fwp%2Fv2%2Fcategories&post=3637"},{"taxonomy":"post_tag","embeddable":true,"href":"https:\/\/lemotdujour.fr\/index.php?rest_route=%2Fwp%2Fv2%2Ftags&post=3637"}],"curies":[{"name":"wp","href":"https:\/\/api.w.org\/{rel}","templated":true}]}}